{"id":43973,"date":"2026-04-28T15:28:22","date_gmt":"2026-04-28T18:28:22","guid":{"rendered":"https:\/\/minutobahia24h.com.br\/?p=43973"},"modified":"2026-04-28T15:28:24","modified_gmt":"2026-04-28T18:28:24","slug":"prefeitura-de-saude-abre-concurso-publico-com-inscricoes-ate-maio","status":"publish","type":"post","link":"https:\/\/minutobahia24h.com.br\/?p=43973","title":{"rendered":"Prefeitura de Sa\u00fade abre concurso p\u00fablico com inscri\u00e7\u00f5es at\u00e9 maio"},"content":{"rendered":"<div class=\"wp-block-image\">\n<figure class=\"aligncenter size-full\"><img data-recalc-dims=\"1\" fetchpriority=\"high\" decoding=\"async\" width=\"443\" height=\"462\" src=\"https:\/\/i0.wp.com\/minutobahia24h.com.br\/wp-content\/uploads\/2026\/04\/Sem-titulo-284.jpg?resize=443%2C462&#038;ssl=1\" alt=\"\" class=\"wp-image-43974\" srcset=\"https:\/\/i0.wp.com\/minutobahia24h.com.br\/wp-content\/uploads\/2026\/04\/Sem-titulo-284.jpg?w=443&amp;ssl=1 443w, https:\/\/i0.wp.com\/minutobahia24h.com.br\/wp-content\/uploads\/2026\/04\/Sem-titulo-284.jpg?resize=288%2C300&amp;ssl=1 288w\" sizes=\"(max-width: 443px) 100vw, 443px\" \/><\/figure>\n<\/div>\n\n\n<p>A Prefeitura de Sa\u00fade publicou o Edital n\u00ba 001\/2026 que estabelece a abertura de concurso p\u00fablico para o preenchimento de cargos efetivos no munic\u00edpio. A sele\u00e7\u00e3o ser\u00e1 realizada conforme as normas previstas no edital e na legisla\u00e7\u00e3o vigente.<\/p>\n\n\n\n<p>De acordo com o documento, as inscri\u00e7\u00f5es j\u00e1 est\u00e3o abertas e seguem at\u00e9 o dia 17 de maio de 2026, exclusivamente pela internet, atrav\u00e9s do&nbsp;<a href=\"https:\/\/inet.selecao.net.br\/\">site oficial da banca organizadora<\/a>. O prazo para pagamento da taxa de inscri\u00e7\u00e3o vai at\u00e9 o dia 18 de maio.<\/p>\n\n\n\n<p>O valor da inscri\u00e7\u00e3o \u00e9 de R$ 110,00 para todos os cargos.<\/p>\n\n\n\n<p><strong>Isen\u00e7\u00e3o da taxa<\/strong><\/p>\n\n\n\n<p>Poder\u00e3o solicitar isen\u00e7\u00e3o do pagamento candidatos inscritos no Cadastro \u00danico para Programas Sociais do Governo Federal (Cad\u00danico), desde que sejam membros de fam\u00edlia de baixa renda. Para isso, \u00e9 necess\u00e1rio informar o N\u00famero de Identifica\u00e7\u00e3o Social (NIS) no momento da inscri\u00e7\u00e3o.<\/p>\n\n\n\n<p><strong>Vagas e cargos<\/strong><\/p>\n\n\n\n<p>O concurso tem como objetivo o preenchimento de vagas no quadro efetivo da Prefeitura, al\u00e9m da forma\u00e7\u00e3o de cadastro reserva. Os detalhes sobre cargos, sal\u00e1rios, carga hor\u00e1ria e requisitos est\u00e3o dispon\u00edveis no edital.<\/p>\n\n\n\n<p><strong>Provas<\/strong><\/p>\n\n\n\n<p>As provas objetivas est\u00e3o previstas para o dia 14 de junho de 2026, no pr\u00f3prio munic\u00edpio de Sa\u00fade-BA. A avalia\u00e7\u00e3o ter\u00e1 dura\u00e7\u00e3o de 3 horas, incluindo o tempo para preenchimento da folha de respostas.<\/p>\n\n\n\n<p>Os locais e hor\u00e1rios das provas ser\u00e3o divulgados posteriormente no site da organizadora.<\/p>\n\n\n\n<p><strong>Etapas do concurso<\/strong><\/p>\n\n\n\n<p>O processo seletivo ser\u00e1 composto por:<\/p>\n\n\n\n<p>\u2022 Prova objetiva (eliminat\u00f3ria e classificat\u00f3ria);&nbsp;<\/p>\n\n\n\n<p>\u2022 Teste de aptid\u00e3o f\u00edsica, exclusivo para o cargo de Guarda Municipal.&nbsp;<\/p>\n\n\n\n<p><strong>Resultado e convoca\u00e7\u00e3o<\/strong><\/p>\n\n\n\n<p>Ser\u00e3o considerados classificados os candidatos que atingirem a pontua\u00e7\u00e3o m\u00ednima exigida no edital. Ap\u00f3s a homologa\u00e7\u00e3o do resultado final, a convoca\u00e7\u00e3o ser\u00e1 feita conforme a necessidade da administra\u00e7\u00e3o municipal, respeitando a ordem de classifica\u00e7\u00e3o.<\/p>\n\n\n\n<p>As convoca\u00e7\u00f5es ser\u00e3o divulgadas no Di\u00e1rio Oficial e no site da Prefeitura de Sa\u00fade-BA.<\/p>\n\n\n\n<p>Blog Netto Maravilha<\/p>\n","protected":false},"excerpt":{"rendered":"<p>A Prefeitura de Sa\u00fade publicou o Edital n\u00ba 001\/2026 que estabelece a abertura de concurso p\u00fablico para o preenchimento de cargos efetivos no munic\u00edpio. A sele\u00e7\u00e3o ser\u00e1 realizada conforme as normas previstas no edital e na legisla\u00e7\u00e3o vigente. De acordo com o documento, as inscri\u00e7\u00f5es j\u00e1 est\u00e3o abertas e seguem at\u00e9 o dia 17 de [&hellip;]<\/p>\n","protected":false},"author":2,"featured_media":43974,"comment_status":"open","ping_status":"open","sticky":false,"template":"","format":"standard","meta":{"_jetpack_memberships_contains_paid_content":false,"footnotes":""},"categories":[3],"tags":[],"class_list":["post-43973","post","type-post","status-publish","format-standard","has-post-thumbnail","hentry","category-regional"],"aioseo_notices":[],"jetpack_featured_media_url":"https:\/\/i0.wp.com\/minutobahia24h.com.br\/wp-content\/uploads\/2026\/04\/Sem-titulo-284.jpg?fit=443%2C462&ssl=1","jetpack_sharing_enabled":true,"_links":{"self":[{"href":"https:\/\/minutobahia24h.com.br\/index.php?rest_route=\/wp\/v2\/posts\/43973","targetHints":{"allow":["GET"]}}],"collection":[{"href":"https:\/\/minutobahia24h.com.br\/index.php?rest_route=\/wp\/v2\/posts"}],"about":[{"href":"https:\/\/minutobahia24h.com.br\/index.php?rest_route=\/wp\/v2\/types\/post"}],"author":[{"embeddable":true,"href":"https:\/\/minutobahia24h.com.br\/index.php?rest_route=\/wp\/v2\/users\/2"}],"replies":[{"embeddable":true,"href":"https:\/\/minutobahia24h.com.br\/index.php?rest_route=%2Fwp%2Fv2%2Fcomments&post=43973"}],"version-history":[{"count":1,"href":"https:\/\/minutobahia24h.com.br\/index.php?rest_route=\/wp\/v2\/posts\/43973\/revisions"}],"predecessor-version":[{"id":43975,"href":"https:\/\/minutobahia24h.com.br\/index.php?rest_route=\/wp\/v2\/posts\/43973\/revisions\/43975"}],"wp:featuredmedia":[{"embeddable":true,"href":"https:\/\/minutobahia24h.com.br\/index.php?rest_route=\/wp\/v2\/media\/43974"}],"wp:attachment":[{"href":"https:\/\/minutobahia24h.com.br\/index.php?rest_route=%2Fwp%2Fv2%2Fmedia&parent=43973"}],"wp:term":[{"taxonomy":"category","embeddable":true,"href":"https:\/\/minutobahia24h.com.br\/index.php?rest_route=%2Fwp%2Fv2%2Fcategories&post=43973"},{"taxonomy":"post_tag","embeddable":true,"href":"https:\/\/minutobahia24h.com.br\/index.php?rest_route=%2Fwp%2Fv2%2Ftags&post=43973"}],"curies":[{"name":"wp","href":"https:\/\/api.w.org\/{rel}","templated":true}]}}