{"id":43967,"date":"2026-04-28T15:25:58","date_gmt":"2026-04-28T18:25:58","guid":{"rendered":"https:\/\/minutobahia24h.com.br\/?p=43967"},"modified":"2026-04-28T15:26:00","modified_gmt":"2026-04-28T18:26:00","slug":"ataque-de-caes-provoca-prejuizo-a-criador-de-aves-exoticas-em-queimadas","status":"publish","type":"post","link":"https:\/\/minutobahia24h.com.br\/?p=43967","title":{"rendered":"Ataque de c\u00e3es provoca preju\u00edzo a criador de aves ex\u00f3ticas em Queimadas"},"content":{"rendered":"\n<figure class=\"wp-block-image size-full\"><img data-recalc-dims=\"1\" fetchpriority=\"high\" decoding=\"async\" width=\"700\" height=\"570\" src=\"https:\/\/i0.wp.com\/minutobahia24h.com.br\/wp-content\/uploads\/2026\/04\/Sem-titulo-282.jpg?resize=700%2C570&#038;ssl=1\" alt=\"\" class=\"wp-image-43968\" srcset=\"https:\/\/i0.wp.com\/minutobahia24h.com.br\/wp-content\/uploads\/2026\/04\/Sem-titulo-282.jpg?w=700&amp;ssl=1 700w, https:\/\/i0.wp.com\/minutobahia24h.com.br\/wp-content\/uploads\/2026\/04\/Sem-titulo-282.jpg?resize=300%2C244&amp;ssl=1 300w\" sizes=\"(max-width: 700px) 100vw, 700px\" \/><\/figure>\n\n\n\n<p>Mais um ataque de c\u00e3es voltou a causar preju\u00edzos a criadores no territ\u00f3rio do sisal, desta vez no munic\u00edpio de Queimadas. O caso envolve a morte de aves ex\u00f3ticas, como patos e marrecos, pertencentes ao criador Valdomiro Barbosa.<\/p>\n\n\n\n<p>Segundo relato do criador, o ataque ocorreu no \u00faltimo dia 18, quando os animais foram encontrados mortos dentro do criat\u00f3rio. \u201cAo adentrar no criat\u00f3rio, percebi que a tela tinha sido rasgada. Foram mais de 15 animais mortos, de ra\u00e7a. S\u00e3o animais que a gente vende. Os c\u00e3es n\u00e3o comeram, apenas mataram\u201d, disse.<\/p>\n\n\n\n<p>Na regi\u00e3o sisaleira, epis\u00f3dios envolvendo ataques de c\u00e3es a rebanhos t\u00eam sido registrados com frequ\u00eancia, principalmente contra cria\u00e7\u00f5es de ovinos. No entanto, desta vez, as v\u00edtimas foram aves consideradas ex\u00f3ticas, o que amplia o alerta entre pequenos produtores rurais que investem em diferentes tipos de cria\u00e7\u00e3o para garantir renda.<\/p>\n\n\n\n<p>Diante do preju\u00edzo, Valdomiro informou que pretende sugerir a cria\u00e7\u00e3o de um Projeto de Lei que trate da responsabilidade do poder p\u00fablico nesses casos. A proposta, segundo ele, visa estabelecer crit\u00e9rios para que o Munic\u00edpio responda por danos materiais provocados por c\u00e3es em situa\u00e7\u00e3o de rua, especialmente quando n\u00e3o for poss\u00edvel identificar os propriet\u00e1rios dos animais.<\/p>\n\n\n\n<p>De acordo com o texto sugerido, a responsabiliza\u00e7\u00e3o civil poder\u00e1 ocorrer em situa\u00e7\u00f5es onde houver omiss\u00e3o na ado\u00e7\u00e3o de medidas preventivas e comprova\u00e7\u00e3o do dano. Entre os pontos previstos, est\u00e1 a obrigatoriedade de implanta\u00e7\u00e3o de programas cont\u00ednuos de castra\u00e7\u00e3o.<\/p>\n\n\n\n<p>\u201cA aus\u00eancia de pol\u00edticas eficazes pode gerar danos \u00e0 coletividade, especialmente a pequenos produtores rurais. Este projeto n\u00e3o transforma o Munic\u00edpio em respons\u00e1vel autom\u00e1tico por todos os eventos, mas estabelece crit\u00e9rios para responsabiliza\u00e7\u00e3o quando houver falha na presta\u00e7\u00e3o do servi\u00e7o p\u00fablico\u201d, justifica.<\/p>\n\n\n\n<p>Para se tornar lei, a proposta ainda precisa ser apresentada \u00e0 C\u00e2mara de Vereadores, passar pelas comiss\u00f5es e ser votada em plen\u00e1rio. Caso aprovada, seguir\u00e1 para san\u00e7\u00e3o ou veto do prefeito.<\/p>\n\n\n\n<p>O que sugere o produtor j\u00e1 existe numa parceria Governo do Estado e munic\u00edpios com um castram\u00f3vel, por\u00e9m, paralelo a isso, constatemente surgem novos epis\u00f3dios de ataques.<\/p>\n\n\n\n<p>Reda\u00e7\u00e3o CN | Regi\u00e3o em Pauta<\/p>\n","protected":false},"excerpt":{"rendered":"<p>Mais um ataque de c\u00e3es voltou a causar preju\u00edzos a criadores no territ\u00f3rio do sisal, desta vez no munic\u00edpio de Queimadas. O caso envolve a morte de aves ex\u00f3ticas, como patos e marrecos, pertencentes ao criador Valdomiro Barbosa. Segundo relato do criador, o ataque ocorreu no \u00faltimo dia 18, quando os animais foram encontrados mortos [&hellip;]<\/p>\n","protected":false},"author":2,"featured_media":43968,"comment_status":"open","ping_status":"open","sticky":false,"template":"","format":"standard","meta":{"_jetpack_memberships_contains_paid_content":false,"footnotes":""},"categories":[3],"tags":[],"class_list":["post-43967","post","type-post","status-publish","format-standard","has-post-thumbnail","hentry","category-regional"],"aioseo_notices":[],"jetpack_featured_media_url":"https:\/\/i0.wp.com\/minutobahia24h.com.br\/wp-content\/uploads\/2026\/04\/Sem-titulo-282.jpg?fit=700%2C570&ssl=1","jetpack_sharing_enabled":true,"_links":{"self":[{"href":"https:\/\/minutobahia24h.com.br\/index.php?rest_route=\/wp\/v2\/posts\/43967","targetHints":{"allow":["GET"]}}],"collection":[{"href":"https:\/\/minutobahia24h.com.br\/index.php?rest_route=\/wp\/v2\/posts"}],"about":[{"href":"https:\/\/minutobahia24h.com.br\/index.php?rest_route=\/wp\/v2\/types\/post"}],"author":[{"embeddable":true,"href":"https:\/\/minutobahia24h.com.br\/index.php?rest_route=\/wp\/v2\/users\/2"}],"replies":[{"embeddable":true,"href":"https:\/\/minutobahia24h.com.br\/index.php?rest_route=%2Fwp%2Fv2%2Fcomments&post=43967"}],"version-history":[{"count":1,"href":"https:\/\/minutobahia24h.com.br\/index.php?rest_route=\/wp\/v2\/posts\/43967\/revisions"}],"predecessor-version":[{"id":43969,"href":"https:\/\/minutobahia24h.com.br\/index.php?rest_route=\/wp\/v2\/posts\/43967\/revisions\/43969"}],"wp:featuredmedia":[{"embeddable":true,"href":"https:\/\/minutobahia24h.com.br\/index.php?rest_route=\/wp\/v2\/media\/43968"}],"wp:attachment":[{"href":"https:\/\/minutobahia24h.com.br\/index.php?rest_route=%2Fwp%2Fv2%2Fmedia&parent=43967"}],"wp:term":[{"taxonomy":"category","embeddable":true,"href":"https:\/\/minutobahia24h.com.br\/index.php?rest_route=%2Fwp%2Fv2%2Fcategories&post=43967"},{"taxonomy":"post_tag","embeddable":true,"href":"https:\/\/minutobahia24h.com.br\/index.php?rest_route=%2Fwp%2Fv2%2Ftags&post=43967"}],"curies":[{"name":"wp","href":"https:\/\/api.w.org\/{rel}","templated":true}]}}