{"id":43942,"date":"2026-04-28T08:53:58","date_gmt":"2026-04-28T11:53:58","guid":{"rendered":"https:\/\/minutobahia24h.com.br\/?p=43942"},"modified":"2026-04-28T08:53:58","modified_gmt":"2026-04-28T11:53:58","slug":"tentativa-de-assalto-termina-em-morte-no-forum-eleitoral-de-camacari","status":"publish","type":"post","link":"https:\/\/minutobahia24h.com.br\/?p=43942","title":{"rendered":"Tentativa de assalto termina em morte no F\u00f3rum Eleitoral de Cama\u00e7ari"},"content":{"rendered":"<div class=\"wp-block-image\">\n<figure class=\"aligncenter size-large\"><img data-recalc-dims=\"1\" fetchpriority=\"high\" decoding=\"async\" width=\"800\" height=\"533\" src=\"https:\/\/i0.wp.com\/minutobahia24h.com.br\/wp-content\/uploads\/2026\/04\/Sem-titulo-276-1024x682.jpg?resize=800%2C533&#038;ssl=1\" alt=\"\" class=\"wp-image-43943\" srcset=\"https:\/\/i0.wp.com\/minutobahia24h.com.br\/wp-content\/uploads\/2026\/04\/Sem-titulo-276.jpg?resize=1024%2C682&amp;ssl=1 1024w, https:\/\/i0.wp.com\/minutobahia24h.com.br\/wp-content\/uploads\/2026\/04\/Sem-titulo-276.jpg?resize=300%2C200&amp;ssl=1 300w, https:\/\/i0.wp.com\/minutobahia24h.com.br\/wp-content\/uploads\/2026\/04\/Sem-titulo-276.jpg?resize=768%2C512&amp;ssl=1 768w, https:\/\/i0.wp.com\/minutobahia24h.com.br\/wp-content\/uploads\/2026\/04\/Sem-titulo-276.jpg?resize=750%2C500&amp;ssl=1 750w, https:\/\/i0.wp.com\/minutobahia24h.com.br\/wp-content\/uploads\/2026\/04\/Sem-titulo-276.jpg?resize=1140%2C759&amp;ssl=1 1140w, https:\/\/i0.wp.com\/minutobahia24h.com.br\/wp-content\/uploads\/2026\/04\/Sem-titulo-276.jpg?w=1536&amp;ssl=1 1536w\" sizes=\"(max-width: 800px) 100vw, 800px\" \/><figcaption class=\"wp-element-caption\">Foto: Reprodu\u00e7\u00e3o\/Redes sociais<br><\/figcaption><\/figure>\n<\/div>\n\n\n<p>Uma tentativa de assalto ao vigilante do F\u00f3rum Eleitoral de Cama\u00e7ari, na Regi\u00e3o Metropolitana de Salvador, resultou na morte de um homem na tarde desta segunda-feira (27). Alexandro dos Santos, de 36 anos, foi baleado ap\u00f3s esfaquear e tentar roubar a arma de fogo do profissional de seguran\u00e7a.<\/p>\n\n\n\n<p>De acordo com informa\u00e7\u00f5es confirmadas pelo Tribunal Regional Eleitoral da Bahia (TRE-BA) e pela Pol\u00edcia Civil, Alexandro havia acabado de realizar o servi\u00e7o de regulariza\u00e7\u00e3o eleitoral. Ap\u00f3s o atendimento, ele partiu para cima de um agente de seguran\u00e7a terceirizado utilizando uma faca.<\/p>\n\n\n\n<p>Durante a luta corporal, o suspeito tentou desarmar o vigilante. Para conter a agress\u00e3o e diante do risco iminente, o profissional reagiu e efetuou disparos contra o homem, que n\u00e3o resistiu aos ferimentos e morreu no local. O Servi\u00e7o de Atendimento M\u00f3vel de Urg\u00eancia (Samu) foi acionado e prestou socorro ao vigilante ferido, que n\u00e3o corre risco de morte.<\/p>\n\n\n\n<p>A Pol\u00edcia Militar isolou o per\u00edmetro imediatamente ap\u00f3s o ocorrido. Por se tratar de um pr\u00e9dio vinculado \u00e0 Justi\u00e7a Federal, a Pol\u00edcia Federal (PF) foi acionada para realizar a per\u00edcia t\u00e9cnica e assumir as investiga\u00e7\u00f5es sobre as circunst\u00e2ncias do caso.<\/p>\n\n\n\n<p>Em nota oficial, o TRE-BA informou que a Secretaria de Gest\u00e3o de Pessoas j\u00e1 iniciou o acolhimento psicol\u00f3gico dos servidores e colaboradores que presenciaram o epis\u00f3dio. O \u00f3rg\u00e3o tamb\u00e9m reiterou que o vigilante ferido est\u00e1 recebendo assist\u00eancia integral.<\/p>\n\n\n\n<p>Apesar do ocorrido, o tribunal confirmou que o atendimento ao p\u00fablico nos cart\u00f3rios eleitorais de Cama\u00e7ari permanece mantido no hor\u00e1rio regular, das 8h \u00e0s 14h, de segunda a sexta-feira.<\/p>\n\n\n\n<p>bahia.ba<\/p>\n","protected":false},"excerpt":{"rendered":"<p>Uma tentativa de assalto ao vigilante do F\u00f3rum Eleitoral de Cama\u00e7ari, na Regi\u00e3o Metropolitana de Salvador, resultou na morte de um homem na tarde desta segunda-feira (27). Alexandro dos Santos, de 36 anos, foi baleado ap\u00f3s esfaquear e tentar roubar a arma de fogo do profissional de seguran\u00e7a. De acordo com informa\u00e7\u00f5es confirmadas pelo Tribunal [&hellip;]<\/p>\n","protected":false},"author":2,"featured_media":43943,"comment_status":"open","ping_status":"open","sticky":false,"template":"","format":"standard","meta":{"_jetpack_memberships_contains_paid_content":false,"footnotes":""},"categories":[3],"tags":[],"class_list":["post-43942","post","type-post","status-publish","format-standard","has-post-thumbnail","hentry","category-regional"],"aioseo_notices":[],"jetpack_featured_media_url":"https:\/\/i0.wp.com\/minutobahia24h.com.br\/wp-content\/uploads\/2026\/04\/Sem-titulo-276.jpg?fit=1536%2C1023&ssl=1","jetpack_sharing_enabled":true,"_links":{"self":[{"href":"https:\/\/minutobahia24h.com.br\/index.php?rest_route=\/wp\/v2\/posts\/43942","targetHints":{"allow":["GET"]}}],"collection":[{"href":"https:\/\/minutobahia24h.com.br\/index.php?rest_route=\/wp\/v2\/posts"}],"about":[{"href":"https:\/\/minutobahia24h.com.br\/index.php?rest_route=\/wp\/v2\/types\/post"}],"author":[{"embeddable":true,"href":"https:\/\/minutobahia24h.com.br\/index.php?rest_route=\/wp\/v2\/users\/2"}],"replies":[{"embeddable":true,"href":"https:\/\/minutobahia24h.com.br\/index.php?rest_route=%2Fwp%2Fv2%2Fcomments&post=43942"}],"version-history":[{"count":1,"href":"https:\/\/minutobahia24h.com.br\/index.php?rest_route=\/wp\/v2\/posts\/43942\/revisions"}],"predecessor-version":[{"id":43944,"href":"https:\/\/minutobahia24h.com.br\/index.php?rest_route=\/wp\/v2\/posts\/43942\/revisions\/43944"}],"wp:featuredmedia":[{"embeddable":true,"href":"https:\/\/minutobahia24h.com.br\/index.php?rest_route=\/wp\/v2\/media\/43943"}],"wp:attachment":[{"href":"https:\/\/minutobahia24h.com.br\/index.php?rest_route=%2Fwp%2Fv2%2Fmedia&parent=43942"}],"wp:term":[{"taxonomy":"category","embeddable":true,"href":"https:\/\/minutobahia24h.com.br\/index.php?rest_route=%2Fwp%2Fv2%2Fcategories&post=43942"},{"taxonomy":"post_tag","embeddable":true,"href":"https:\/\/minutobahia24h.com.br\/index.php?rest_route=%2Fwp%2Fv2%2Ftags&post=43942"}],"curies":[{"name":"wp","href":"https:\/\/api.w.org\/{rel}","templated":true}]}}