{"id":43924,"date":"2026-04-28T08:04:49","date_gmt":"2026-04-28T11:04:49","guid":{"rendered":"https:\/\/minutobahia24h.com.br\/?p=43924"},"modified":"2026-04-28T08:04:51","modified_gmt":"2026-04-28T11:04:51","slug":"raio-x-do-tce-ba-com-mudanca-de-regra-pelo-stf-proximo-governador-da-bahia-nao-deve-indicar-conselheiro","status":"publish","type":"post","link":"https:\/\/minutobahia24h.com.br\/?p=43924","title":{"rendered":"Raio-X do TCE-BA: Com mudan\u00e7a de regra pelo STF, pr\u00f3ximo governador da Bahia n\u00e3o deve indicar conselheiro"},"content":{"rendered":"<div class=\"wp-block-image\">\n<figure class=\"aligncenter size-large\"><img data-recalc-dims=\"1\" fetchpriority=\"high\" decoding=\"async\" width=\"800\" height=\"420\" src=\"https:\/\/i0.wp.com\/minutobahia24h.com.br\/wp-content\/uploads\/2026\/04\/Sem-titulo-271-1024x538.jpg?resize=800%2C420&#038;ssl=1\" alt=\"\" class=\"wp-image-43925\" srcset=\"https:\/\/i0.wp.com\/minutobahia24h.com.br\/wp-content\/uploads\/2026\/04\/Sem-titulo-271.jpg?resize=1024%2C538&amp;ssl=1 1024w, https:\/\/i0.wp.com\/minutobahia24h.com.br\/wp-content\/uploads\/2026\/04\/Sem-titulo-271.jpg?resize=300%2C158&amp;ssl=1 300w, https:\/\/i0.wp.com\/minutobahia24h.com.br\/wp-content\/uploads\/2026\/04\/Sem-titulo-271.jpg?resize=768%2C403&amp;ssl=1 768w, https:\/\/i0.wp.com\/minutobahia24h.com.br\/wp-content\/uploads\/2026\/04\/Sem-titulo-271.jpg?resize=750%2C394&amp;ssl=1 750w, https:\/\/i0.wp.com\/minutobahia24h.com.br\/wp-content\/uploads\/2026\/04\/Sem-titulo-271.jpg?resize=1140%2C599&amp;ssl=1 1140w, https:\/\/i0.wp.com\/minutobahia24h.com.br\/wp-content\/uploads\/2026\/04\/Sem-titulo-271.jpg?w=1200&amp;ssl=1 1200w\" sizes=\"(max-width: 800px) 100vw, 800px\" \/><figcaption class=\"wp-element-caption\">Foto: Divulga\u00e7\u00e3o \/ TCE-BA<br><\/figcaption><\/figure>\n<\/div>\n\n\n<p>A composi\u00e7\u00e3o atual do\u00a0<a href=\"https:\/\/www.bahianoticias.com.br\/tags\/tce\">Tribunal de Contas do Estado da Bahia (TCE-BA)<\/a>, formada por sete conselheiros, projeta a abertura gradual de vagas nos pr\u00f3ximos anos em raz\u00e3o da aposentadoria compuls\u00f3ria aos 75 anos. O cen\u00e1rio ganha relev\u00e2ncia institucional ap\u00f3s decis\u00e3o do Supremo Tribunal Federal (STF), que determinou que a pr\u00f3xima vac\u00e2ncia na Corte dever\u00e1 ser preenchida por\u00a0<a href=\"https:\/\/www.bahianoticias.com.br\/justica\/noticia\/74474-apos-nomeacoes-stf-decide-que-proxima-vaga-de-conselheiro-no-tce-ba-devera-ser-preenchida-por-auditor-concursado\">auditor concursado, alterando a din\u00e2mica recente de indica\u00e7\u00f5es<\/a>.<\/p>\n\n\n\n<p>Atualmente, o colegiado \u00e9 composto por Jo\u00e3o Bonfim (72 anos), Josias Gomes (69), Inaldo Paix\u00e3o (61), Marcus Presidio (58), Gild\u00e1sio Penedo Filho (50), Carolina Matos (49) e Otto Alencar Filho (48). A distribui\u00e7\u00e3o et\u00e1ria indica que as primeiras vagas tendem a surgir no curto e m\u00e9dio prazo, a partir dos conselheiros mais pr\u00f3ximos do limite constitucional.<\/p>\n\n\n\n<p>Consultando as idadades, nota-se que\u00a0Jo\u00e3o Bonfim \u00e9 o integrante mais pr\u00f3ximo da aposentadoria compuls\u00f3ria, seguido por Josias Gomes. Os demais conselheiros apresentam um intervalo maior at\u00e9 o limite de 75 anos, o que aponta para uma renova\u00e7\u00e3o escalonada da Corte ao longo do tempo.<\/p>\n\n\n\n<p>Esse calend\u00e1rio potencial de vac\u00e2ncias tem impacto direto sobre o pr\u00f3ximo ciclo pol\u00edtico estadual. Considerando o mandato do pr\u00f3ximo governador da Bahia, previsto para o per\u00edodo entre janeiro de 2027 e dezembro de 2030, a tend\u00eancia, a partir das idades atuais, \u00e9 de que apenas uma vaga seja aberta durante esse intervalo.<\/p>\n\n\n\n<p>A din\u00e2mica de renova\u00e7\u00e3o do colegiado passa agora a incorporar um novo elemento ap\u00f3s decis\u00e3o un\u00e2nime do STF, que fixou que a pr\u00f3xima vaga aberta no TCE-BA dever\u00e1 ser destinada a um auditor aprovado em concurso p\u00fablico, salvo se a cadeira for legalmente reservada a um membro do Minist\u00e9rio P\u00fablico de Contas.<\/p>\n\n\n\n<p>O entendimento foi firmado no julgamento de a\u00e7\u00e3o ajuizada pela Associa\u00e7\u00e3o Nacional dos Ministros e Conselheiros Substitutos dos Tribunais de Contas (Audicon), que apontava a aus\u00eancia hist\u00f3rica da cria\u00e7\u00e3o do cargo de auditor na Bahia.<\/p>\n\n\n\n<p>Durante a tramita\u00e7\u00e3o do processo, a Assembleia Legislativa aprovou, em novembro de 2025, a Lei n\u00ba 15.029, que instituiu o cargo de auditor no \u00e2mbito do tribunal. Apesar disso, o STF considerou que a cria\u00e7\u00e3o formal n\u00e3o era suficiente para corrigir a composi\u00e7\u00e3o da Corte, j\u00e1 que n\u00e3o havia, na pr\u00e1tica, auditores ocupando cadeiras.<\/p>\n\n\n\n<p>No voto reajustado, o ministro Dias Toffoli destacou que a omiss\u00e3o perdurou por mais de tr\u00eas d\u00e9cadas e que a decis\u00e3o busca adequar o modelo \u00e0 Constitui\u00e7\u00e3o.<\/p>\n\n\n\n<p>O julgamento tamb\u00e9m considerou a vac\u00e2ncia aberta com a morte do\u00a0<a href=\"https:\/\/www.bahianoticias.com.br\/noticia\/311757-tj-ba-decide-que-indicacao-a-vaga-de-pedro-lino-no-tce-ba-segue-suspensa-ate-decisao-do-stf-e-bloqueia-votacao-de-josias-na-al-ba\">conselheiro Pedro Lino<\/a>. Em car\u00e1ter excepcional, o STF autorizou a nomea\u00e7\u00e3o por livre escolha do governador para aquela cadeira espec\u00edfica, evitando v\u00e1cuo na composi\u00e7\u00e3o do tribunal. Nesse contexto, o ex-deputado federal Josias Gomes (PT) tomou posse como conselheiro ap\u00f3s decis\u00e3o que restabeleceu a validade de sua indica\u00e7\u00e3o, em meio a disputa judicial envolvendo a vaga.<\/p>\n\n\n\n<p>Outra altera\u00e7\u00e3o recente na composi\u00e7\u00e3o da Corte ocorreu com a posse do ex-deputado federal\u00a0<a href=\"https:\/\/www.bahianoticias.com.br\/noticia\/311818-apos-aprovacao-na-al-ba-jeronimo-nomeia-otto-filho-conselheiro-do-tce-ba\">Otto Alencar Filho como conselheiro do TCE-BA<\/a>. Ele foi nomeado pelo governador da Bahia e teve seu nome aprovado pela Assembleia Legislativa antes da posse, em cerim\u00f4nia realizada no gabinete da Presid\u00eancia da Corte.<\/p>\n\n\n\n<p>Com a defini\u00e7\u00e3o do STF, a pr\u00f3xima vac\u00e2ncia dever\u00e1 obedecer \u00e0 nova regra e ser preenchida por auditor concursado, o que reduz, nesse primeiro momento, a margem de indica\u00e7\u00e3o pol\u00edtica direta pelo chefe do Executivo.<\/p>\n\n\n\n<p>O TCE<br>O TCE-BA \u00e9 \u00f3rg\u00e3o aut\u00f4nomo e independente que auxilia a Assembleia Legislativa da Bahia no exerc\u00edcio do controle externo dos Poderes Executivo, Legislativo e Judici\u00e1rio, al\u00e9m do Minist\u00e9rio P\u00fablico. Entre suas atribui\u00e7\u00f5es est\u00e3o a fiscaliza\u00e7\u00e3o da arrecada\u00e7\u00e3o e aplica\u00e7\u00e3o de recursos p\u00fablicos, o julgamento das contas de gestores estaduais e a emiss\u00e3o de parecer pr\u00e9vio sobre as contas do chefe do Executivo.<\/p>\n\n\n\n<p>O funcionamento se d\u00e1 por meio do Tribunal Pleno, composto pelos sete conselheiros, e de duas C\u00e2maras, cada uma integrada por tr\u00eas membros.\u00a0<\/p>\n\n\n\n<p>Os indicados para o cargo s\u00e3o sabatinados pelos deputados da Assembleia Legislativa correspondente e, em seguida, a nomea\u00e7\u00e3o \u00e9 colocada em vota\u00e7\u00e3o para os parlamentares estaduais, sendo preciso maioria absoluta de votos, no caso da Bahia, 32 votos dos 63.<\/p>\n\n\n\n<p>Um dos requisitos para compor o TCE-BA\u00a0\u00e9 a idade: apenas pessoas com mais de 35 e menos de 70\u00a0anos de idade podem participar. Lembrando que o cargo \u00e9 vital\u00edcio, com a aposentadoria compuls\u00f3ria ocorrendo aos 75 anos.<\/p>\n\n\n\n<p>Conforme a Constitui\u00e7\u00e3o Estadual, o\u00a0escolhido deve ter not\u00f3rios conhecimentos jur\u00eddicos, econ\u00f4micos, financeiros cont\u00e1beis ou de administra\u00e7\u00e3o p\u00fablica. Para a ocupa\u00e7\u00e3o do cargo, \u00e9 exigido tamb\u00e9m que o candidato dever\u00e1 possuir mais de dez anos de exerc\u00edcio de fun\u00e7\u00e3o ou de efetiva atividade profissional que exija conhecimentos mencionados nas diferentes \u00e1reas: jur\u00eddica, econ\u00f4mica, financeira e administra\u00e7\u00e3o p\u00fablica.<\/p>\n\n\n\n<p>BN<\/p>\n","protected":false},"excerpt":{"rendered":"<p>A composi\u00e7\u00e3o atual do\u00a0Tribunal de Contas do Estado da Bahia (TCE-BA), formada por sete conselheiros, projeta a abertura gradual de vagas nos pr\u00f3ximos anos em raz\u00e3o da aposentadoria compuls\u00f3ria aos 75 anos. O cen\u00e1rio ganha relev\u00e2ncia institucional ap\u00f3s decis\u00e3o do Supremo Tribunal Federal (STF), que determinou que a pr\u00f3xima vac\u00e2ncia na Corte dever\u00e1 ser preenchida [&hellip;]<\/p>\n","protected":false},"author":2,"featured_media":43925,"comment_status":"open","ping_status":"open","sticky":false,"template":"","format":"standard","meta":{"_jetpack_memberships_contains_paid_content":false,"footnotes":""},"categories":[46],"tags":[],"class_list":["post-43924","post","type-post","status-publish","format-standard","has-post-thumbnail","hentry","category-noticia"],"aioseo_notices":[],"jetpack_featured_media_url":"https:\/\/i0.wp.com\/minutobahia24h.com.br\/wp-content\/uploads\/2026\/04\/Sem-titulo-271.jpg?fit=1200%2C630&ssl=1","jetpack_sharing_enabled":true,"_links":{"self":[{"href":"https:\/\/minutobahia24h.com.br\/index.php?rest_route=\/wp\/v2\/posts\/43924","targetHints":{"allow":["GET"]}}],"collection":[{"href":"https:\/\/minutobahia24h.com.br\/index.php?rest_route=\/wp\/v2\/posts"}],"about":[{"href":"https:\/\/minutobahia24h.com.br\/index.php?rest_route=\/wp\/v2\/types\/post"}],"author":[{"embeddable":true,"href":"https:\/\/minutobahia24h.com.br\/index.php?rest_route=\/wp\/v2\/users\/2"}],"replies":[{"embeddable":true,"href":"https:\/\/minutobahia24h.com.br\/index.php?rest_route=%2Fwp%2Fv2%2Fcomments&post=43924"}],"version-history":[{"count":1,"href":"https:\/\/minutobahia24h.com.br\/index.php?rest_route=\/wp\/v2\/posts\/43924\/revisions"}],"predecessor-version":[{"id":43926,"href":"https:\/\/minutobahia24h.com.br\/index.php?rest_route=\/wp\/v2\/posts\/43924\/revisions\/43926"}],"wp:featuredmedia":[{"embeddable":true,"href":"https:\/\/minutobahia24h.com.br\/index.php?rest_route=\/wp\/v2\/media\/43925"}],"wp:attachment":[{"href":"https:\/\/minutobahia24h.com.br\/index.php?rest_route=%2Fwp%2Fv2%2Fmedia&parent=43924"}],"wp:term":[{"taxonomy":"category","embeddable":true,"href":"https:\/\/minutobahia24h.com.br\/index.php?rest_route=%2Fwp%2Fv2%2Fcategories&post=43924"},{"taxonomy":"post_tag","embeddable":true,"href":"https:\/\/minutobahia24h.com.br\/index.php?rest_route=%2Fwp%2Fv2%2Ftags&post=43924"}],"curies":[{"name":"wp","href":"https:\/\/api.w.org\/{rel}","templated":true}]}}