{"id":43915,"date":"2026-04-28T07:21:32","date_gmt":"2026-04-28T10:21:32","guid":{"rendered":"https:\/\/minutobahia24h.com.br\/?p=43915"},"modified":"2026-04-28T07:21:34","modified_gmt":"2026-04-28T10:21:34","slug":"cooperativa-de-apoio-a-agricultura-familiar-de-jaguarari-divulga-edital-de-convocacao-para-realizacao-de-assembleia-geral-extraordinaria-dia-6-de-maio","status":"publish","type":"post","link":"https:\/\/minutobahia24h.com.br\/?p=43915","title":{"rendered":"Cooperativa de Apoio \u00e0 Agricultura Familiar de Jaguarari divulga Edital de Convoca\u00e7\u00e3o para realiza\u00e7\u00e3o de Assembleia Geral Extraordin\u00e1ria dia 6 de maio"},"content":{"rendered":"<div class=\"wp-block-image\">\n<figure class=\"aligncenter size-full\"><img data-recalc-dims=\"1\" fetchpriority=\"high\" decoding=\"async\" width=\"400\" height=\"401\" src=\"https:\/\/i0.wp.com\/minutobahia24h.com.br\/wp-content\/uploads\/2026\/04\/Sem-titulo-268.jpg?resize=400%2C401&#038;ssl=1\" alt=\"\" class=\"wp-image-43916\" srcset=\"https:\/\/i0.wp.com\/minutobahia24h.com.br\/wp-content\/uploads\/2026\/04\/Sem-titulo-268.jpg?w=400&amp;ssl=1 400w, https:\/\/i0.wp.com\/minutobahia24h.com.br\/wp-content\/uploads\/2026\/04\/Sem-titulo-268.jpg?resize=300%2C300&amp;ssl=1 300w, https:\/\/i0.wp.com\/minutobahia24h.com.br\/wp-content\/uploads\/2026\/04\/Sem-titulo-268.jpg?resize=150%2C150&amp;ssl=1 150w, https:\/\/i0.wp.com\/minutobahia24h.com.br\/wp-content\/uploads\/2026\/04\/Sem-titulo-268.jpg?resize=75%2C75&amp;ssl=1 75w\" sizes=\"(max-width: 400px) 100vw, 400px\" \/><\/figure>\n<\/div>\n\n\n<p>A Diretora Presidente da COOPAAF &#8211; Cooperativa de Apoio \u00e0 Agricultura Familiar, no uso de suas atribui\u00e7\u00f5es legais e estatut\u00e1rias, convoca os(as) senhores(as) cooperados(as) para se reunirem em ASSEMBLEIA GERAL EXTRAORDIN\u00c1RIA, a realizar-se na sede da cooperativa, situada na Rua Bandeirantes, n\u00ba 11, Sala 02, Centro, no munic\u00edpio de Jaguarari &#8211; BA, no dia 6 de maio de 2026, em:<\/p>\n\n\n\n<p>1\u00aa convoca\u00e7\u00e3o: \u00e0s 09:00 horas, com a presen\u00e7a de 2\/3 (dois ter\u00e7os) dos cooperados;<\/p>\n\n\n\n<p>2\u00aa convoca\u00e7\u00e3o: \u00e0s 09:30 horas, com a presen\u00e7a de metade mais um dos cooperados;<\/p>\n\n\n\n<p>3\u00aa e \u00faltima convoca\u00e7\u00e3o: \u00e0s 10:00 horas, com a presen\u00e7a m\u00ednima de 10 (dez) cooperados;<\/p>\n\n\n\n<p>para deliberarem sobre a seguinte ORDEM DO DIA:<\/p>\n\n\n\n<p>1. An\u00e1lise e delibera\u00e7\u00e3o sobre a admiss\u00e3o de pessoa jur\u00eddica no quadro social da cooperativa, nos termos do Estatuto Social;<\/p>\n\n\n\n<p>2. Delibera\u00e7\u00e3o espec\u00edfica sobre a admiss\u00e3o do INSTITUTO DE DESENVOLVIMENTO IDESA, inscrito no CNPJ n\u00b0 SOCIAL E AGR\u00c1RIO DO SEMI\u00c1RIDO 16.448.367\/0001-02, como cooperado;<\/p>\n\n\n\n<p>Jaguarari BA, 27 de abril de 2026.<\/p>\n\n\n<div class=\"wp-block-image\">\n<figure class=\"aligncenter\"><a href=\"https:\/\/i0.wp.com\/blogger.googleusercontent.com\/img\/b\/R29vZ2xl\/AVvXsEiyA3NrhpdpGDhrxCi9AkaoPvl3f6Wmuq9CYeC2qx58egcQrlYXkaR_fC7mOHoXNZkNcErytr1KUzUUEDqo7ksOQdbYFN5BjEzKdmLqisBDZ97ULBI6XwdXezCQuW8FngWF5Zbo_cXFuYogzRSx3pkXDA-PjXacmrWZ5C9jGBAmJtrG-lGXdBWOtqCMjRjQ\/s1062\/20260427-195745_1.png?ssl=1\"><img data-recalc-dims=\"1\" decoding=\"async\" data-src=\"https:\/\/i0.wp.com\/blogger.googleusercontent.com\/img\/b\/R29vZ2xl\/AVvXsEiyA3NrhpdpGDhrxCi9AkaoPvl3f6Wmuq9CYeC2qx58egcQrlYXkaR_fC7mOHoXNZkNcErytr1KUzUUEDqo7ksOQdbYFN5BjEzKdmLqisBDZ97ULBI6XwdXezCQuW8FngWF5Zbo_cXFuYogzRSx3pkXDA-PjXacmrWZ5C9jGBAmJtrG-lGXdBWOtqCMjRjQ\/w434-h640\/20260427-195745_1.png?w=800&#038;ssl=1\" alt=\"\" src=\"data:image\/gif;base64,R0lGODlhAQABAAAAACH5BAEKAAEALAAAAAABAAEAAAICTAEAOw==\" class=\"lazyload\" \/><noscript><img data-recalc-dims=\"1\" decoding=\"async\" src=\"https:\/\/i0.wp.com\/blogger.googleusercontent.com\/img\/b\/R29vZ2xl\/AVvXsEiyA3NrhpdpGDhrxCi9AkaoPvl3f6Wmuq9CYeC2qx58egcQrlYXkaR_fC7mOHoXNZkNcErytr1KUzUUEDqo7ksOQdbYFN5BjEzKdmLqisBDZ97ULBI6XwdXezCQuW8FngWF5Zbo_cXFuYogzRSx3pkXDA-PjXacmrWZ5C9jGBAmJtrG-lGXdBWOtqCMjRjQ\/w434-h640\/20260427-195745_1.png?w=800&#038;ssl=1\" alt=\"\"\/><\/noscript><\/a><\/figure>\n<\/div>\n\n\n<p>portaljaguarari<\/p>\n","protected":false},"excerpt":{"rendered":"<p>A Diretora Presidente da COOPAAF &#8211; Cooperativa de Apoio \u00e0 Agricultura Familiar, no uso de suas atribui\u00e7\u00f5es legais e estatut\u00e1rias, convoca os(as) senhores(as) cooperados(as) para se reunirem em ASSEMBLEIA GERAL EXTRAORDIN\u00c1RIA, a realizar-se na sede da cooperativa, situada na Rua Bandeirantes, n\u00ba 11, Sala 02, Centro, no munic\u00edpio de Jaguarari &#8211; BA, no dia 6 [&hellip;]<\/p>\n","protected":false},"author":2,"featured_media":43916,"comment_status":"open","ping_status":"open","sticky":false,"template":"","format":"standard","meta":{"_jetpack_memberships_contains_paid_content":false,"footnotes":""},"categories":[3],"tags":[],"class_list":["post-43915","post","type-post","status-publish","format-standard","has-post-thumbnail","hentry","category-regional"],"aioseo_notices":[],"jetpack_featured_media_url":"https:\/\/i0.wp.com\/minutobahia24h.com.br\/wp-content\/uploads\/2026\/04\/Sem-titulo-268.jpg?fit=400%2C401&ssl=1","jetpack_sharing_enabled":true,"_links":{"self":[{"href":"https:\/\/minutobahia24h.com.br\/index.php?rest_route=\/wp\/v2\/posts\/43915","targetHints":{"allow":["GET"]}}],"collection":[{"href":"https:\/\/minutobahia24h.com.br\/index.php?rest_route=\/wp\/v2\/posts"}],"about":[{"href":"https:\/\/minutobahia24h.com.br\/index.php?rest_route=\/wp\/v2\/types\/post"}],"author":[{"embeddable":true,"href":"https:\/\/minutobahia24h.com.br\/index.php?rest_route=\/wp\/v2\/users\/2"}],"replies":[{"embeddable":true,"href":"https:\/\/minutobahia24h.com.br\/index.php?rest_route=%2Fwp%2Fv2%2Fcomments&post=43915"}],"version-history":[{"count":1,"href":"https:\/\/minutobahia24h.com.br\/index.php?rest_route=\/wp\/v2\/posts\/43915\/revisions"}],"predecessor-version":[{"id":43917,"href":"https:\/\/minutobahia24h.com.br\/index.php?rest_route=\/wp\/v2\/posts\/43915\/revisions\/43917"}],"wp:featuredmedia":[{"embeddable":true,"href":"https:\/\/minutobahia24h.com.br\/index.php?rest_route=\/wp\/v2\/media\/43916"}],"wp:attachment":[{"href":"https:\/\/minutobahia24h.com.br\/index.php?rest_route=%2Fwp%2Fv2%2Fmedia&parent=43915"}],"wp:term":[{"taxonomy":"category","embeddable":true,"href":"https:\/\/minutobahia24h.com.br\/index.php?rest_route=%2Fwp%2Fv2%2Fcategories&post=43915"},{"taxonomy":"post_tag","embeddable":true,"href":"https:\/\/minutobahia24h.com.br\/index.php?rest_route=%2Fwp%2Fv2%2Ftags&post=43915"}],"curies":[{"name":"wp","href":"https:\/\/api.w.org\/{rel}","templated":true}]}}