{"id":43912,"date":"2026-04-28T07:19:37","date_gmt":"2026-04-28T10:19:37","guid":{"rendered":"https:\/\/minutobahia24h.com.br\/?p=43912"},"modified":"2026-04-28T07:19:38","modified_gmt":"2026-04-28T10:19:38","slug":"prefeitura-de-andorinha-promove-acao-saude-em-movimento-em-riacho-seco","status":"publish","type":"post","link":"https:\/\/minutobahia24h.com.br\/?p=43912","title":{"rendered":"Prefeitura de Andorinha promove A\u00e7\u00e3o Sa\u00fade em Movimento em Riacho Seco"},"content":{"rendered":"<div class=\"wp-block-image\">\n<figure class=\"aligncenter size-full\"><img data-recalc-dims=\"1\" fetchpriority=\"high\" decoding=\"async\" width=\"639\" height=\"457\" src=\"https:\/\/i0.wp.com\/minutobahia24h.com.br\/wp-content\/uploads\/2026\/04\/Sem-titulo-267.jpg?resize=639%2C457&#038;ssl=1\" alt=\"\" class=\"wp-image-43913\" srcset=\"https:\/\/i0.wp.com\/minutobahia24h.com.br\/wp-content\/uploads\/2026\/04\/Sem-titulo-267.jpg?w=639&amp;ssl=1 639w, https:\/\/i0.wp.com\/minutobahia24h.com.br\/wp-content\/uploads\/2026\/04\/Sem-titulo-267.jpg?resize=300%2C215&amp;ssl=1 300w, https:\/\/i0.wp.com\/minutobahia24h.com.br\/wp-content\/uploads\/2026\/04\/Sem-titulo-267.jpg?resize=120%2C86&amp;ssl=1 120w, https:\/\/i0.wp.com\/minutobahia24h.com.br\/wp-content\/uploads\/2026\/04\/Sem-titulo-267.jpg?resize=350%2C250&amp;ssl=1 350w\" sizes=\"(max-width: 639px) 100vw, 639px\" \/><figcaption class=\"wp-element-caption\">Andorinha News \u00a0(Foto: Andorinha News)<br><\/figcaption><\/figure>\n<\/div>\n\n\n<p>A Prefeitura de Andorinha, por meio da Secretaria Municipal de Sa\u00fade, deu in\u00edcio ao programa&nbsp;<strong>Sa\u00fade em Movimento<\/strong>, come\u00e7ando pelo distrito de Riacho Seco. A a\u00e7\u00e3o tem como objetivo levar mais acesso, cuidado e dignidade \u00e0 popula\u00e7\u00e3o, aproximando os servi\u00e7os de sa\u00fade das comunidades.<\/p>\n\n\n\n<p>O programa busca&nbsp;<strong>acabar com as filas da Central de Marca\u00e7\u00e3o<\/strong>, descentralizando os atendimentos e facilitando o acesso da popula\u00e7\u00e3o aos servi\u00e7os essenciais. A expectativa \u00e9 que, em breve, outras localidades tamb\u00e9m sejam contempladas.<\/p>\n\n\n\n<p>Durante a a\u00e7\u00e3o, foram ofertados atendimentos com ortopedista, m\u00e9dico cl\u00ednico geral, exames laboratoriais, preventivo, vacina\u00e7\u00e3o, testes r\u00e1pidos, fisioterapia e odontologia.<\/p>\n\n\n\n<p>O secret\u00e1rio de Sa\u00fade,&nbsp;<strong>Ancelmo Lino<\/strong>, destacou a import\u00e2ncia da iniciativa e agradeceu ao presidente da C\u00e2mara,&nbsp;<strong>Neguinho do Greg\u00f3rio<\/strong>, estendendo o reconhecimento a todos os vereadores pelo apoio \u00e0s a\u00e7\u00f5es que fortalecem a sa\u00fade no munic\u00edpio.<\/p>\n\n\n\n<p>O prefeito&nbsp;<strong>Adilberto Evangelista<\/strong>&nbsp;ressaltou que o compromisso da gest\u00e3o \u00e9 seguir investindo para garantir mais qualidade de vida e atendimento digno para o povo de Andorinha.<\/p>\n\n\n\n<p>andorinhanews<\/p>\n","protected":false},"excerpt":{"rendered":"<p>A Prefeitura de Andorinha, por meio da Secretaria Municipal de Sa\u00fade, deu in\u00edcio ao programa&nbsp;Sa\u00fade em Movimento, come\u00e7ando pelo distrito de Riacho Seco. A a\u00e7\u00e3o tem como objetivo levar mais acesso, cuidado e dignidade \u00e0 popula\u00e7\u00e3o, aproximando os servi\u00e7os de sa\u00fade das comunidades. O programa busca&nbsp;acabar com as filas da Central de Marca\u00e7\u00e3o, descentralizando os [&hellip;]<\/p>\n","protected":false},"author":2,"featured_media":43913,"comment_status":"open","ping_status":"open","sticky":false,"template":"","format":"standard","meta":{"_jetpack_memberships_contains_paid_content":false,"footnotes":""},"categories":[3],"tags":[],"class_list":["post-43912","post","type-post","status-publish","format-standard","has-post-thumbnail","hentry","category-regional"],"aioseo_notices":[],"jetpack_featured_media_url":"https:\/\/i0.wp.com\/minutobahia24h.com.br\/wp-content\/uploads\/2026\/04\/Sem-titulo-267.jpg?fit=639%2C457&ssl=1","jetpack_sharing_enabled":true,"_links":{"self":[{"href":"https:\/\/minutobahia24h.com.br\/index.php?rest_route=\/wp\/v2\/posts\/43912","targetHints":{"allow":["GET"]}}],"collection":[{"href":"https:\/\/minutobahia24h.com.br\/index.php?rest_route=\/wp\/v2\/posts"}],"about":[{"href":"https:\/\/minutobahia24h.com.br\/index.php?rest_route=\/wp\/v2\/types\/post"}],"author":[{"embeddable":true,"href":"https:\/\/minutobahia24h.com.br\/index.php?rest_route=\/wp\/v2\/users\/2"}],"replies":[{"embeddable":true,"href":"https:\/\/minutobahia24h.com.br\/index.php?rest_route=%2Fwp%2Fv2%2Fcomments&post=43912"}],"version-history":[{"count":1,"href":"https:\/\/minutobahia24h.com.br\/index.php?rest_route=\/wp\/v2\/posts\/43912\/revisions"}],"predecessor-version":[{"id":43914,"href":"https:\/\/minutobahia24h.com.br\/index.php?rest_route=\/wp\/v2\/posts\/43912\/revisions\/43914"}],"wp:featuredmedia":[{"embeddable":true,"href":"https:\/\/minutobahia24h.com.br\/index.php?rest_route=\/wp\/v2\/media\/43913"}],"wp:attachment":[{"href":"https:\/\/minutobahia24h.com.br\/index.php?rest_route=%2Fwp%2Fv2%2Fmedia&parent=43912"}],"wp:term":[{"taxonomy":"category","embeddable":true,"href":"https:\/\/minutobahia24h.com.br\/index.php?rest_route=%2Fwp%2Fv2%2Fcategories&post=43912"},{"taxonomy":"post_tag","embeddable":true,"href":"https:\/\/minutobahia24h.com.br\/index.php?rest_route=%2Fwp%2Fv2%2Ftags&post=43912"}],"curies":[{"name":"wp","href":"https:\/\/api.w.org\/{rel}","templated":true}]}}