{"id":43905,"date":"2026-04-28T07:14:01","date_gmt":"2026-04-28T10:14:01","guid":{"rendered":"https:\/\/minutobahia24h.com.br\/?p=43905"},"modified":"2026-04-28T07:14:24","modified_gmt":"2026-04-28T10:14:24","slug":"clientes-da-vivo-denunciam-falhas-no-servico-e-cobram-solucao-apos-mais-de-20-dias-sem-dados-moveis-em-queimadas","status":"publish","type":"post","link":"https:\/\/minutobahia24h.com.br\/?p=43905","title":{"rendered":"Clientes da Vivo denunciam falhas no servi\u00e7o e cobram solu\u00e7\u00e3o ap\u00f3s mais de 20 dias sem dados m\u00f3veis em Queimadas"},"content":{"rendered":"<div class=\"wp-block-image\">\n<figure class=\"aligncenter size-full\"><img data-recalc-dims=\"1\" fetchpriority=\"high\" decoding=\"async\" width=\"750\" height=\"372\" src=\"https:\/\/i0.wp.com\/minutobahia24h.com.br\/wp-content\/uploads\/2026\/04\/Sem-titulo-265.jpg?resize=750%2C372&#038;ssl=1\" alt=\"\" class=\"wp-image-43906\" srcset=\"https:\/\/i0.wp.com\/minutobahia24h.com.br\/wp-content\/uploads\/2026\/04\/Sem-titulo-265.jpg?w=750&amp;ssl=1 750w, https:\/\/i0.wp.com\/minutobahia24h.com.br\/wp-content\/uploads\/2026\/04\/Sem-titulo-265.jpg?resize=300%2C149&amp;ssl=1 300w, https:\/\/i0.wp.com\/minutobahia24h.com.br\/wp-content\/uploads\/2026\/04\/Sem-titulo-265.jpg?resize=360%2C180&amp;ssl=1 360w\" sizes=\"(max-width: 750px) 100vw, 750px\" \/><\/figure>\n<\/div>\n\n\n<p>Moradores de Queimadas, na regi\u00e3o sisaleira da Bahia, t\u00eam enfrentado dificuldades com os servi\u00e7os da operadora Vivo e cobram uma solu\u00e7\u00e3o urgente para os problemas que, segundo relatos, j\u00e1 duram mais de 20 dias. Em contato com o Calila Not\u00edcias, o cidad\u00e3o Ramalho Souza relatou que a situa\u00e7\u00e3o tem causado transtornos e preju\u00edzos \u00e0 popula\u00e7\u00e3o, especialmente pela aus\u00eancia de acesso \u00e0 internet m\u00f3vel, mesmo com pagamentos em dia.<\/p>\n\n\n\n<p>\u201cEstamos enfrentando h\u00e1 mais de 20 dias problema de falta de comunica\u00e7\u00e3o atrav\u00e9s da rede operadora Vivo, onde estamos sem dados m\u00f3veis mesmo pagando. Est\u00e3o nos tratando com descaso total. As liga\u00e7\u00f5es passam o dia todo oscilando, por\u00e9m dados m\u00f3veis n\u00e3o conseguimos acessar, gerando preju\u00edzo, e colocamos recarga sem \u00eaxito nos servi\u00e7os\u201d, afirmou.<\/p>\n\n\n\n<p>Ainda de acordo com o morador, ao buscar atendimento junto \u00e0 operadora, a resposta tem sido de que n\u00e3o h\u00e1 falhas registradas na rede. \u201cLigamos e dizem que est\u00e1 tudo certo para eles. Dizem que at\u00e9 o momento n\u00e3o tem nada anormal e s\u00f3 fazem uma atualiza\u00e7\u00e3o na linha\u201d, acrescentou.<\/p>\n\n\n\n<p>Na cidade, a Vivo atende a maior parte da popula\u00e7\u00e3o, sobretudo por ter sido a primeira operadora a ser implantada no munic\u00edpio, o que amplia o impacto da instabilidade no servi\u00e7o.<\/p>\n\n\n\n<p>A preocupa\u00e7\u00e3o dos moradores aumenta diante da proximidade da Lavagem de Queimadas, considerada a principal festa popular da cidade, que chega \u00e0 sua 56\u00aa edi\u00e7\u00e3o no pr\u00f3ximo m\u00eas. A expectativa \u00e9 de grande p\u00fablico, e a precariedade no servi\u00e7o de telefonia m\u00f3vel pode comprometer a comunica\u00e7\u00e3o durante o evento, gerando ainda mais insatisfa\u00e7\u00e3o entre moradores e visitantes.<\/p>\n\n\n\n<p>At\u00e9 o momento, n\u00e3o h\u00e1 posicionamento oficial da operadora sobre os problemas relatados.<\/p>\n\n\n\n<p>calilanoticias<\/p>\n","protected":false},"excerpt":{"rendered":"<p>Moradores de Queimadas, na regi\u00e3o sisaleira da Bahia, t\u00eam enfrentado dificuldades com os servi\u00e7os da operadora Vivo e cobram uma solu\u00e7\u00e3o urgente para os problemas que, segundo relatos, j\u00e1 duram mais de 20 dias. Em contato com o Calila Not\u00edcias, o cidad\u00e3o Ramalho Souza relatou que a situa\u00e7\u00e3o tem causado transtornos e preju\u00edzos \u00e0 popula\u00e7\u00e3o, [&hellip;]<\/p>\n","protected":false},"author":2,"featured_media":43906,"comment_status":"open","ping_status":"open","sticky":false,"template":"","format":"standard","meta":{"_jetpack_memberships_contains_paid_content":false,"footnotes":""},"categories":[3],"tags":[],"class_list":["post-43905","post","type-post","status-publish","format-standard","has-post-thumbnail","hentry","category-regional"],"aioseo_notices":[],"jetpack_featured_media_url":"https:\/\/i0.wp.com\/minutobahia24h.com.br\/wp-content\/uploads\/2026\/04\/Sem-titulo-265.jpg?fit=750%2C372&ssl=1","jetpack_sharing_enabled":true,"_links":{"self":[{"href":"https:\/\/minutobahia24h.com.br\/index.php?rest_route=\/wp\/v2\/posts\/43905","targetHints":{"allow":["GET"]}}],"collection":[{"href":"https:\/\/minutobahia24h.com.br\/index.php?rest_route=\/wp\/v2\/posts"}],"about":[{"href":"https:\/\/minutobahia24h.com.br\/index.php?rest_route=\/wp\/v2\/types\/post"}],"author":[{"embeddable":true,"href":"https:\/\/minutobahia24h.com.br\/index.php?rest_route=\/wp\/v2\/users\/2"}],"replies":[{"embeddable":true,"href":"https:\/\/minutobahia24h.com.br\/index.php?rest_route=%2Fwp%2Fv2%2Fcomments&post=43905"}],"version-history":[{"count":2,"href":"https:\/\/minutobahia24h.com.br\/index.php?rest_route=\/wp\/v2\/posts\/43905\/revisions"}],"predecessor-version":[{"id":43908,"href":"https:\/\/minutobahia24h.com.br\/index.php?rest_route=\/wp\/v2\/posts\/43905\/revisions\/43908"}],"wp:featuredmedia":[{"embeddable":true,"href":"https:\/\/minutobahia24h.com.br\/index.php?rest_route=\/wp\/v2\/media\/43906"}],"wp:attachment":[{"href":"https:\/\/minutobahia24h.com.br\/index.php?rest_route=%2Fwp%2Fv2%2Fmedia&parent=43905"}],"wp:term":[{"taxonomy":"category","embeddable":true,"href":"https:\/\/minutobahia24h.com.br\/index.php?rest_route=%2Fwp%2Fv2%2Fcategories&post=43905"},{"taxonomy":"post_tag","embeddable":true,"href":"https:\/\/minutobahia24h.com.br\/index.php?rest_route=%2Fwp%2Fv2%2Ftags&post=43905"}],"curies":[{"name":"wp","href":"https:\/\/api.w.org\/{rel}","templated":true}]}}