{"id":43899,"date":"2026-04-28T07:09:15","date_gmt":"2026-04-28T10:09:15","guid":{"rendered":"https:\/\/minutobahia24h.com.br\/?p=43899"},"modified":"2026-04-28T07:09:17","modified_gmt":"2026-04-28T10:09:17","slug":"vereadores-de-varzea-nova-integram-maior-evento-legislativo-municipal-do-pais","status":"publish","type":"post","link":"https:\/\/minutobahia24h.com.br\/?p=43899","title":{"rendered":"Vereadores de V\u00e1rzea Nova integram maior evento legislativo municipal do pa\u00eds"},"content":{"rendered":"<div class=\"wp-block-image\">\n<figure class=\"aligncenter size-full\"><img data-recalc-dims=\"1\" fetchpriority=\"high\" decoding=\"async\" width=\"800\" height=\"448\" src=\"https:\/\/i0.wp.com\/minutobahia24h.com.br\/wp-content\/uploads\/2026\/04\/Sem-titulo-263.jpg?resize=800%2C448&#038;ssl=1\" alt=\"\" class=\"wp-image-43900\" srcset=\"https:\/\/i0.wp.com\/minutobahia24h.com.br\/wp-content\/uploads\/2026\/04\/Sem-titulo-263.jpg?w=1024&amp;ssl=1 1024w, https:\/\/i0.wp.com\/minutobahia24h.com.br\/wp-content\/uploads\/2026\/04\/Sem-titulo-263.jpg?resize=300%2C168&amp;ssl=1 300w, https:\/\/i0.wp.com\/minutobahia24h.com.br\/wp-content\/uploads\/2026\/04\/Sem-titulo-263.jpg?resize=768%2C431&amp;ssl=1 768w, https:\/\/i0.wp.com\/minutobahia24h.com.br\/wp-content\/uploads\/2026\/04\/Sem-titulo-263.jpg?resize=750%2C420&amp;ssl=1 750w\" sizes=\"(max-width: 800px) 100vw, 800px\" \/><\/figure>\n<\/div>\n\n\n<p>Os nove vereadores da C\u00e2mara Municipal de V\u00e1rzea Nova est\u00e3o em Bras\u00edlia participando da 25\u00aa Marcha dos Gestores e Legislativos Municipais, considerada a maior mobiliza\u00e7\u00e3o municipalista da Am\u00e9rica Latina. O evento, realizado no Centro de Conven\u00e7\u00f5es Ulysses Guimar\u00e3es, re\u00fane parlamentares e gestores p\u00fablicos de todo o pa\u00eds para debates, capacita\u00e7\u00f5es e articula\u00e7\u00f5es voltadas ao fortalecimento do poder legislativo municipal.<\/p>\n\n\n\n<p>De acordo com o presidente da C\u00e2mara,&nbsp;Marcelo Teodoro, a presen\u00e7a dos parlamentares no encontro tem como principal objetivo ampliar a qualifica\u00e7\u00e3o dos representantes locais. \u201cA nossa proposta de gest\u00e3o \u00e9 capacitar cada vez mais os vereadores, para que possam contribuir com o munic\u00edpio com mais compet\u00eancia e conhecimento\u201d, afirmou. Ele destacou ainda que esta \u00e9 a terceira vez que a atual gest\u00e3o viabiliza a participa\u00e7\u00e3o dos vereadores em eventos de forma\u00e7\u00e3o.<\/p>\n\n\n\n<p>Al\u00e9m de Marcelo Teodoro, participam da Marcha os vereadores Reginho, Petinho, Abnadabe Brito, Dionei Avelino, Nilton Moreira, Absolon Pimentel, Raimundinho e Paul\u00e3o. Segundo o presidente, V\u00e1rzea Nova tem se destacado no cen\u00e1rio estadual pelo avan\u00e7o do Legislativo, com atualiza\u00e7\u00e3o da Lei Org\u00e2nica, do Regimento Interno e implanta\u00e7\u00e3o de emendas impositivas.<\/p>\n\n\n\n<p>A Marcha acontece entre os dias 27 e 30 de abril e conta com uma programa\u00e7\u00e3o extensa, incluindo palestras, pain\u00e9is e debates sobre temas como governan\u00e7a p\u00fablica, comunica\u00e7\u00e3o pol\u00edtica, desenvolvimento municipal e inova\u00e7\u00e3o no legislativo. O evento tamb\u00e9m promove a troca de experi\u00eancias entre os participantes, com foco na melhoria da gest\u00e3o p\u00fablica nas cidades brasileiras.<\/p>\n\n\n\n<p>Para os vereadores de V\u00e1rzea Nova, a participa\u00e7\u00e3o representa uma oportunidade de aprendizado e troca de experi\u00eancias. A expectativa \u00e9 que o conhecimento adquirido durante o encontro contribua diretamente para o aprimoramento das pol\u00edticas p\u00fablicas e da atua\u00e7\u00e3o legislativa no munic\u00edpio.<\/p>\n\n\n\n<p>jacobina24horas<\/p>\n","protected":false},"excerpt":{"rendered":"<p>Os nove vereadores da C\u00e2mara Municipal de V\u00e1rzea Nova est\u00e3o em Bras\u00edlia participando da 25\u00aa Marcha dos Gestores e Legislativos Municipais, considerada a maior mobiliza\u00e7\u00e3o municipalista da Am\u00e9rica Latina. O evento, realizado no Centro de Conven\u00e7\u00f5es Ulysses Guimar\u00e3es, re\u00fane parlamentares e gestores p\u00fablicos de todo o pa\u00eds para debates, capacita\u00e7\u00f5es e articula\u00e7\u00f5es voltadas ao fortalecimento [&hellip;]<\/p>\n","protected":false},"author":2,"featured_media":43900,"comment_status":"open","ping_status":"open","sticky":false,"template":"","format":"standard","meta":{"_jetpack_memberships_contains_paid_content":false,"footnotes":""},"categories":[3],"tags":[],"class_list":["post-43899","post","type-post","status-publish","format-standard","has-post-thumbnail","hentry","category-regional"],"aioseo_notices":[],"jetpack_featured_media_url":"https:\/\/i0.wp.com\/minutobahia24h.com.br\/wp-content\/uploads\/2026\/04\/Sem-titulo-263.jpg?fit=1024%2C574&ssl=1","jetpack_sharing_enabled":true,"_links":{"self":[{"href":"https:\/\/minutobahia24h.com.br\/index.php?rest_route=\/wp\/v2\/posts\/43899","targetHints":{"allow":["GET"]}}],"collection":[{"href":"https:\/\/minutobahia24h.com.br\/index.php?rest_route=\/wp\/v2\/posts"}],"about":[{"href":"https:\/\/minutobahia24h.com.br\/index.php?rest_route=\/wp\/v2\/types\/post"}],"author":[{"embeddable":true,"href":"https:\/\/minutobahia24h.com.br\/index.php?rest_route=\/wp\/v2\/users\/2"}],"replies":[{"embeddable":true,"href":"https:\/\/minutobahia24h.com.br\/index.php?rest_route=%2Fwp%2Fv2%2Fcomments&post=43899"}],"version-history":[{"count":1,"href":"https:\/\/minutobahia24h.com.br\/index.php?rest_route=\/wp\/v2\/posts\/43899\/revisions"}],"predecessor-version":[{"id":43901,"href":"https:\/\/minutobahia24h.com.br\/index.php?rest_route=\/wp\/v2\/posts\/43899\/revisions\/43901"}],"wp:featuredmedia":[{"embeddable":true,"href":"https:\/\/minutobahia24h.com.br\/index.php?rest_route=\/wp\/v2\/media\/43900"}],"wp:attachment":[{"href":"https:\/\/minutobahia24h.com.br\/index.php?rest_route=%2Fwp%2Fv2%2Fmedia&parent=43899"}],"wp:term":[{"taxonomy":"category","embeddable":true,"href":"https:\/\/minutobahia24h.com.br\/index.php?rest_route=%2Fwp%2Fv2%2Fcategories&post=43899"},{"taxonomy":"post_tag","embeddable":true,"href":"https:\/\/minutobahia24h.com.br\/index.php?rest_route=%2Fwp%2Fv2%2Ftags&post=43899"}],"curies":[{"name":"wp","href":"https:\/\/api.w.org\/{rel}","templated":true}]}}