{"id":43890,"date":"2026-04-27T19:07:22","date_gmt":"2026-04-27T22:07:22","guid":{"rendered":"https:\/\/minutobahia24h.com.br\/?p=43890"},"modified":"2026-04-27T19:07:24","modified_gmt":"2026-04-27T22:07:24","slug":"funceb-abre-inscricoes-para-o-ciclo-ii-do-programa-de-qualificacao-em-artes-2026-em-seis-municipios-baianos","status":"publish","type":"post","link":"https:\/\/minutobahia24h.com.br\/?p=43890","title":{"rendered":"Funceb abre inscri\u00e7\u00f5es para o Ciclo II do Programa de Qualifica\u00e7\u00e3o em Artes 2026 em seis munic\u00edpios baianos"},"content":{"rendered":"<div class=\"wp-block-image\">\n<figure class=\"aligncenter size-full\"><img data-recalc-dims=\"1\" fetchpriority=\"high\" decoding=\"async\" width=\"456\" height=\"300\" src=\"https:\/\/i0.wp.com\/minutobahia24h.com.br\/wp-content\/uploads\/2026\/04\/DESTAQUE_CICLO-II_INSCRICOES.png?resize=456%2C300&#038;ssl=1\" alt=\"\" class=\"wp-image-43891\" srcset=\"https:\/\/i0.wp.com\/minutobahia24h.com.br\/wp-content\/uploads\/2026\/04\/DESTAQUE_CICLO-II_INSCRICOES.png?w=456&amp;ssl=1 456w, https:\/\/i0.wp.com\/minutobahia24h.com.br\/wp-content\/uploads\/2026\/04\/DESTAQUE_CICLO-II_INSCRICOES.png?resize=300%2C197&amp;ssl=1 300w\" sizes=\"(max-width: 456px) 100vw, 456px\" \/><\/figure>\n<\/div>\n\n\n<p>Est\u00e3o abertas, de 27\/04 a 08\/05, as inscri\u00e7\u00f5es para o Ciclo II do Programa de Qualifica\u00e7\u00e3o em Artes 2026 da Funda\u00e7\u00e3o Cultural do Estado da Bahia, unidade vinculada \u00e0 Secretaria de Cultura do Estado da Bahia. A iniciativa, coordenada pelo Centro de Forma\u00e7\u00e3o em Artes, segue ampliando o acesso \u00e0 forma\u00e7\u00e3o art\u00edstico-cultural em diferentes territ\u00f3rios do estado, com a oferta de cursos gratuitos em seis linguagens art\u00edsticas. O formul\u00e1rio de inscri\u00e7\u00e3o pode ser acessado&nbsp;<a href=\"https:\/\/docs.google.com\/forms\/d\/e\/1FAIpQLSevNW58Sln7Yro8em9qjvg5zI50EiuQzb7LuVFuQBfcQKVZ3w\/viewform\" target=\"_blank\" rel=\"noreferrer noopener\">neste link<\/a>&nbsp;ou na p\u00e1gina @qualificacao.artes.<\/p>\n\n\n\n<p>Nesta etapa, ser\u00e3o contemplados os cursos de Artes Visuais, em Vit\u00f3ria da Conquista; Teatro, em Jequi\u00e9; Literatura, em Juazeiro; M\u00fasica, em Itabuna; Dan\u00e7a, em Cachoeira; e Audiovisual, em Valen\u00e7a.<\/p>\n\n\n\n<p>O programa \u00e9 voltado para artistas, grupos independentes, produtores culturais e trabalhadores da cultura interessados em qualifica\u00e7\u00e3o e aperfei\u00e7oamento profissional. As forma\u00e7\u00f5es integram a modalidade de Forma\u00e7\u00e3o Inicial e Continuada (FIC), com carga hor\u00e1ria de 60 horas, distribu\u00eddas em m\u00f3dulos que articulam teoria e pr\u00e1tica.<\/p>\n\n\n\n<p>Com atua\u00e7\u00e3o descentralizada, o Programa de Qualifica\u00e7\u00e3o em Artes reafirma o compromisso da Funceb com a democratiza\u00e7\u00e3o do acesso \u00e0 forma\u00e7\u00e3o, valorizando os saberes locais e fortalecendo as cadeias produtivas da cultura nos territ\u00f3rios. A iniciativa tamb\u00e9m contribui para o desenvolvimento social, cultural e econ\u00f4mico das regi\u00f5es atendidas, ao promover a forma\u00e7\u00e3o cr\u00edtica e t\u00e9cnica de profissionais da \u00e1rea art\u00edstica.<\/p>\n\n\n\n<p>Ao final dos cursos, os participantes ter\u00e3o direito \u00e0 certifica\u00e7\u00e3o, mediante cumprimento da frequ\u00eancia m\u00ednima exigida, al\u00e9m de participarem de atividades de culmin\u00e2ncia que visam compartilhar com a comunidade os conhecimentos e processos desenvolvidos ao longo da forma\u00e7\u00e3o.<\/p>\n\n\n\n<p><strong>SERVI\u00c7O<\/strong><\/p>\n\n\n\n<p><strong>Inscri\u00e7\u00f5es para o Ciclo II do Programa de Qualifica\u00e7\u00e3o em Artes 2026<\/strong><\/p>\n\n\n\n<p><strong>Quando:<\/strong>&nbsp;27 de abril a 8 de maio de 2026<\/p>\n\n\n\n<p><strong>Onde se inscrever:<\/strong>&nbsp;Formul\u00e1rio dispon\u00edvel&nbsp;<a href=\"https:\/\/docs.google.com\/forms\/d\/e\/1FAIpQLSevNW58Sln7Yro8em9qjvg5zI50EiuQzb7LuVFuQBfcQKVZ3w\/viewform\" target=\"_blank\" rel=\"noreferrer noopener\">neste link<\/a>&nbsp;e Instagram @qualificacao.artes<\/p>\n\n\n\n<p><strong>P\u00fablico-alvo:&nbsp;<\/strong>Artistas, produtores culturais e trabalhadores da cultura com idade m\u00ednima de 16 anos e experi\u00eancia pr\u00e9via na \u00e1rea.<\/p>\n\n\n\n<p><strong>Gratuito<\/strong><\/p>\n","protected":false},"excerpt":{"rendered":"<p>Est\u00e3o abertas, de 27\/04 a 08\/05, as inscri\u00e7\u00f5es para o Ciclo II do Programa de Qualifica\u00e7\u00e3o em Artes 2026 da Funda\u00e7\u00e3o Cultural do Estado da Bahia, unidade vinculada \u00e0 Secretaria de Cultura do Estado da Bahia. A iniciativa, coordenada pelo Centro de Forma\u00e7\u00e3o em Artes, segue ampliando o acesso \u00e0 forma\u00e7\u00e3o art\u00edstico-cultural em diferentes territ\u00f3rios [&hellip;]<\/p>\n","protected":false},"author":2,"featured_media":43891,"comment_status":"open","ping_status":"open","sticky":false,"template":"","format":"standard","meta":{"_jetpack_memberships_contains_paid_content":false,"footnotes":""},"categories":[53],"tags":[],"class_list":["post-43890","post","type-post","status-publish","format-standard","has-post-thumbnail","hentry","category-cultura"],"aioseo_notices":[],"jetpack_featured_media_url":"https:\/\/i0.wp.com\/minutobahia24h.com.br\/wp-content\/uploads\/2026\/04\/DESTAQUE_CICLO-II_INSCRICOES.png?fit=456%2C300&ssl=1","jetpack_sharing_enabled":true,"_links":{"self":[{"href":"https:\/\/minutobahia24h.com.br\/index.php?rest_route=\/wp\/v2\/posts\/43890","targetHints":{"allow":["GET"]}}],"collection":[{"href":"https:\/\/minutobahia24h.com.br\/index.php?rest_route=\/wp\/v2\/posts"}],"about":[{"href":"https:\/\/minutobahia24h.com.br\/index.php?rest_route=\/wp\/v2\/types\/post"}],"author":[{"embeddable":true,"href":"https:\/\/minutobahia24h.com.br\/index.php?rest_route=\/wp\/v2\/users\/2"}],"replies":[{"embeddable":true,"href":"https:\/\/minutobahia24h.com.br\/index.php?rest_route=%2Fwp%2Fv2%2Fcomments&post=43890"}],"version-history":[{"count":1,"href":"https:\/\/minutobahia24h.com.br\/index.php?rest_route=\/wp\/v2\/posts\/43890\/revisions"}],"predecessor-version":[{"id":43892,"href":"https:\/\/minutobahia24h.com.br\/index.php?rest_route=\/wp\/v2\/posts\/43890\/revisions\/43892"}],"wp:featuredmedia":[{"embeddable":true,"href":"https:\/\/minutobahia24h.com.br\/index.php?rest_route=\/wp\/v2\/media\/43891"}],"wp:attachment":[{"href":"https:\/\/minutobahia24h.com.br\/index.php?rest_route=%2Fwp%2Fv2%2Fmedia&parent=43890"}],"wp:term":[{"taxonomy":"category","embeddable":true,"href":"https:\/\/minutobahia24h.com.br\/index.php?rest_route=%2Fwp%2Fv2%2Fcategories&post=43890"},{"taxonomy":"post_tag","embeddable":true,"href":"https:\/\/minutobahia24h.com.br\/index.php?rest_route=%2Fwp%2Fv2%2Ftags&post=43890"}],"curies":[{"name":"wp","href":"https:\/\/api.w.org\/{rel}","templated":true}]}}