{"id":43865,"date":"2026-04-27T07:42:42","date_gmt":"2026-04-27T10:42:42","guid":{"rendered":"https:\/\/minutobahia24h.com.br\/?p=43865"},"modified":"2026-04-27T07:42:43","modified_gmt":"2026-04-27T10:42:43","slug":"juazeiro-e-um-dos-municipios-baianos-beneficiados-por-parceria-entre-estado-e-governo-federal-na-saude","status":"publish","type":"post","link":"https:\/\/minutobahia24h.com.br\/?p=43865","title":{"rendered":"Juazeiro \u00e9 um dos munic\u00edpios baianos beneficiados por parceria entre Estado e governo federal na sa\u00fade"},"content":{"rendered":"<div class=\"wp-block-image\">\n<figure class=\"aligncenter size-full\"><img data-recalc-dims=\"1\" fetchpriority=\"high\" decoding=\"async\" width=\"632\" height=\"495\" src=\"https:\/\/i0.wp.com\/minutobahia24h.com.br\/wp-content\/uploads\/2026\/04\/Sem-titulo-253.jpg?resize=632%2C495&#038;ssl=1\" alt=\"\" class=\"wp-image-43866\" srcset=\"https:\/\/i0.wp.com\/minutobahia24h.com.br\/wp-content\/uploads\/2026\/04\/Sem-titulo-253.jpg?w=632&amp;ssl=1 632w, https:\/\/i0.wp.com\/minutobahia24h.com.br\/wp-content\/uploads\/2026\/04\/Sem-titulo-253.jpg?resize=300%2C235&amp;ssl=1 300w\" sizes=\"(max-width: 632px) 100vw, 632px\" \/><figcaption class=\"wp-element-caption\">Foto: Leonardo Rattes\/Ascom Sesab<\/figcaption><\/figure>\n<\/div>\n\n\n<p>A parceria entre o Governo da Bahia e o governo federal ganhou novo impulso na \u00faltima sexta-feira (24), com o \u2018Dia D\u2019 do PAC na Bahia. A iniciativa do Minist\u00e9rio da Sa\u00fade destina R$ 66,49 milh\u00f5es para 34 munic\u00edpios do Estado, voltados \u00e0 amplia\u00e7\u00e3o da rede p\u00fablica de aten\u00e7\u00e3o b\u00e1sica e psicossocial. O evento que marcou o repasse dos recursos aconteceu na Policl\u00ednica de Narandiba, em Salvador, com a presen\u00e7a da secret\u00e1ria da Sa\u00fade Roberta Santana, da superintendente estadual do Minist\u00e9rio da Sa\u00fade, Joanna Paroli, e da diretora do Departamento de Coopera\u00e7\u00e3o T\u00e9cnica, Inova\u00e7\u00e3o e Desenvolvimento em Sa\u00fade, Aline Costa.<\/p>\n\n\n\n<p>Os recursos v\u00e3o financiar a constru\u00e7\u00e3o de Unidades B\u00e1sicas de Sa\u00fade (UBSs) dos portes 1 e 2, al\u00e9m de Centros de Aten\u00e7\u00e3o Psicossocial tipo II e CAPS \u00c1lcool e Drogas porte III, fortalecendo a presen\u00e7a do SUS em diferentes territ\u00f3rios. Ser\u00e3o beneficiados os munic\u00edpios de Almadina, Angical, Ant\u00f4nio Cardoso, Aurelino Leal, Baixa Grande, Banza\u00ea, Barra do Cho\u00e7a, Biritinga, Boninal, Botupor\u00e3, Canudos, Carinhanha, Concei\u00e7\u00e3o do Almeida, Cotegipe, Cravol\u00e2ndia, Euclides da Cunha, Igua\u00ed, Ipecaet\u00e1, Itaberaba, Itapicuru, Ituber\u00e1, Jaborandi, Juazeiro, Jussara, Livramento de Nossa Senhora, Palmeiras, Pil\u00e3o Arcado, Po\u00e7\u00f5es, Ribeir\u00e3o do Largo, S\u00e3o Gabriel, Saubara, Serrol\u00e2ndia, Valen\u00e7a e Wanderley.<\/p>\n\n\n\n<p>Mais do que um an\u00fancio de investimentos, a agenda reafirma uma diretriz que vem marcando a pol\u00edtica p\u00fablica de sa\u00fade na Bahia: a converg\u00eancia entre Estado e Uni\u00e3o para ampliar e regionalizar o acesso. \u201c<em>Essa \u00e9 uma entrega que simboliza com muita for\u00e7a a parceria Bahia-Brasil em favor da vida. Quando o Governo Federal e o Governo do Estado atuam de forma articulada, quem ganha \u00e9 a popula\u00e7\u00e3o, especialmente aquela que mais precisa do SUS. Estamos falando de mais estrutura para a aten\u00e7\u00e3o b\u00e1sica, de fortalecimento da rede de sa\u00fade mental e de mais presen\u00e7a do poder p\u00fablico nos munic\u00edpios, com planejamento, investimento e compromisso social<\/em>\u201d, afirmou Roberta Santana.<\/p>\n\n\n\n<p>\u201c<em>Hoje \u00e9 o dia do Pix da Sa\u00fade. A gente est\u00e1 repassando para o Brasil todo mais de R$1,2 bilh\u00e3o para 541 obras. Aqui na Bahia s\u00e3o 34, sendo 32 UBS e 2 Caps. Isso \u00e9 parte de um conjunto de investimentos do Minist\u00e9rio da Sa\u00fade em parceria com os estados e os munic\u00edpios para melhorar a qualidade da sa\u00fade das pessoas, com acesso aos servi\u00e7os mais pr\u00f3ximo da casa delas<\/em>\u201d, refor\u00e7ou Aline Costa.<\/p>\n\n\n\n<p>carlosbritto<\/p>\n","protected":false},"excerpt":{"rendered":"<p>A parceria entre o Governo da Bahia e o governo federal ganhou novo impulso na \u00faltima sexta-feira (24), com o \u2018Dia D\u2019 do PAC na Bahia. A iniciativa do Minist\u00e9rio da Sa\u00fade destina R$ 66,49 milh\u00f5es para 34 munic\u00edpios do Estado, voltados \u00e0 amplia\u00e7\u00e3o da rede p\u00fablica de aten\u00e7\u00e3o b\u00e1sica e psicossocial. O evento que [&hellip;]<\/p>\n","protected":false},"author":2,"featured_media":43866,"comment_status":"open","ping_status":"open","sticky":false,"template":"","format":"standard","meta":{"_jetpack_memberships_contains_paid_content":false,"footnotes":""},"categories":[3],"tags":[],"class_list":["post-43865","post","type-post","status-publish","format-standard","has-post-thumbnail","hentry","category-regional"],"aioseo_notices":[],"jetpack_featured_media_url":"https:\/\/i0.wp.com\/minutobahia24h.com.br\/wp-content\/uploads\/2026\/04\/Sem-titulo-253.jpg?fit=632%2C495&ssl=1","jetpack_sharing_enabled":true,"_links":{"self":[{"href":"https:\/\/minutobahia24h.com.br\/index.php?rest_route=\/wp\/v2\/posts\/43865","targetHints":{"allow":["GET"]}}],"collection":[{"href":"https:\/\/minutobahia24h.com.br\/index.php?rest_route=\/wp\/v2\/posts"}],"about":[{"href":"https:\/\/minutobahia24h.com.br\/index.php?rest_route=\/wp\/v2\/types\/post"}],"author":[{"embeddable":true,"href":"https:\/\/minutobahia24h.com.br\/index.php?rest_route=\/wp\/v2\/users\/2"}],"replies":[{"embeddable":true,"href":"https:\/\/minutobahia24h.com.br\/index.php?rest_route=%2Fwp%2Fv2%2Fcomments&post=43865"}],"version-history":[{"count":1,"href":"https:\/\/minutobahia24h.com.br\/index.php?rest_route=\/wp\/v2\/posts\/43865\/revisions"}],"predecessor-version":[{"id":43867,"href":"https:\/\/minutobahia24h.com.br\/index.php?rest_route=\/wp\/v2\/posts\/43865\/revisions\/43867"}],"wp:featuredmedia":[{"embeddable":true,"href":"https:\/\/minutobahia24h.com.br\/index.php?rest_route=\/wp\/v2\/media\/43866"}],"wp:attachment":[{"href":"https:\/\/minutobahia24h.com.br\/index.php?rest_route=%2Fwp%2Fv2%2Fmedia&parent=43865"}],"wp:term":[{"taxonomy":"category","embeddable":true,"href":"https:\/\/minutobahia24h.com.br\/index.php?rest_route=%2Fwp%2Fv2%2Fcategories&post=43865"},{"taxonomy":"post_tag","embeddable":true,"href":"https:\/\/minutobahia24h.com.br\/index.php?rest_route=%2Fwp%2Fv2%2Ftags&post=43865"}],"curies":[{"name":"wp","href":"https:\/\/api.w.org\/{rel}","templated":true}]}}