{"id":43814,"date":"2026-04-24T08:39:38","date_gmt":"2026-04-24T11:39:38","guid":{"rendered":"https:\/\/minutobahia24h.com.br\/?p=43814"},"modified":"2026-04-24T08:39:40","modified_gmt":"2026-04-24T11:39:40","slug":"jeronimo-articula-fim-de-lixoes-e-prestigia-festival-do-queijo-em-capim-grosso","status":"publish","type":"post","link":"https:\/\/minutobahia24h.com.br\/?p=43814","title":{"rendered":"Jer\u00f4nimo articula fim de lix\u00f5es e prestigia Festival do Queijo em Capim Grosso"},"content":{"rendered":"<div class=\"wp-block-image\">\n<figure class=\"aligncenter size-full\"><img data-recalc-dims=\"1\" fetchpriority=\"high\" decoding=\"async\" width=\"600\" height=\"420\" src=\"https:\/\/i0.wp.com\/minutobahia24h.com.br\/wp-content\/uploads\/2026\/04\/Sem-titulo-241.jpg?resize=600%2C420&#038;ssl=1\" alt=\"\" class=\"wp-image-43815\" srcset=\"https:\/\/i0.wp.com\/minutobahia24h.com.br\/wp-content\/uploads\/2026\/04\/Sem-titulo-241.jpg?w=600&amp;ssl=1 600w, https:\/\/i0.wp.com\/minutobahia24h.com.br\/wp-content\/uploads\/2026\/04\/Sem-titulo-241.jpg?resize=300%2C210&amp;ssl=1 300w\" sizes=\"(max-width: 600px) 100vw, 600px\" \/><figcaption class=\"wp-element-caption\">Foto: Feij\u00e3o Almeida\/GOVBA<br><\/figcaption><\/figure>\n<\/div>\n\n\n<p class=\"wp-block-paragraph\">Em Capim Grosso, nesta quinta-feira (23), o governador Jer\u00f4nimo Rodrigues (PT) participou de reuni\u00e3o com representantes de cons\u00f3rcios p\u00fablicos multifinalit\u00e1rios. O encontro tratou de solu\u00e7\u00f5es para a gest\u00e3o de res\u00edduos s\u00f3lidos urbanos e a implementa\u00e7\u00e3o da log\u00edstica reversa. Na mesma agenda, ele tamb\u00e9m prestigiou o I Festival do Queijo do Territ\u00f3rio Bacia do Jacu\u00edpe, iniciativa voltada ao fortalecimento da agricultura familiar.<\/p>\n\n\n\n<p class=\"wp-block-paragraph\">O encontro foi realizado no Centro de F\u00e9 e Cultura Dom Jairo Matos. O espa\u00e7o reuniu lideran\u00e7as de diversos munic\u00edpios baianos. A atividade deu continuidade \u00e0s discuss\u00f5es iniciadas anteriormente com o Cons\u00f3rcio Intermunicipal do Mosaico das \u00c1reas de Prote\u00e7\u00e3o Ambiental do Baixo Sul (Ciapra).<\/p>\n\n\n\n<p class=\"wp-block-paragraph\">Segundo o governador, 28 cons\u00f3rcios participam da agenda, discutindo alternativas para o encerramento dos lix\u00f5es, conforme previsto na legisla\u00e7\u00e3o \u201cSabemos que muitos munic\u00edpios, especialmente os menores, n\u00e3o t\u00eam condi\u00e7\u00f5es financeiras de implantar sozinhos estruturas como aterros sanit\u00e1rios. Por isso, o modelo de cons\u00f3rcios se fortalece, permitindo solu\u00e7\u00f5es compartilhadas, que tamb\u00e9m envolvem cooperativas, coleta seletiva e educa\u00e7\u00e3o ambiental\u201d, disse Jer\u00f4nimo.&nbsp;<\/p>\n\n\n\n<p class=\"wp-block-paragraph\">De acordo com o presidente da Federa\u00e7\u00e3o dos Cons\u00f3rcios P\u00fablicos do Estado da Bahia (FECBAHIA) e prefeito de Capim Grosso, Sivaldo Rios, a uni\u00e3o entre os munic\u00edpios \u00e9 essencial para avan\u00e7ar nas solu\u00e7\u00f5es. \u201cEstamos construindo uma modelagem que cabe no or\u00e7amento dos munic\u00edpios, especialmente os de menor porte, e que tamb\u00e9m inclui os catadores e catadoras de materiais recicl\u00e1veis nesse processo, garantindo gera\u00e7\u00e3o de renda e inclus\u00e3o social. Foi um caminho que exigiu muito di\u00e1logo e uma constru\u00e7\u00e3o coletiva, mas acredito que estamos chegando a uma solu\u00e7\u00e3o vi\u00e1vel\u201d, afirmou.<\/p>\n\n\n\n<p class=\"wp-block-paragraph\"><strong>I Festival de Queijo<\/strong><\/p>\n\n\n\n<p class=\"wp-block-paragraph\">O governador tamb\u00e9m participou do I Festival de Queijo do Territ\u00f3rio Bacia do Jacu\u00edpe, realizado pelo Cons\u00f3rcio Jacu\u00edpe, com apoio do Governo do Estado, por meio da Companhia de Desenvolvimento e A\u00e7\u00e3o Regional (CAR). O evento, que acontece at\u00e9 s\u00e1bado (25), re\u00fane produtores de queijo artesanal, empreendedores da gastronomia regional e visitantes, fortalecendo a agricultura familiar.<\/p>\n\n\n\n<p class=\"wp-block-paragraph\">Para a comerciante e dona de uma agroind\u00fastria, Cris Ferreira, que veio de Riach\u00e3o do Jacu\u00edpe, a iniciativa contribui para dinamizar o com\u00e9rcio e estimular a produ\u00e7\u00e3o no campo. \u201cMais do que movimentar a economia, a feira tamb\u00e9m incentiva a agricultura familiar, que \u00e9 respons\u00e1vel por alimentar muitas fam\u00edlias da nossa regi\u00e3o e de todo o pa\u00eds\u201d, disse ela.<\/p>\n\n\n\n<p class=\"wp-block-paragraph\">J\u00e1 a vendedora Isabel Cristiane, conhecida como Cris do Queijo, ressalta a feira como uma forma de ampliar a visibilidade e a comercializa\u00e7\u00e3o. \u201cA gente trabalha com queijo, frios e doces, ent\u00e3o participar de uma feira como essa \u00e9 uma oportunidade importante de mostrar nossos produtos para mais pessoas\u201d, concluiu.<\/p>\n\n\n\n<p class=\"wp-block-paragraph\">bahia.ba<\/p>\n","protected":false},"excerpt":{"rendered":"<p>Em Capim Grosso, nesta quinta-feira (23), o governador Jer\u00f4nimo Rodrigues (PT) participou de reuni\u00e3o com representantes de cons\u00f3rcios p\u00fablicos multifinalit\u00e1rios. O encontro tratou de solu\u00e7\u00f5es para a gest\u00e3o de res\u00edduos s\u00f3lidos urbanos e a implementa\u00e7\u00e3o da log\u00edstica reversa. Na mesma agenda, ele tamb\u00e9m prestigiou o I Festival do Queijo do Territ\u00f3rio Bacia do Jacu\u00edpe, iniciativa [&hellip;]<\/p>\n","protected":false},"author":2,"featured_media":43815,"comment_status":"open","ping_status":"open","sticky":false,"template":"","format":"standard","meta":{"_jetpack_newsletter_access":"","_jetpack_dont_email_post_to_subs":false,"_jetpack_newsletter_tier_id":0,"_jetpack_memberships_contains_paywalled_content":false,"_jetpack_feature_clip_id":0,"_jetpack_memberships_contains_paid_content":false,"footnotes":"","jetpack_post_was_ever_published":false},"categories":[3],"tags":[],"class_list":["post-43814","post","type-post","status-publish","format-standard","has-post-thumbnail","hentry","category-regional"],"aioseo_notices":[],"aioseo_head":"\n\t\t<!-- All in One SEO 5.0.1.1 - aioseo.com -->\n\t<meta name=\"description\" content=\"Em Capim Grosso, nesta quinta-feira (23), o governador Jer\u00f4nimo Rodrigues (PT) participou de reuni\u00e3o com representantes de cons\u00f3rcios p\u00fablicos multifinalit\u00e1rios. O encontro tratou de solu\u00e7\u00f5es para a gest\u00e3o de res\u00edduos s\u00f3lidos urbanos e a implementa\u00e7\u00e3o da log\u00edstica reversa. Na mesma agenda, ele tamb\u00e9m prestigiou o I Festival do Queijo do Territ\u00f3rio Bacia do Jacu\u00edpe, iniciativa\" \/>\n\t<meta name=\"robots\" content=\"max-image-preview:large\" \/>\n\t<meta name=\"author\" content=\"andre\"\/>\n\t<link rel=\"canonical\" href=\"https:\/\/minutobahia24h.com.br\/?p=43814\" \/>\n\t<meta name=\"generator\" content=\"All in One SEO (AIOSEO) 5.0.1.1\" \/>\n\t\t<meta property=\"og:locale\" content=\"pt_BR\" \/>\n\t\t<meta property=\"og:site_name\" content=\"Minuto Bahia 24h - O seu portal de not\u00edcias\" \/>\n\t\t<meta property=\"og:type\" content=\"article\" \/>\n\t\t<meta property=\"og:title\" content=\"Jer\u00f4nimo articula fim de lix\u00f5es e prestigia Festival do Queijo em Capim Grosso - Minuto Bahia 24h\" \/>\n\t\t<meta property=\"og:description\" content=\"Em Capim Grosso, nesta quinta-feira (23), o governador Jer\u00f4nimo Rodrigues (PT) participou de reuni\u00e3o com representantes de cons\u00f3rcios p\u00fablicos multifinalit\u00e1rios. O encontro tratou de solu\u00e7\u00f5es para a gest\u00e3o de res\u00edduos s\u00f3lidos urbanos e a implementa\u00e7\u00e3o da log\u00edstica reversa. Na mesma agenda, ele tamb\u00e9m prestigiou o I Festival do Queijo do Territ\u00f3rio Bacia do Jacu\u00edpe, iniciativa\" \/>\n\t\t<meta property=\"og:url\" content=\"https:\/\/minutobahia24h.com.br\/?p=43814\" \/>\n\t\t<meta property=\"og:image\" content=\"https:\/\/minutobahia24h.com.br\/wp-content\/uploads\/2026\/04\/Sem-titulo-241.jpg\" \/>\n\t\t<meta property=\"og:image:secure_url\" content=\"https:\/\/minutobahia24h.com.br\/wp-content\/uploads\/2026\/04\/Sem-titulo-241.jpg\" \/>\n\t\t<meta property=\"og:image:width\" content=\"600\" \/>\n\t\t<meta property=\"og:image:height\" content=\"420\" \/>\n\t\t<meta property=\"article:published_time\" content=\"2026-04-24T11:39:38+00:00\" \/>\n\t\t<meta property=\"article:modified_time\" content=\"2026-04-24T11:39:40+00:00\" \/>\n\t\t<meta name=\"twitter:card\" content=\"summary_large_image\" \/>\n\t\t<meta name=\"twitter:title\" content=\"Jer\u00f4nimo articula fim de lix\u00f5es e prestigia Festival do Queijo em Capim Grosso - Minuto Bahia 24h\" \/>\n\t\t<meta name=\"twitter:description\" content=\"Em Capim Grosso, nesta quinta-feira (23), o governador Jer\u00f4nimo Rodrigues (PT) participou de reuni\u00e3o com representantes de cons\u00f3rcios p\u00fablicos multifinalit\u00e1rios. O encontro tratou de solu\u00e7\u00f5es para a gest\u00e3o de res\u00edduos s\u00f3lidos urbanos e a implementa\u00e7\u00e3o da log\u00edstica reversa. Na mesma agenda, ele tamb\u00e9m prestigiou o I Festival do Queijo do Territ\u00f3rio Bacia do Jacu\u00edpe, iniciativa\" \/>\n\t\t<meta name=\"twitter:image\" content=\"https:\/\/minutobahia24h.com.br\/wp-content\/uploads\/2026\/04\/Sem-titulo-241.jpg\" \/>\n\t\t<script type=\"application\/ld+json\" class=\"aioseo-schema\">\n\t\t\t{\"@context\":\"https:\\\/\\\/schema.org\",\"@graph\":[{\"@type\":\"BlogPosting\",\"@id\":\"https:\\\/\\\/minutobahia24h.com.br\\\/?p=43814#blogposting\",\"name\":\"Jer\\u00f4nimo articula fim de lix\\u00f5es e prestigia Festival do Queijo em Capim Grosso - Minuto Bahia 24h\",\"headline\":\"Jer\\u00f4nimo articula fim de lix\\u00f5es e prestigia Festival do Queijo em Capim Grosso\",\"author\":{\"@id\":\"https:\\\/\\\/minutobahia24h.com.br\\\/?author=2#author\"},\"publisher\":{\"@id\":\"https:\\\/\\\/minutobahia24h.com.br\\\/#organization\"},\"image\":{\"@type\":\"ImageObject\",\"url\":\"https:\\\/\\\/i0.wp.com\\\/minutobahia24h.com.br\\\/wp-content\\\/uploads\\\/2026\\\/04\\\/Sem-titulo-241.jpg?fit=600%2C420&ssl=1\",\"width\":600,\"height\":420},\"datePublished\":\"2026-04-24T08:39:38-03:00\",\"dateModified\":\"2026-04-24T08:39:40-03:00\",\"inLanguage\":\"pt-BR\",\"mainEntityOfPage\":{\"@id\":\"https:\\\/\\\/minutobahia24h.com.br\\\/?p=43814#webpage\"},\"isPartOf\":{\"@id\":\"https:\\\/\\\/minutobahia24h.com.br\\\/?p=43814#webpage\"},\"articleSection\":\"Regional\"},{\"@type\":\"BreadcrumbList\",\"@id\":\"https:\\\/\\\/minutobahia24h.com.br\\\/?p=43814#breadcrumblist\",\"itemListElement\":[{\"@type\":\"ListItem\",\"@id\":\"https:\\\/\\\/minutobahia24h.com.br#listItem\",\"position\":1,\"name\":\"In\\u00edcio\",\"item\":\"https:\\\/\\\/minutobahia24h.com.br\",\"nextItem\":{\"@type\":\"ListItem\",\"@id\":\"https:\\\/\\\/minutobahia24h.com.br\\\/?cat=3#listItem\",\"name\":\"Regional\"}},{\"@type\":\"ListItem\",\"@id\":\"https:\\\/\\\/minutobahia24h.com.br\\\/?cat=3#listItem\",\"position\":2,\"name\":\"Regional\",\"item\":\"https:\\\/\\\/minutobahia24h.com.br\\\/?cat=3\",\"nextItem\":{\"@type\":\"ListItem\",\"@id\":\"https:\\\/\\\/minutobahia24h.com.br\\\/?p=43814#listItem\",\"name\":\"Jer\\u00f4nimo articula fim de lix\\u00f5es e prestigia Festival do Queijo em Capim Grosso\"},\"previousItem\":{\"@type\":\"ListItem\",\"@id\":\"https:\\\/\\\/minutobahia24h.com.br#listItem\",\"name\":\"In\\u00edcio\"}},{\"@type\":\"ListItem\",\"@id\":\"https:\\\/\\\/minutobahia24h.com.br\\\/?p=43814#listItem\",\"position\":3,\"name\":\"Jer\\u00f4nimo articula fim de lix\\u00f5es e prestigia Festival do Queijo em Capim Grosso\",\"previousItem\":{\"@type\":\"ListItem\",\"@id\":\"https:\\\/\\\/minutobahia24h.com.br\\\/?cat=3#listItem\",\"name\":\"Regional\"}}]},{\"@type\":\"Organization\",\"@id\":\"https:\\\/\\\/minutobahia24h.com.br\\\/#organization\",\"name\":\"Minuto Bahia 24h\",\"description\":\"O seu portal de not\\u00edcias\",\"url\":\"https:\\\/\\\/minutobahia24h.com.br\\\/\",\"logo\":{\"@type\":\"ImageObject\",\"url\":\"https:\\\/\\\/i0.wp.com\\\/minutobahia24h.com.br\\\/wp-content\\\/uploads\\\/2023\\\/09\\\/cropped-minutoba.png?fit=457%2C119&ssl=1\",\"@id\":\"https:\\\/\\\/minutobahia24h.com.br\\\/?p=43814\\\/#organizationLogo\",\"width\":457,\"height\":119},\"image\":{\"@id\":\"https:\\\/\\\/minutobahia24h.com.br\\\/?p=43814\\\/#organizationLogo\"}},{\"@type\":\"Person\",\"@id\":\"https:\\\/\\\/minutobahia24h.com.br\\\/?author=2#author\",\"url\":\"https:\\\/\\\/minutobahia24h.com.br\\\/?author=2\",\"name\":\"andre\",\"image\":{\"@type\":\"ImageObject\",\"@id\":\"https:\\\/\\\/minutobahia24h.com.br\\\/?p=43814#authorImage\",\"url\":\"https:\\\/\\\/secure.gravatar.com\\\/avatar\\\/0ec5eafed5f3925c321625d79a680d589901b94bca787ae396a35f6c4a960922?s=96&d=mm&r=g\",\"width\":96,\"height\":96,\"caption\":\"andre\"}},{\"@type\":\"WebPage\",\"@id\":\"https:\\\/\\\/minutobahia24h.com.br\\\/?p=43814#webpage\",\"url\":\"https:\\\/\\\/minutobahia24h.com.br\\\/?p=43814\",\"name\":\"Jer\\u00f4nimo articula fim de lix\\u00f5es e prestigia Festival do Queijo em Capim Grosso - Minuto Bahia 24h\",\"description\":\"Em Capim Grosso, nesta quinta-feira (23), o governador Jer\\u00f4nimo Rodrigues (PT) participou de reuni\\u00e3o com representantes de cons\\u00f3rcios p\\u00fablicos multifinalit\\u00e1rios. O encontro tratou de solu\\u00e7\\u00f5es para a gest\\u00e3o de res\\u00edduos s\\u00f3lidos urbanos e a implementa\\u00e7\\u00e3o da log\\u00edstica reversa. Na mesma agenda, ele tamb\\u00e9m prestigiou o I Festival do Queijo do Territ\\u00f3rio Bacia do Jacu\\u00edpe, iniciativa\",\"inLanguage\":\"pt-BR\",\"isPartOf\":{\"@id\":\"https:\\\/\\\/minutobahia24h.com.br\\\/#website\"},\"breadcrumb\":{\"@id\":\"https:\\\/\\\/minutobahia24h.com.br\\\/?p=43814#breadcrumblist\"},\"author\":{\"@id\":\"https:\\\/\\\/minutobahia24h.com.br\\\/?author=2#author\"},\"creator\":{\"@id\":\"https:\\\/\\\/minutobahia24h.com.br\\\/?author=2#author\"},\"image\":{\"@type\":\"ImageObject\",\"url\":\"https:\\\/\\\/i0.wp.com\\\/minutobahia24h.com.br\\\/wp-content\\\/uploads\\\/2026\\\/04\\\/Sem-titulo-241.jpg?fit=600%2C420&ssl=1\",\"@id\":\"https:\\\/\\\/minutobahia24h.com.br\\\/?p=43814\\\/#mainImage\",\"width\":600,\"height\":420},\"primaryImageOfPage\":{\"@id\":\"https:\\\/\\\/minutobahia24h.com.br\\\/?p=43814#mainImage\"},\"datePublished\":\"2026-04-24T08:39:38-03:00\",\"dateModified\":\"2026-04-24T08:39:40-03:00\"},{\"@type\":\"WebSite\",\"@id\":\"https:\\\/\\\/minutobahia24h.com.br\\\/#website\",\"url\":\"https:\\\/\\\/minutobahia24h.com.br\\\/\",\"name\":\"Minuto Bahia 24h\",\"description\":\"O seu portal de not\\u00edcias\",\"inLanguage\":\"pt-BR\",\"publisher\":{\"@id\":\"https:\\\/\\\/minutobahia24h.com.br\\\/#organization\"}}]}\n\t\t<\/script>\n\t\t<!-- All in One SEO -->\n\n","aioseo_head_json":{"title":"Jer\u00f4nimo articula fim de lix\u00f5es e prestigia Festival do Queijo em Capim Grosso - Minuto Bahia 24h","description":"Em Capim Grosso, nesta quinta-feira (23), o governador Jer\u00f4nimo Rodrigues (PT) participou de reuni\u00e3o com representantes de cons\u00f3rcios p\u00fablicos multifinalit\u00e1rios. O encontro tratou de solu\u00e7\u00f5es para a gest\u00e3o de res\u00edduos s\u00f3lidos urbanos e a implementa\u00e7\u00e3o da log\u00edstica reversa. Na mesma agenda, ele tamb\u00e9m prestigiou o I Festival do Queijo do Territ\u00f3rio Bacia do Jacu\u00edpe, iniciativa","canonical_url":"https:\/\/minutobahia24h.com.br\/?p=43814","robots":"max-image-preview:large","keywords":"","webmasterTools":{"miscellaneous":""},"schema":{"@context":"https:\/\/schema.org","@graph":[{"@type":"BlogPosting","@id":"https:\/\/minutobahia24h.com.br\/?p=43814#blogposting","name":"Jer\u00f4nimo articula fim de lix\u00f5es e prestigia Festival do Queijo em Capim Grosso - Minuto Bahia 24h","headline":"Jer\u00f4nimo articula fim de lix\u00f5es e prestigia Festival do Queijo em Capim Grosso","author":{"@id":"https:\/\/minutobahia24h.com.br\/?author=2#author"},"publisher":{"@id":"https:\/\/minutobahia24h.com.br\/#organization"},"image":{"@type":"ImageObject","url":"https:\/\/i0.wp.com\/minutobahia24h.com.br\/wp-content\/uploads\/2026\/04\/Sem-titulo-241.jpg?fit=600%2C420&ssl=1","width":600,"height":420},"datePublished":"2026-04-24T08:39:38-03:00","dateModified":"2026-04-24T08:39:40-03:00","inLanguage":"pt-BR","mainEntityOfPage":{"@id":"https:\/\/minutobahia24h.com.br\/?p=43814#webpage"},"isPartOf":{"@id":"https:\/\/minutobahia24h.com.br\/?p=43814#webpage"},"articleSection":"Regional"},{"@type":"BreadcrumbList","@id":"https:\/\/minutobahia24h.com.br\/?p=43814#breadcrumblist","itemListElement":[{"@type":"ListItem","@id":"https:\/\/minutobahia24h.com.br#listItem","position":1,"name":"In\u00edcio","item":"https:\/\/minutobahia24h.com.br","nextItem":{"@type":"ListItem","@id":"https:\/\/minutobahia24h.com.br\/?cat=3#listItem","name":"Regional"}},{"@type":"ListItem","@id":"https:\/\/minutobahia24h.com.br\/?cat=3#listItem","position":2,"name":"Regional","item":"https:\/\/minutobahia24h.com.br\/?cat=3","nextItem":{"@type":"ListItem","@id":"https:\/\/minutobahia24h.com.br\/?p=43814#listItem","name":"Jer\u00f4nimo articula fim de lix\u00f5es e prestigia Festival do Queijo em Capim Grosso"},"previousItem":{"@type":"ListItem","@id":"https:\/\/minutobahia24h.com.br#listItem","name":"In\u00edcio"}},{"@type":"ListItem","@id":"https:\/\/minutobahia24h.com.br\/?p=43814#listItem","position":3,"name":"Jer\u00f4nimo articula fim de lix\u00f5es e prestigia Festival do Queijo em Capim Grosso","previousItem":{"@type":"ListItem","@id":"https:\/\/minutobahia24h.com.br\/?cat=3#listItem","name":"Regional"}}]},{"@type":"Organization","@id":"https:\/\/minutobahia24h.com.br\/#organization","name":"Minuto Bahia 24h","description":"O seu portal de not\u00edcias","url":"https:\/\/minutobahia24h.com.br\/","logo":{"@type":"ImageObject","url":"https:\/\/i0.wp.com\/minutobahia24h.com.br\/wp-content\/uploads\/2023\/09\/cropped-minutoba.png?fit=457%2C119&ssl=1","@id":"https:\/\/minutobahia24h.com.br\/?p=43814\/#organizationLogo","width":457,"height":119},"image":{"@id":"https:\/\/minutobahia24h.com.br\/?p=43814\/#organizationLogo"}},{"@type":"Person","@id":"https:\/\/minutobahia24h.com.br\/?author=2#author","url":"https:\/\/minutobahia24h.com.br\/?author=2","name":"andre","image":{"@type":"ImageObject","@id":"https:\/\/minutobahia24h.com.br\/?p=43814#authorImage","url":"https:\/\/secure.gravatar.com\/avatar\/0ec5eafed5f3925c321625d79a680d589901b94bca787ae396a35f6c4a960922?s=96&d=mm&r=g","width":96,"height":96,"caption":"andre"}},{"@type":"WebPage","@id":"https:\/\/minutobahia24h.com.br\/?p=43814#webpage","url":"https:\/\/minutobahia24h.com.br\/?p=43814","name":"Jer\u00f4nimo articula fim de lix\u00f5es e prestigia Festival do Queijo em Capim Grosso - Minuto Bahia 24h","description":"Em Capim Grosso, nesta quinta-feira (23), o governador Jer\u00f4nimo Rodrigues (PT) participou de reuni\u00e3o com representantes de cons\u00f3rcios p\u00fablicos multifinalit\u00e1rios. O encontro tratou de solu\u00e7\u00f5es para a gest\u00e3o de res\u00edduos s\u00f3lidos urbanos e a implementa\u00e7\u00e3o da log\u00edstica reversa. Na mesma agenda, ele tamb\u00e9m prestigiou o I Festival do Queijo do Territ\u00f3rio Bacia do Jacu\u00edpe, iniciativa","inLanguage":"pt-BR","isPartOf":{"@id":"https:\/\/minutobahia24h.com.br\/#website"},"breadcrumb":{"@id":"https:\/\/minutobahia24h.com.br\/?p=43814#breadcrumblist"},"author":{"@id":"https:\/\/minutobahia24h.com.br\/?author=2#author"},"creator":{"@id":"https:\/\/minutobahia24h.com.br\/?author=2#author"},"image":{"@type":"ImageObject","url":"https:\/\/i0.wp.com\/minutobahia24h.com.br\/wp-content\/uploads\/2026\/04\/Sem-titulo-241.jpg?fit=600%2C420&ssl=1","@id":"https:\/\/minutobahia24h.com.br\/?p=43814\/#mainImage","width":600,"height":420},"primaryImageOfPage":{"@id":"https:\/\/minutobahia24h.com.br\/?p=43814#mainImage"},"datePublished":"2026-04-24T08:39:38-03:00","dateModified":"2026-04-24T08:39:40-03:00"},{"@type":"WebSite","@id":"https:\/\/minutobahia24h.com.br\/#website","url":"https:\/\/minutobahia24h.com.br\/","name":"Minuto Bahia 24h","description":"O seu portal de not\u00edcias","inLanguage":"pt-BR","publisher":{"@id":"https:\/\/minutobahia24h.com.br\/#organization"}}]},"og:locale":"pt_BR","og:site_name":"Minuto Bahia 24h - O seu portal de not\u00edcias","og:type":"article","og:title":"Jer\u00f4nimo articula fim de lix\u00f5es e prestigia Festival do Queijo em Capim Grosso - Minuto Bahia 24h","og:description":"Em Capim Grosso, nesta quinta-feira (23), o governador Jer\u00f4nimo Rodrigues (PT) participou de reuni\u00e3o com representantes de cons\u00f3rcios p\u00fablicos multifinalit\u00e1rios. O encontro tratou de solu\u00e7\u00f5es para a gest\u00e3o de res\u00edduos s\u00f3lidos urbanos e a implementa\u00e7\u00e3o da log\u00edstica reversa. Na mesma agenda, ele tamb\u00e9m prestigiou o I Festival do Queijo do Territ\u00f3rio Bacia do Jacu\u00edpe, iniciativa","og:url":"https:\/\/minutobahia24h.com.br\/?p=43814","og:image":"https:\/\/minutobahia24h.com.br\/wp-content\/uploads\/2026\/04\/Sem-titulo-241.jpg","og:image:secure_url":"https:\/\/minutobahia24h.com.br\/wp-content\/uploads\/2026\/04\/Sem-titulo-241.jpg","og:image:width":600,"og:image:height":420,"article:published_time":"2026-04-24T11:39:38+00:00","article:modified_time":"2026-04-24T11:39:40+00:00","twitter:card":"summary_large_image","twitter:title":"Jer\u00f4nimo articula fim de lix\u00f5es e prestigia Festival do Queijo em Capim Grosso - Minuto Bahia 24h","twitter:description":"Em Capim Grosso, nesta quinta-feira (23), o governador Jer\u00f4nimo Rodrigues (PT) participou de reuni\u00e3o com representantes de cons\u00f3rcios p\u00fablicos multifinalit\u00e1rios. O encontro tratou de solu\u00e7\u00f5es para a gest\u00e3o de res\u00edduos s\u00f3lidos urbanos e a implementa\u00e7\u00e3o da log\u00edstica reversa. Na mesma agenda, ele tamb\u00e9m prestigiou o I Festival do Queijo do Territ\u00f3rio Bacia do Jacu\u00edpe, iniciativa","twitter:image":"https:\/\/minutobahia24h.com.br\/wp-content\/uploads\/2026\/04\/Sem-titulo-241.jpg"},"aioseo_meta_data":{"post_id":"43814","title":null,"description":null,"keywords":null,"keyphrases":{"focus":{"keyphrase":"","score":0,"analysis":{"keyphraseInTitle":{"score":0,"maxScore":9,"error":1}}},"additional":[]},"primary_term":null,"canonical_url":null,"og_title":null,"og_description":null,"og_object_type":"default","og_image_type":"default","og_image_url":null,"og_image_width":null,"og_image_height":null,"og_image_custom_url":null,"og_image_custom_fields":null,"og_video":"","og_custom_url":null,"og_article_section":null,"og_article_tags":null,"twitter_use_og":true,"twitter_card":"default","twitter_image_type":"default","twitter_image_url":null,"twitter_image_custom_url":null,"twitter_image_custom_fields":null,"twitter_title":null,"twitter_description":null,"schema":{"blockGraphs":[],"customGraphs":[],"default":{"data":{"Article":[],"Course":[],"Dataset":[],"FAQPage":[],"Movie":[],"Person":[],"Product":[],"ProductReview":[],"Car":[],"Recipe":[],"Service":[],"SoftwareApplication":[],"WebPage":[]},"graphName":"BlogPosting","isEnabled":true},"graphs":[]},"schema_type":"default","schema_type_options":null,"pillar_content":false,"robots_default":true,"robots_noindex":false,"robots_noarchive":false,"robots_nosnippet":false,"robots_nofollow":false,"robots_noimageindex":false,"robots_noodp":false,"robots_notranslate":false,"robots_max_snippet":"-1","robots_max_videopreview":"-1","robots_max_imagepreview":"large","priority":null,"frequency":"default","local_seo":null,"breadcrumb_settings":null,"limit_modified_date":false,"ai":{"faqs":[],"keyPoints":[],"schemas":[],"titles":[],"descriptions":[],"socialPosts":{"email":[],"linkedin":[],"twitter":[],"facebook":[],"instagram":[]}},"created":"2026-04-24 11:39:40","updated":"2026-04-24 11:59:40","seo_analyzer_scan_date":null,"focus_keyword":null,"additional_keywords":null,"truseo_locale":null},"aioseo_breadcrumb":"<div class=\"aioseo-breadcrumbs\"><span class=\"aioseo-breadcrumb\">\n\t\t\t<a href=\"https:\/\/minutobahia24h.com.br\" title=\"In\u00edcio\">In\u00edcio<\/a>\n\t\t<\/span><span class=\"aioseo-breadcrumb-separator\">&raquo;<\/span><span class=\"aioseo-breadcrumb\">\n\t\t\t<a href=\"https:\/\/minutobahia24h.com.br\/?cat=3\" title=\"Regional\">Regional<\/a>\n\t\t<\/span><span class=\"aioseo-breadcrumb-separator\">&raquo;<\/span><span class=\"aioseo-breadcrumb\">\n\t\t\tJer\u00f4nimo articula fim de lix\u00f5es e prestigia Festival do Queijo em Capim Grosso\n\t\t<\/span><\/div>","aioseo_breadcrumb_json":[{"label":"In\u00edcio","link":"https:\/\/minutobahia24h.com.br"},{"label":"Regional","link":"https:\/\/minutobahia24h.com.br\/?cat=3"},{"label":"Jer\u00f4nimo articula fim de lix\u00f5es e prestigia Festival do Queijo em Capim Grosso","link":"https:\/\/minutobahia24h.com.br\/?p=43814"}],"jetpack_sharing_enabled":true,"jetpack_featured_media_url":"https:\/\/i0.wp.com\/minutobahia24h.com.br\/wp-content\/uploads\/2026\/04\/Sem-titulo-241.jpg?fit=600%2C420&ssl=1","_links":{"self":[{"href":"https:\/\/minutobahia24h.com.br\/index.php?rest_route=\/wp\/v2\/posts\/43814","targetHints":{"allow":["GET"]}}],"collection":[{"href":"https:\/\/minutobahia24h.com.br\/index.php?rest_route=\/wp\/v2\/posts"}],"about":[{"href":"https:\/\/minutobahia24h.com.br\/index.php?rest_route=\/wp\/v2\/types\/post"}],"author":[{"embeddable":true,"href":"https:\/\/minutobahia24h.com.br\/index.php?rest_route=\/wp\/v2\/users\/2"}],"replies":[{"embeddable":true,"href":"https:\/\/minutobahia24h.com.br\/index.php?rest_route=%2Fwp%2Fv2%2Fcomments&post=43814"}],"version-history":[{"count":1,"href":"https:\/\/minutobahia24h.com.br\/index.php?rest_route=\/wp\/v2\/posts\/43814\/revisions"}],"predecessor-version":[{"id":43816,"href":"https:\/\/minutobahia24h.com.br\/index.php?rest_route=\/wp\/v2\/posts\/43814\/revisions\/43816"}],"wp:featuredmedia":[{"embeddable":true,"href":"https:\/\/minutobahia24h.com.br\/index.php?rest_route=\/wp\/v2\/media\/43815"}],"wp:attachment":[{"href":"https:\/\/minutobahia24h.com.br\/index.php?rest_route=%2Fwp%2Fv2%2Fmedia&parent=43814"}],"wp:term":[{"taxonomy":"category","embeddable":true,"href":"https:\/\/minutobahia24h.com.br\/index.php?rest_route=%2Fwp%2Fv2%2Fcategories&post=43814"},{"taxonomy":"post_tag","embeddable":true,"href":"https:\/\/minutobahia24h.com.br\/index.php?rest_route=%2Fwp%2Fv2%2Ftags&post=43814"}],"curies":[{"name":"wp","href":"https:\/\/api.w.org\/{rel}","templated":true}]}}