{"id":43782,"date":"2026-04-24T07:05:38","date_gmt":"2026-04-24T10:05:38","guid":{"rendered":"https:\/\/minutobahia24h.com.br\/?p=43782"},"modified":"2026-04-24T07:05:40","modified_gmt":"2026-04-24T10:05:40","slug":"professores-de-feira-receberao-60-dos-precatorios-do-fundef","status":"publish","type":"post","link":"https:\/\/minutobahia24h.com.br\/?p=43782","title":{"rendered":"Professores de Feira receber\u00e3o 60% dos precat\u00f3rios do FUNDEF"},"content":{"rendered":"<div class=\"wp-block-image\">\n<figure class=\"aligncenter size-large\"><img data-recalc-dims=\"1\" fetchpriority=\"high\" decoding=\"async\" width=\"800\" height=\"534\" src=\"https:\/\/i0.wp.com\/minutobahia24h.com.br\/wp-content\/uploads\/2026\/04\/Sem-titulo-231-1024x683.jpg?resize=800%2C534&#038;ssl=1\" alt=\"\" class=\"wp-image-43783\" srcset=\"https:\/\/i0.wp.com\/minutobahia24h.com.br\/wp-content\/uploads\/2026\/04\/Sem-titulo-231.jpg?resize=1024%2C683&amp;ssl=1 1024w, https:\/\/i0.wp.com\/minutobahia24h.com.br\/wp-content\/uploads\/2026\/04\/Sem-titulo-231.jpg?resize=300%2C200&amp;ssl=1 300w, https:\/\/i0.wp.com\/minutobahia24h.com.br\/wp-content\/uploads\/2026\/04\/Sem-titulo-231.jpg?resize=768%2C512&amp;ssl=1 768w, https:\/\/i0.wp.com\/minutobahia24h.com.br\/wp-content\/uploads\/2026\/04\/Sem-titulo-231.jpg?resize=750%2C500&amp;ssl=1 750w, https:\/\/i0.wp.com\/minutobahia24h.com.br\/wp-content\/uploads\/2026\/04\/Sem-titulo-231.jpg?w=1077&amp;ssl=1 1077w\" sizes=\"(max-width: 800px) 100vw, 800px\" \/><figcaption class=\"wp-element-caption\">Vota\u00e7\u00e3o no plen\u00e1rio da C\u00e2mara de Feira de Santana &#8211;\u00a0Foto: Ascom\/ CMFS<br><br><\/figcaption><\/figure>\n<\/div>\n\n\n<p class=\"wp-block-paragraph\">A C\u00e2mara Municipal de&nbsp;<a href=\"https:\/\/atarde.com.br\/bahia\/pastor-e-suspeito-de-homofobia-em-hospital-de-feira-de-santana-1386621\" target=\"_blank\" rel=\"noreferrer noopener\">Feira de Santana<\/a>&nbsp;aprovou, nesta quinta-feira, 23, o Projeto de Lei n\u00ba 77\/2026, de autoria do Poder Executivo, que destina cerca de&nbsp;<strong>60% do valor<\/strong>&nbsp;principal da primeira parcela dos&nbsp;<strong>precat\u00f3rios<\/strong>&nbsp;do Fundo de Manuten\u00e7\u00e3o e Desenvolvimento do Ensino Fundamental e&nbsp;<a href=\"https:\/\/atarde.com.br\/bahia\/primeira-dama-da-bahia-sera-homenageada-na-camara-de-feira-de-santana-1386144\" target=\"_blank\" rel=\"noreferrer noopener\">Valoriza\u00e7\u00e3o do Magist\u00e9rio&nbsp;<\/a>(FUNDEF), j\u00e1 recebidos pelo Munic\u00edpio em 2026, ao pagamento de abono para professores da rede municipal de educa\u00e7\u00e3o.<\/p>\n\n\n\n<p class=\"wp-block-paragraph\">Com car\u00e1ter de indeniza\u00e7\u00e3o, o&nbsp;<a href=\"https:\/\/atarde.com.br\/bahia\/professores-de-feira-de-santana-terao-aumento-de-54-no-salario-1385476\" target=\"_blank\" rel=\"noreferrer noopener\">benef\u00edcio<\/a>&nbsp;n\u00e3o ser\u00e1 incorporado \u00e0 remunera\u00e7\u00e3o, aposentadoria ou pens\u00e3o dos profissionais. Conforme o projeto, ter\u00e3o direito ao recebimento os profissionais que exerceram cargo p\u00fablico e estavam em atividade na educa\u00e7\u00e3o b\u00e1sica da rede municipal entre janeiro de 1997 e dezembro de 2006.<\/p>\n\n\n\n<p class=\"wp-block-paragraph\">O benef\u00edcio tamb\u00e9m contempla docentes contratados pelo Regime Especial de Direito Administrativo (REDA). A identifica\u00e7\u00e3o dos benefici\u00e1rios ser\u00e1 feita com base nos registros da folha de&nbsp;<a href=\"https:\/\/atarde.com.br\/educacao\/mec-livros-cresce-no-brasil-veja-como-acessar-o-app-1385377\" target=\"_blank\" rel=\"noreferrer noopener\">pagamento<\/a>&nbsp;da Secretaria Municipal de Educa\u00e7\u00e3o (Seduc) referentes ao per\u00edodo.<\/p>\n\n\n\n<p class=\"wp-block-paragraph\"><strong>\ufeffSem juros<\/strong><\/p>\n\n\n\n<p class=\"wp-block-paragraph\">Conforme o texto&nbsp;<a href=\"https:\/\/atarde.com.br\/politica\/prefeita-de-itatim-abandona-oposicao-e-anuncia-apoio-a-jeronimo-1386656\" target=\"_blank\" rel=\"noreferrer noopener\">aprovado pelo Legislativo<\/a>, o repasse ser\u00e1 feito aos professores sem juros. De acordo com o vereador Z\u00e9 Carneiro (Uni\u00e3o Brasil), a medida segue o formato de outras cidades brasileiras. O vereador assegurou que, caso haja determina\u00e7\u00e3o judicial, a gest\u00e3o municipal proceder\u00e1 o pagamento dos juros. &#8220;O prefeito Jos\u00e9 Ronaldo se comprometeu, e n\u00f3s acreditamos na palavra do prefeito,&nbsp;que, havendo decis\u00e3o da Justi\u00e7a, n\u00e3o recorrer\u00e1 e pagar\u00e1 os juros&#8221;, garantiu.<\/p>\n\n\n\n<p class=\"wp-block-paragraph\"><strong><em>*Kenna Martins \u00e9 Correspondente do Grupo A TARDE em Feira de Santana<\/em><\/strong><\/p>\n","protected":false},"excerpt":{"rendered":"<p>A C\u00e2mara Municipal de&nbsp;Feira de Santana&nbsp;aprovou, nesta quinta-feira, 23, o Projeto de Lei n\u00ba 77\/2026, de autoria do Poder Executivo, que destina cerca de&nbsp;60% do valor&nbsp;principal da primeira parcela dos&nbsp;precat\u00f3rios&nbsp;do Fundo de Manuten\u00e7\u00e3o e Desenvolvimento do Ensino Fundamental e&nbsp;Valoriza\u00e7\u00e3o do Magist\u00e9rio&nbsp;(FUNDEF), j\u00e1 recebidos pelo Munic\u00edpio em 2026, ao pagamento de abono para professores da rede [&hellip;]<\/p>\n","protected":false},"author":2,"featured_media":43783,"comment_status":"open","ping_status":"open","sticky":false,"template":"","format":"standard","meta":{"_jetpack_newsletter_access":"","_jetpack_dont_email_post_to_subs":false,"_jetpack_newsletter_tier_id":0,"_jetpack_memberships_contains_paywalled_content":false,"_jetpack_feature_clip_id":0,"_jetpack_memberships_contains_paid_content":false,"footnotes":"","jetpack_post_was_ever_published":false},"categories":[3],"tags":[],"class_list":["post-43782","post","type-post","status-publish","format-standard","has-post-thumbnail","hentry","category-regional"],"aioseo_notices":[],"aioseo_head":"\n\t\t<!-- All in One SEO 5.0.1.1 - aioseo.com -->\n\t<meta name=\"description\" content=\"A C\u00e2mara Municipal de Feira de Santana aprovou, nesta quinta-feira, 23, o Projeto de Lei n\u00ba 77\/2026, de autoria do Poder Executivo, que destina cerca de 60% do valor principal da primeira parcela dos precat\u00f3rios do Fundo de Manuten\u00e7\u00e3o e Desenvolvimento do Ensino Fundamental e Valoriza\u00e7\u00e3o do Magist\u00e9rio (FUNDEF), j\u00e1 recebidos pelo Munic\u00edpio em 2026, ao pagamento de abono para professores da rede\" \/>\n\t<meta name=\"robots\" content=\"max-image-preview:large\" \/>\n\t<meta name=\"author\" content=\"andre\"\/>\n\t<link rel=\"canonical\" href=\"https:\/\/minutobahia24h.com.br\/?p=43782\" \/>\n\t<meta name=\"generator\" content=\"All in One SEO (AIOSEO) 5.0.1.1\" \/>\n\t\t<meta property=\"og:locale\" content=\"pt_BR\" \/>\n\t\t<meta property=\"og:site_name\" content=\"Minuto Bahia 24h - O seu portal de not\u00edcias\" \/>\n\t\t<meta property=\"og:type\" content=\"article\" \/>\n\t\t<meta property=\"og:title\" content=\"Professores de Feira receber\u00e3o 60% dos precat\u00f3rios do FUNDEF - Minuto Bahia 24h\" \/>\n\t\t<meta property=\"og:description\" content=\"A C\u00e2mara Municipal de Feira de Santana aprovou, nesta quinta-feira, 23, o Projeto de Lei n\u00ba 77\/2026, de autoria do Poder Executivo, que destina cerca de 60% do valor principal da primeira parcela dos precat\u00f3rios do Fundo de Manuten\u00e7\u00e3o e Desenvolvimento do Ensino Fundamental e Valoriza\u00e7\u00e3o do Magist\u00e9rio (FUNDEF), j\u00e1 recebidos pelo Munic\u00edpio em 2026, ao pagamento de abono para professores da rede\" \/>\n\t\t<meta property=\"og:url\" content=\"https:\/\/minutobahia24h.com.br\/?p=43782\" \/>\n\t\t<meta property=\"og:image\" content=\"https:\/\/minutobahia24h.com.br\/wp-content\/uploads\/2026\/04\/Sem-titulo-231.jpg\" \/>\n\t\t<meta property=\"og:image:secure_url\" content=\"https:\/\/minutobahia24h.com.br\/wp-content\/uploads\/2026\/04\/Sem-titulo-231.jpg\" \/>\n\t\t<meta property=\"og:image:width\" content=\"1077\" \/>\n\t\t<meta property=\"og:image:height\" content=\"718\" \/>\n\t\t<meta property=\"article:published_time\" content=\"2026-04-24T10:05:38+00:00\" \/>\n\t\t<meta property=\"article:modified_time\" content=\"2026-04-24T10:05:40+00:00\" \/>\n\t\t<meta name=\"twitter:card\" content=\"summary_large_image\" \/>\n\t\t<meta name=\"twitter:title\" content=\"Professores de Feira receber\u00e3o 60% dos precat\u00f3rios do FUNDEF - Minuto Bahia 24h\" \/>\n\t\t<meta name=\"twitter:description\" content=\"A C\u00e2mara Municipal de Feira de Santana aprovou, nesta quinta-feira, 23, o Projeto de Lei n\u00ba 77\/2026, de autoria do Poder Executivo, que destina cerca de 60% do valor principal da primeira parcela dos precat\u00f3rios do Fundo de Manuten\u00e7\u00e3o e Desenvolvimento do Ensino Fundamental e Valoriza\u00e7\u00e3o do Magist\u00e9rio (FUNDEF), j\u00e1 recebidos pelo Munic\u00edpio em 2026, ao pagamento de abono para professores da rede\" \/>\n\t\t<meta name=\"twitter:image\" content=\"https:\/\/minutobahia24h.com.br\/wp-content\/uploads\/2026\/04\/Sem-titulo-231.jpg\" \/>\n\t\t<script type=\"application\/ld+json\" class=\"aioseo-schema\">\n\t\t\t{\"@context\":\"https:\\\/\\\/schema.org\",\"@graph\":[{\"@type\":\"BlogPosting\",\"@id\":\"https:\\\/\\\/minutobahia24h.com.br\\\/?p=43782#blogposting\",\"name\":\"Professores de Feira receber\\u00e3o 60% dos precat\\u00f3rios do FUNDEF - Minuto Bahia 24h\",\"headline\":\"Professores de Feira receber\\u00e3o 60% dos precat\\u00f3rios do FUNDEF\",\"author\":{\"@id\":\"https:\\\/\\\/minutobahia24h.com.br\\\/?author=2#author\"},\"publisher\":{\"@id\":\"https:\\\/\\\/minutobahia24h.com.br\\\/#organization\"},\"image\":{\"@type\":\"ImageObject\",\"url\":\"https:\\\/\\\/i0.wp.com\\\/minutobahia24h.com.br\\\/wp-content\\\/uploads\\\/2026\\\/04\\\/Sem-titulo-231.jpg?fit=1077%2C718&ssl=1\",\"width\":1077,\"height\":718},\"datePublished\":\"2026-04-24T07:05:38-03:00\",\"dateModified\":\"2026-04-24T07:05:40-03:00\",\"inLanguage\":\"pt-BR\",\"mainEntityOfPage\":{\"@id\":\"https:\\\/\\\/minutobahia24h.com.br\\\/?p=43782#webpage\"},\"isPartOf\":{\"@id\":\"https:\\\/\\\/minutobahia24h.com.br\\\/?p=43782#webpage\"},\"articleSection\":\"Regional\"},{\"@type\":\"BreadcrumbList\",\"@id\":\"https:\\\/\\\/minutobahia24h.com.br\\\/?p=43782#breadcrumblist\",\"itemListElement\":[{\"@type\":\"ListItem\",\"@id\":\"https:\\\/\\\/minutobahia24h.com.br#listItem\",\"position\":1,\"name\":\"In\\u00edcio\",\"item\":\"https:\\\/\\\/minutobahia24h.com.br\",\"nextItem\":{\"@type\":\"ListItem\",\"@id\":\"https:\\\/\\\/minutobahia24h.com.br\\\/?cat=3#listItem\",\"name\":\"Regional\"}},{\"@type\":\"ListItem\",\"@id\":\"https:\\\/\\\/minutobahia24h.com.br\\\/?cat=3#listItem\",\"position\":2,\"name\":\"Regional\",\"item\":\"https:\\\/\\\/minutobahia24h.com.br\\\/?cat=3\",\"nextItem\":{\"@type\":\"ListItem\",\"@id\":\"https:\\\/\\\/minutobahia24h.com.br\\\/?p=43782#listItem\",\"name\":\"Professores de Feira receber\\u00e3o 60% dos precat\\u00f3rios do FUNDEF\"},\"previousItem\":{\"@type\":\"ListItem\",\"@id\":\"https:\\\/\\\/minutobahia24h.com.br#listItem\",\"name\":\"In\\u00edcio\"}},{\"@type\":\"ListItem\",\"@id\":\"https:\\\/\\\/minutobahia24h.com.br\\\/?p=43782#listItem\",\"position\":3,\"name\":\"Professores de Feira receber\\u00e3o 60% dos precat\\u00f3rios do FUNDEF\",\"previousItem\":{\"@type\":\"ListItem\",\"@id\":\"https:\\\/\\\/minutobahia24h.com.br\\\/?cat=3#listItem\",\"name\":\"Regional\"}}]},{\"@type\":\"Organization\",\"@id\":\"https:\\\/\\\/minutobahia24h.com.br\\\/#organization\",\"name\":\"Minuto Bahia 24h\",\"description\":\"O seu portal de not\\u00edcias\",\"url\":\"https:\\\/\\\/minutobahia24h.com.br\\\/\",\"logo\":{\"@type\":\"ImageObject\",\"url\":\"https:\\\/\\\/i0.wp.com\\\/minutobahia24h.com.br\\\/wp-content\\\/uploads\\\/2023\\\/09\\\/cropped-minutoba.png?fit=457%2C119&ssl=1\",\"@id\":\"https:\\\/\\\/minutobahia24h.com.br\\\/?p=43782\\\/#organizationLogo\",\"width\":457,\"height\":119},\"image\":{\"@id\":\"https:\\\/\\\/minutobahia24h.com.br\\\/?p=43782\\\/#organizationLogo\"}},{\"@type\":\"Person\",\"@id\":\"https:\\\/\\\/minutobahia24h.com.br\\\/?author=2#author\",\"url\":\"https:\\\/\\\/minutobahia24h.com.br\\\/?author=2\",\"name\":\"andre\",\"image\":{\"@type\":\"ImageObject\",\"@id\":\"https:\\\/\\\/minutobahia24h.com.br\\\/?p=43782#authorImage\",\"url\":\"https:\\\/\\\/secure.gravatar.com\\\/avatar\\\/0ec5eafed5f3925c321625d79a680d589901b94bca787ae396a35f6c4a960922?s=96&d=mm&r=g\",\"width\":96,\"height\":96,\"caption\":\"andre\"}},{\"@type\":\"WebPage\",\"@id\":\"https:\\\/\\\/minutobahia24h.com.br\\\/?p=43782#webpage\",\"url\":\"https:\\\/\\\/minutobahia24h.com.br\\\/?p=43782\",\"name\":\"Professores de Feira receber\\u00e3o 60% dos precat\\u00f3rios do FUNDEF - Minuto Bahia 24h\",\"description\":\"A C\\u00e2mara Municipal de Feira de Santana aprovou, nesta quinta-feira, 23, o Projeto de Lei n\\u00ba 77\\\/2026, de autoria do Poder Executivo, que destina cerca de 60% do valor principal da primeira parcela dos precat\\u00f3rios do Fundo de Manuten\\u00e7\\u00e3o e Desenvolvimento do Ensino Fundamental e Valoriza\\u00e7\\u00e3o do Magist\\u00e9rio (FUNDEF), j\\u00e1 recebidos pelo Munic\\u00edpio em 2026, ao pagamento de abono para professores da rede\",\"inLanguage\":\"pt-BR\",\"isPartOf\":{\"@id\":\"https:\\\/\\\/minutobahia24h.com.br\\\/#website\"},\"breadcrumb\":{\"@id\":\"https:\\\/\\\/minutobahia24h.com.br\\\/?p=43782#breadcrumblist\"},\"author\":{\"@id\":\"https:\\\/\\\/minutobahia24h.com.br\\\/?author=2#author\"},\"creator\":{\"@id\":\"https:\\\/\\\/minutobahia24h.com.br\\\/?author=2#author\"},\"image\":{\"@type\":\"ImageObject\",\"url\":\"https:\\\/\\\/i0.wp.com\\\/minutobahia24h.com.br\\\/wp-content\\\/uploads\\\/2026\\\/04\\\/Sem-titulo-231.jpg?fit=1077%2C718&ssl=1\",\"@id\":\"https:\\\/\\\/minutobahia24h.com.br\\\/?p=43782\\\/#mainImage\",\"width\":1077,\"height\":718},\"primaryImageOfPage\":{\"@id\":\"https:\\\/\\\/minutobahia24h.com.br\\\/?p=43782#mainImage\"},\"datePublished\":\"2026-04-24T07:05:38-03:00\",\"dateModified\":\"2026-04-24T07:05:40-03:00\"},{\"@type\":\"WebSite\",\"@id\":\"https:\\\/\\\/minutobahia24h.com.br\\\/#website\",\"url\":\"https:\\\/\\\/minutobahia24h.com.br\\\/\",\"name\":\"Minuto Bahia 24h\",\"description\":\"O seu portal de not\\u00edcias\",\"inLanguage\":\"pt-BR\",\"publisher\":{\"@id\":\"https:\\\/\\\/minutobahia24h.com.br\\\/#organization\"}}]}\n\t\t<\/script>\n\t\t<!-- All in One SEO -->\n\n","aioseo_head_json":{"title":"Professores de Feira receber\u00e3o 60% dos precat\u00f3rios do FUNDEF - Minuto Bahia 24h","description":"A C\u00e2mara Municipal de Feira de Santana aprovou, nesta quinta-feira, 23, o Projeto de Lei n\u00ba 77\/2026, de autoria do Poder Executivo, que destina cerca de 60% do valor principal da primeira parcela dos precat\u00f3rios do Fundo de Manuten\u00e7\u00e3o e Desenvolvimento do Ensino Fundamental e Valoriza\u00e7\u00e3o do Magist\u00e9rio (FUNDEF), j\u00e1 recebidos pelo Munic\u00edpio em 2026, ao pagamento de abono para professores da rede","canonical_url":"https:\/\/minutobahia24h.com.br\/?p=43782","robots":"max-image-preview:large","keywords":"","webmasterTools":{"miscellaneous":""},"schema":{"@context":"https:\/\/schema.org","@graph":[{"@type":"BlogPosting","@id":"https:\/\/minutobahia24h.com.br\/?p=43782#blogposting","name":"Professores de Feira receber\u00e3o 60% dos precat\u00f3rios do FUNDEF - Minuto Bahia 24h","headline":"Professores de Feira receber\u00e3o 60% dos precat\u00f3rios do FUNDEF","author":{"@id":"https:\/\/minutobahia24h.com.br\/?author=2#author"},"publisher":{"@id":"https:\/\/minutobahia24h.com.br\/#organization"},"image":{"@type":"ImageObject","url":"https:\/\/i0.wp.com\/minutobahia24h.com.br\/wp-content\/uploads\/2026\/04\/Sem-titulo-231.jpg?fit=1077%2C718&ssl=1","width":1077,"height":718},"datePublished":"2026-04-24T07:05:38-03:00","dateModified":"2026-04-24T07:05:40-03:00","inLanguage":"pt-BR","mainEntityOfPage":{"@id":"https:\/\/minutobahia24h.com.br\/?p=43782#webpage"},"isPartOf":{"@id":"https:\/\/minutobahia24h.com.br\/?p=43782#webpage"},"articleSection":"Regional"},{"@type":"BreadcrumbList","@id":"https:\/\/minutobahia24h.com.br\/?p=43782#breadcrumblist","itemListElement":[{"@type":"ListItem","@id":"https:\/\/minutobahia24h.com.br#listItem","position":1,"name":"In\u00edcio","item":"https:\/\/minutobahia24h.com.br","nextItem":{"@type":"ListItem","@id":"https:\/\/minutobahia24h.com.br\/?cat=3#listItem","name":"Regional"}},{"@type":"ListItem","@id":"https:\/\/minutobahia24h.com.br\/?cat=3#listItem","position":2,"name":"Regional","item":"https:\/\/minutobahia24h.com.br\/?cat=3","nextItem":{"@type":"ListItem","@id":"https:\/\/minutobahia24h.com.br\/?p=43782#listItem","name":"Professores de Feira receber\u00e3o 60% dos precat\u00f3rios do FUNDEF"},"previousItem":{"@type":"ListItem","@id":"https:\/\/minutobahia24h.com.br#listItem","name":"In\u00edcio"}},{"@type":"ListItem","@id":"https:\/\/minutobahia24h.com.br\/?p=43782#listItem","position":3,"name":"Professores de Feira receber\u00e3o 60% dos precat\u00f3rios do FUNDEF","previousItem":{"@type":"ListItem","@id":"https:\/\/minutobahia24h.com.br\/?cat=3#listItem","name":"Regional"}}]},{"@type":"Organization","@id":"https:\/\/minutobahia24h.com.br\/#organization","name":"Minuto Bahia 24h","description":"O seu portal de not\u00edcias","url":"https:\/\/minutobahia24h.com.br\/","logo":{"@type":"ImageObject","url":"https:\/\/i0.wp.com\/minutobahia24h.com.br\/wp-content\/uploads\/2023\/09\/cropped-minutoba.png?fit=457%2C119&ssl=1","@id":"https:\/\/minutobahia24h.com.br\/?p=43782\/#organizationLogo","width":457,"height":119},"image":{"@id":"https:\/\/minutobahia24h.com.br\/?p=43782\/#organizationLogo"}},{"@type":"Person","@id":"https:\/\/minutobahia24h.com.br\/?author=2#author","url":"https:\/\/minutobahia24h.com.br\/?author=2","name":"andre","image":{"@type":"ImageObject","@id":"https:\/\/minutobahia24h.com.br\/?p=43782#authorImage","url":"https:\/\/secure.gravatar.com\/avatar\/0ec5eafed5f3925c321625d79a680d589901b94bca787ae396a35f6c4a960922?s=96&d=mm&r=g","width":96,"height":96,"caption":"andre"}},{"@type":"WebPage","@id":"https:\/\/minutobahia24h.com.br\/?p=43782#webpage","url":"https:\/\/minutobahia24h.com.br\/?p=43782","name":"Professores de Feira receber\u00e3o 60% dos precat\u00f3rios do FUNDEF - Minuto Bahia 24h","description":"A C\u00e2mara Municipal de Feira de Santana aprovou, nesta quinta-feira, 23, o Projeto de Lei n\u00ba 77\/2026, de autoria do Poder Executivo, que destina cerca de 60% do valor principal da primeira parcela dos precat\u00f3rios do Fundo de Manuten\u00e7\u00e3o e Desenvolvimento do Ensino Fundamental e Valoriza\u00e7\u00e3o do Magist\u00e9rio (FUNDEF), j\u00e1 recebidos pelo Munic\u00edpio em 2026, ao pagamento de abono para professores da rede","inLanguage":"pt-BR","isPartOf":{"@id":"https:\/\/minutobahia24h.com.br\/#website"},"breadcrumb":{"@id":"https:\/\/minutobahia24h.com.br\/?p=43782#breadcrumblist"},"author":{"@id":"https:\/\/minutobahia24h.com.br\/?author=2#author"},"creator":{"@id":"https:\/\/minutobahia24h.com.br\/?author=2#author"},"image":{"@type":"ImageObject","url":"https:\/\/i0.wp.com\/minutobahia24h.com.br\/wp-content\/uploads\/2026\/04\/Sem-titulo-231.jpg?fit=1077%2C718&ssl=1","@id":"https:\/\/minutobahia24h.com.br\/?p=43782\/#mainImage","width":1077,"height":718},"primaryImageOfPage":{"@id":"https:\/\/minutobahia24h.com.br\/?p=43782#mainImage"},"datePublished":"2026-04-24T07:05:38-03:00","dateModified":"2026-04-24T07:05:40-03:00"},{"@type":"WebSite","@id":"https:\/\/minutobahia24h.com.br\/#website","url":"https:\/\/minutobahia24h.com.br\/","name":"Minuto Bahia 24h","description":"O seu portal de not\u00edcias","inLanguage":"pt-BR","publisher":{"@id":"https:\/\/minutobahia24h.com.br\/#organization"}}]},"og:locale":"pt_BR","og:site_name":"Minuto Bahia 24h - O seu portal de not\u00edcias","og:type":"article","og:title":"Professores de Feira receber\u00e3o 60% dos precat\u00f3rios do FUNDEF - Minuto Bahia 24h","og:description":"A C\u00e2mara Municipal de Feira de Santana aprovou, nesta quinta-feira, 23, o Projeto de Lei n\u00ba 77\/2026, de autoria do Poder Executivo, que destina cerca de 60% do valor principal da primeira parcela dos precat\u00f3rios do Fundo de Manuten\u00e7\u00e3o e Desenvolvimento do Ensino Fundamental e Valoriza\u00e7\u00e3o do Magist\u00e9rio (FUNDEF), j\u00e1 recebidos pelo Munic\u00edpio em 2026, ao pagamento de abono para professores da rede","og:url":"https:\/\/minutobahia24h.com.br\/?p=43782","og:image":"https:\/\/minutobahia24h.com.br\/wp-content\/uploads\/2026\/04\/Sem-titulo-231.jpg","og:image:secure_url":"https:\/\/minutobahia24h.com.br\/wp-content\/uploads\/2026\/04\/Sem-titulo-231.jpg","og:image:width":1077,"og:image:height":718,"article:published_time":"2026-04-24T10:05:38+00:00","article:modified_time":"2026-04-24T10:05:40+00:00","twitter:card":"summary_large_image","twitter:title":"Professores de Feira receber\u00e3o 60% dos precat\u00f3rios do FUNDEF - Minuto Bahia 24h","twitter:description":"A C\u00e2mara Municipal de Feira de Santana aprovou, nesta quinta-feira, 23, o Projeto de Lei n\u00ba 77\/2026, de autoria do Poder Executivo, que destina cerca de 60% do valor principal da primeira parcela dos precat\u00f3rios do Fundo de Manuten\u00e7\u00e3o e Desenvolvimento do Ensino Fundamental e Valoriza\u00e7\u00e3o do Magist\u00e9rio (FUNDEF), j\u00e1 recebidos pelo Munic\u00edpio em 2026, ao pagamento de abono para professores da rede","twitter:image":"https:\/\/minutobahia24h.com.br\/wp-content\/uploads\/2026\/04\/Sem-titulo-231.jpg"},"aioseo_meta_data":{"post_id":"43782","title":null,"description":null,"keywords":null,"keyphrases":{"focus":{"keyphrase":"","score":0,"analysis":{"keyphraseInTitle":{"score":0,"maxScore":9,"error":1}}},"additional":[]},"primary_term":null,"canonical_url":null,"og_title":null,"og_description":null,"og_object_type":"default","og_image_type":"default","og_image_url":null,"og_image_width":null,"og_image_height":null,"og_image_custom_url":null,"og_image_custom_fields":null,"og_video":"","og_custom_url":null,"og_article_section":null,"og_article_tags":null,"twitter_use_og":true,"twitter_card":"default","twitter_image_type":"default","twitter_image_url":null,"twitter_image_custom_url":null,"twitter_image_custom_fields":null,"twitter_title":null,"twitter_description":null,"schema":{"blockGraphs":[],"customGraphs":[],"default":{"data":{"Article":[],"Course":[],"Dataset":[],"FAQPage":[],"Movie":[],"Person":[],"Product":[],"ProductReview":[],"Car":[],"Recipe":[],"Service":[],"SoftwareApplication":[],"WebPage":[]},"graphName":"BlogPosting","isEnabled":true},"graphs":[]},"schema_type":"default","schema_type_options":null,"pillar_content":false,"robots_default":true,"robots_noindex":false,"robots_noarchive":false,"robots_nosnippet":false,"robots_nofollow":false,"robots_noimageindex":false,"robots_noodp":false,"robots_notranslate":false,"robots_max_snippet":"-1","robots_max_videopreview":"-1","robots_max_imagepreview":"large","priority":null,"frequency":"default","local_seo":null,"breadcrumb_settings":null,"limit_modified_date":false,"ai":{"faqs":[],"keyPoints":[],"schemas":[],"titles":[],"descriptions":[],"socialPosts":{"email":[],"linkedin":[],"twitter":[],"facebook":[],"instagram":[]}},"created":"2026-04-24 10:05:40","updated":"2026-04-24 10:52:29","seo_analyzer_scan_date":null,"focus_keyword":null,"additional_keywords":null,"truseo_locale":null},"aioseo_breadcrumb":"<div class=\"aioseo-breadcrumbs\"><span class=\"aioseo-breadcrumb\">\n\t\t\t<a href=\"https:\/\/minutobahia24h.com.br\" title=\"In\u00edcio\">In\u00edcio<\/a>\n\t\t<\/span><span class=\"aioseo-breadcrumb-separator\">&raquo;<\/span><span class=\"aioseo-breadcrumb\">\n\t\t\t<a href=\"https:\/\/minutobahia24h.com.br\/?cat=3\" title=\"Regional\">Regional<\/a>\n\t\t<\/span><span class=\"aioseo-breadcrumb-separator\">&raquo;<\/span><span class=\"aioseo-breadcrumb\">\n\t\t\tProfessores de Feira receber\u00e3o 60% dos precat\u00f3rios do FUNDEF\n\t\t<\/span><\/div>","aioseo_breadcrumb_json":[{"label":"In\u00edcio","link":"https:\/\/minutobahia24h.com.br"},{"label":"Regional","link":"https:\/\/minutobahia24h.com.br\/?cat=3"},{"label":"Professores de Feira receber\u00e3o 60% dos precat\u00f3rios do FUNDEF","link":"https:\/\/minutobahia24h.com.br\/?p=43782"}],"jetpack_sharing_enabled":true,"jetpack_featured_media_url":"https:\/\/i0.wp.com\/minutobahia24h.com.br\/wp-content\/uploads\/2026\/04\/Sem-titulo-231.jpg?fit=1077%2C718&ssl=1","_links":{"self":[{"href":"https:\/\/minutobahia24h.com.br\/index.php?rest_route=\/wp\/v2\/posts\/43782","targetHints":{"allow":["GET"]}}],"collection":[{"href":"https:\/\/minutobahia24h.com.br\/index.php?rest_route=\/wp\/v2\/posts"}],"about":[{"href":"https:\/\/minutobahia24h.com.br\/index.php?rest_route=\/wp\/v2\/types\/post"}],"author":[{"embeddable":true,"href":"https:\/\/minutobahia24h.com.br\/index.php?rest_route=\/wp\/v2\/users\/2"}],"replies":[{"embeddable":true,"href":"https:\/\/minutobahia24h.com.br\/index.php?rest_route=%2Fwp%2Fv2%2Fcomments&post=43782"}],"version-history":[{"count":1,"href":"https:\/\/minutobahia24h.com.br\/index.php?rest_route=\/wp\/v2\/posts\/43782\/revisions"}],"predecessor-version":[{"id":43784,"href":"https:\/\/minutobahia24h.com.br\/index.php?rest_route=\/wp\/v2\/posts\/43782\/revisions\/43784"}],"wp:featuredmedia":[{"embeddable":true,"href":"https:\/\/minutobahia24h.com.br\/index.php?rest_route=\/wp\/v2\/media\/43783"}],"wp:attachment":[{"href":"https:\/\/minutobahia24h.com.br\/index.php?rest_route=%2Fwp%2Fv2%2Fmedia&parent=43782"}],"wp:term":[{"taxonomy":"category","embeddable":true,"href":"https:\/\/minutobahia24h.com.br\/index.php?rest_route=%2Fwp%2Fv2%2Fcategories&post=43782"},{"taxonomy":"post_tag","embeddable":true,"href":"https:\/\/minutobahia24h.com.br\/index.php?rest_route=%2Fwp%2Fv2%2Ftags&post=43782"}],"curies":[{"name":"wp","href":"https:\/\/api.w.org\/{rel}","templated":true}]}}