{"id":43173,"date":"2026-04-08T07:26:56","date_gmt":"2026-04-08T10:26:56","guid":{"rendered":"https:\/\/minutobahia24h.com.br\/?p=43173"},"modified":"2026-04-08T07:26:57","modified_gmt":"2026-04-08T10:26:57","slug":"juazeiro-amplia-protagonismo-no-cenario-economico-da-bahia-com-eleicao-na-faceb","status":"publish","type":"post","link":"https:\/\/minutobahia24h.com.br\/?p=43173","title":{"rendered":"Juazeiro amplia protagonismo no cen\u00e1rio econ\u00f4mico da Bahia com elei\u00e7\u00e3o na Faceb"},"content":{"rendered":"<div class=\"wp-block-image\">\n<figure class=\"aligncenter size-full\"><img data-recalc-dims=\"1\" fetchpriority=\"high\" decoding=\"async\" width=\"618\" height=\"461\" src=\"https:\/\/i0.wp.com\/minutobahia24h.com.br\/wp-content\/uploads\/2026\/04\/Sem-titulo-60.jpg?resize=618%2C461&#038;ssl=1\" alt=\"\" class=\"wp-image-43174\" srcset=\"https:\/\/i0.wp.com\/minutobahia24h.com.br\/wp-content\/uploads\/2026\/04\/Sem-titulo-60.jpg?w=618&amp;ssl=1 618w, https:\/\/i0.wp.com\/minutobahia24h.com.br\/wp-content\/uploads\/2026\/04\/Sem-titulo-60.jpg?resize=300%2C224&amp;ssl=1 300w\" sizes=\"(max-width: 618px) 100vw, 618px\" \/><\/figure>\n<\/div>\n\n\n<p>Juazeiro conquista mais destaque no cen\u00e1rio econ\u00f4mico baiano com a vit\u00f3ria da chapa Unidos para Transformar na elei\u00e7\u00e3o da nova diretoria da Federa\u00e7\u00e3o das Associa\u00e7\u00f5es Comerciais e Empresariais da Bahia-Faceb.<\/p>\n\n\n\n<p>O presidente da Aciaj Juazeiro, George Falc\u00e3o, foi eleito vice-presidente regional Norte, integrando a diretoria liderada por Paulo Cavalcanti (presidente) e Isabela Suarez (vice-presidente executiva). A elei\u00e7\u00e3o ocorreu na manh\u00e3 desta ter\u00e7a-feira (07), em Feira de Santana.<\/p>\n\n\n\n<p>A nova diretoria executiva atuar\u00e1 no bi\u00eanio 2026-2028, com foco no fortalecimento institucional e na amplia\u00e7\u00e3o das articula\u00e7\u00f5es estrat\u00e9gicas para impulsionar o setor produtivo em todo o Estado.<\/p>\n\n\n\n<p>Com presen\u00e7a nos 417 munic\u00edpios baianos, a Faceb ganha ainda mais for\u00e7a na regi\u00e3o Norte com a participa\u00e7\u00e3o de Juazeiro, que passa a ocupar um espa\u00e7o estrat\u00e9gico nas decis\u00f5es e articula\u00e7\u00f5es econ\u00f4micas. A atua\u00e7\u00e3o de George Falc\u00e3o refor\u00e7a esse protagonismo, destacando sua experi\u00eancia no campo econ\u00f4mico e associativista.<\/p>\n\n\n\n<p>\u201cNosso objetivo \u00e9 adotar uma postura firme na tomada de decis\u00f5es que estimulem a economia regional e defender as prerrogativas do empreendedor\u201d, destaca Falc\u00e3o.<\/p>\n\n\n\n<p>M\u00f4nia Ramos &#8211; Ascom Aciaj Juazeiro<\/p>\n","protected":false},"excerpt":{"rendered":"<p>Juazeiro conquista mais destaque no cen\u00e1rio econ\u00f4mico baiano com a vit\u00f3ria da chapa Unidos para Transformar na elei\u00e7\u00e3o da nova diretoria da Federa\u00e7\u00e3o das Associa\u00e7\u00f5es Comerciais e Empresariais da Bahia-Faceb. O presidente da Aciaj Juazeiro, George Falc\u00e3o, foi eleito vice-presidente regional Norte, integrando a diretoria liderada por Paulo Cavalcanti (presidente) e Isabela Suarez (vice-presidente executiva). [&hellip;]<\/p>\n","protected":false},"author":2,"featured_media":43174,"comment_status":"open","ping_status":"open","sticky":false,"template":"","format":"standard","meta":{"_jetpack_memberships_contains_paid_content":false,"footnotes":""},"categories":[3],"tags":[],"class_list":["post-43173","post","type-post","status-publish","format-standard","has-post-thumbnail","hentry","category-regional"],"aioseo_notices":[],"jetpack_featured_media_url":"https:\/\/i0.wp.com\/minutobahia24h.com.br\/wp-content\/uploads\/2026\/04\/Sem-titulo-60.jpg?fit=618%2C461&ssl=1","jetpack_sharing_enabled":true,"_links":{"self":[{"href":"https:\/\/minutobahia24h.com.br\/index.php?rest_route=\/wp\/v2\/posts\/43173","targetHints":{"allow":["GET"]}}],"collection":[{"href":"https:\/\/minutobahia24h.com.br\/index.php?rest_route=\/wp\/v2\/posts"}],"about":[{"href":"https:\/\/minutobahia24h.com.br\/index.php?rest_route=\/wp\/v2\/types\/post"}],"author":[{"embeddable":true,"href":"https:\/\/minutobahia24h.com.br\/index.php?rest_route=\/wp\/v2\/users\/2"}],"replies":[{"embeddable":true,"href":"https:\/\/minutobahia24h.com.br\/index.php?rest_route=%2Fwp%2Fv2%2Fcomments&post=43173"}],"version-history":[{"count":1,"href":"https:\/\/minutobahia24h.com.br\/index.php?rest_route=\/wp\/v2\/posts\/43173\/revisions"}],"predecessor-version":[{"id":43175,"href":"https:\/\/minutobahia24h.com.br\/index.php?rest_route=\/wp\/v2\/posts\/43173\/revisions\/43175"}],"wp:featuredmedia":[{"embeddable":true,"href":"https:\/\/minutobahia24h.com.br\/index.php?rest_route=\/wp\/v2\/media\/43174"}],"wp:attachment":[{"href":"https:\/\/minutobahia24h.com.br\/index.php?rest_route=%2Fwp%2Fv2%2Fmedia&parent=43173"}],"wp:term":[{"taxonomy":"category","embeddable":true,"href":"https:\/\/minutobahia24h.com.br\/index.php?rest_route=%2Fwp%2Fv2%2Fcategories&post=43173"},{"taxonomy":"post_tag","embeddable":true,"href":"https:\/\/minutobahia24h.com.br\/index.php?rest_route=%2Fwp%2Fv2%2Ftags&post=43173"}],"curies":[{"name":"wp","href":"https:\/\/api.w.org\/{rel}","templated":true}]}}