{"id":43060,"date":"2026-04-04T16:08:53","date_gmt":"2026-04-04T19:08:53","guid":{"rendered":"https:\/\/minutobahia24h.com.br\/?p=43060"},"modified":"2026-04-04T16:09:08","modified_gmt":"2026-04-04T19:09:08","slug":"tradicao-e-cultura-marcam-as-comemoracoes-do-sabado-de-aleluia-em-filadelfia","status":"publish","type":"post","link":"https:\/\/minutobahia24h.com.br\/?p=43060","title":{"rendered":"Tradi\u00e7\u00e3o e cultura marcam as comemora\u00e7\u00f5es do S\u00e1bado de Aleluia em Filad\u00e9lfia"},"content":{"rendered":"\n<p>Neste S\u00e1bado de Aleluia, hoje \u00e0 noite, a popula\u00e7\u00e3o de Filad\u00e9lfia e regi\u00e3o poder\u00e1 participar de mais uma edi\u00e7\u00e3o da tradicional Queima de Judas, realizada nas comunidades de Riacho das Pedrinhas e Aguadas, em uma realiza\u00e7\u00e3o das comunidades com apoio da Prefeitura de Filad\u00e9lfia.<br><br>A iniciativa mant\u00e9m viva uma das tradi\u00e7\u00f5es mais populares da cultura nordestina, reunindo fam\u00edlias, amigos e visitantes em uma noite marcada pela cultura, tradi\u00e7\u00e3o, m\u00fasica e confraterniza\u00e7\u00e3o.<br><br>Na comunidade de Riacho das Pedrinhas, a festa contar\u00e1 com muita anima\u00e7\u00e3o e apresenta\u00e7\u00f5es de Careca, Forr\u00f3 Nova Pegada e Adailton Safad\u00e3o, garantindo uma noite de muita m\u00fasica e alegria para o p\u00fablico.<\/p>\n\n\n<div class=\"wp-block-image\">\n<figure class=\"aligncenter size-large\"><img data-recalc-dims=\"1\" fetchpriority=\"high\" decoding=\"async\" width=\"579\" height=\"1024\" src=\"https:\/\/i0.wp.com\/minutobahia24h.com.br\/wp-content\/uploads\/2026\/04\/img-20260404-wa01932002808191626067286-579x1024.jpg?resize=579%2C1024&#038;ssl=1\" alt=\"\" class=\"wp-image-43058\" srcset=\"https:\/\/i0.wp.com\/minutobahia24h.com.br\/wp-content\/uploads\/2026\/04\/img-20260404-wa01932002808191626067286.jpg?resize=579%2C1024&amp;ssl=1 579w, https:\/\/i0.wp.com\/minutobahia24h.com.br\/wp-content\/uploads\/2026\/04\/img-20260404-wa01932002808191626067286.jpg?resize=170%2C300&amp;ssl=1 170w, https:\/\/i0.wp.com\/minutobahia24h.com.br\/wp-content\/uploads\/2026\/04\/img-20260404-wa01932002808191626067286.jpg?resize=768%2C1359&amp;ssl=1 768w, https:\/\/i0.wp.com\/minutobahia24h.com.br\/wp-content\/uploads\/2026\/04\/img-20260404-wa01932002808191626067286.jpg?resize=868%2C1536&amp;ssl=1 868w, https:\/\/i0.wp.com\/minutobahia24h.com.br\/wp-content\/uploads\/2026\/04\/img-20260404-wa01932002808191626067286.jpg?resize=750%2C1327&amp;ssl=1 750w, https:\/\/i0.wp.com\/minutobahia24h.com.br\/wp-content\/uploads\/2026\/04\/img-20260404-wa01932002808191626067286.jpg?w=904&amp;ssl=1 904w\" sizes=\"(max-width: 579px) 100vw, 579px\" \/><\/figure>\n<\/div>\n\n\n<p>J\u00e1 na comunidade de Aguadas, a programa\u00e7\u00e3o ter\u00e1 shows com Samba do Coroa, Nailt\u00e3o e Brilho A2, reunindo a comunidade em uma grande celebra\u00e7\u00e3o cultural.<\/p>\n\n\n<div class=\"wp-block-image\">\n<figure class=\"aligncenter size-large\"><img data-recalc-dims=\"1\" decoding=\"async\" width=\"579\" height=\"1024\" src=\"https:\/\/i0.wp.com\/minutobahia24h.com.br\/wp-content\/uploads\/2026\/04\/img-20260404-wa0192243034806456654902-579x1024.jpg?resize=579%2C1024&#038;ssl=1\" alt=\"\" class=\"wp-image-43059\" srcset=\"https:\/\/i0.wp.com\/minutobahia24h.com.br\/wp-content\/uploads\/2026\/04\/img-20260404-wa0192243034806456654902.jpg?resize=579%2C1024&amp;ssl=1 579w, https:\/\/i0.wp.com\/minutobahia24h.com.br\/wp-content\/uploads\/2026\/04\/img-20260404-wa0192243034806456654902.jpg?resize=170%2C300&amp;ssl=1 170w, https:\/\/i0.wp.com\/minutobahia24h.com.br\/wp-content\/uploads\/2026\/04\/img-20260404-wa0192243034806456654902.jpg?resize=768%2C1359&amp;ssl=1 768w, https:\/\/i0.wp.com\/minutobahia24h.com.br\/wp-content\/uploads\/2026\/04\/img-20260404-wa0192243034806456654902.jpg?resize=868%2C1536&amp;ssl=1 868w, https:\/\/i0.wp.com\/minutobahia24h.com.br\/wp-content\/uploads\/2026\/04\/img-20260404-wa0192243034806456654902.jpg?resize=750%2C1327&amp;ssl=1 750w, https:\/\/i0.wp.com\/minutobahia24h.com.br\/wp-content\/uploads\/2026\/04\/img-20260404-wa0192243034806456654902.jpg?w=904&amp;ssl=1 904w\" sizes=\"(max-width: 579px) 100vw, 579px\" \/><\/figure>\n<\/div>\n\n\n<p>A Prefeitura de Filad\u00e9lfia apoia e incentiva eventos como a Queima de Judas por entender a import\u00e2ncia de valorizar a cultura, as tradi\u00e7\u00f5es e as manifesta\u00e7\u00f5es populares, fortalecendo a identidade do povo e promovendo lazer e integra\u00e7\u00e3o social, tanto na sede quanto nas comunidades da zona rural.<br><br>Mais do que uma festa, a Queima de Judas \u00e9 uma manifesta\u00e7\u00e3o cultural que atravessa gera\u00e7\u00f5es e mant\u00e9m viva a hist\u00f3ria e a identidade do povo de Filad\u00e9lfia.<br><br>Prefeitura de Filad\u00e9lfia <br>Governo da Renova\u00e7\u00e3o.<\/p>\n","protected":false},"excerpt":{"rendered":"<p>Neste S\u00e1bado de Aleluia, hoje \u00e0 noite, a popula\u00e7\u00e3o de Filad\u00e9lfia e regi\u00e3o poder\u00e1 participar de mais uma edi\u00e7\u00e3o da tradicional Queima de Judas, realizada nas comunidades de Riacho das Pedrinhas e Aguadas, em uma realiza\u00e7\u00e3o das comunidades com apoio da Prefeitura de Filad\u00e9lfia. A iniciativa mant\u00e9m viva uma das tradi\u00e7\u00f5es mais populares da cultura [&hellip;]<\/p>\n","protected":false},"author":2,"featured_media":43058,"comment_status":"open","ping_status":"open","sticky":false,"template":"","format":"standard","meta":{"_jetpack_memberships_contains_paid_content":false,"footnotes":""},"categories":[3],"tags":[7],"class_list":["post-43060","post","type-post","status-publish","format-standard","has-post-thumbnail","hentry","category-regional","tag-filadelfia"],"aioseo_notices":[],"jetpack_featured_media_url":"https:\/\/i0.wp.com\/minutobahia24h.com.br\/wp-content\/uploads\/2026\/04\/img-20260404-wa01932002808191626067286.jpg?fit=904%2C1600&ssl=1","jetpack_sharing_enabled":true,"_links":{"self":[{"href":"https:\/\/minutobahia24h.com.br\/index.php?rest_route=\/wp\/v2\/posts\/43060","targetHints":{"allow":["GET"]}}],"collection":[{"href":"https:\/\/minutobahia24h.com.br\/index.php?rest_route=\/wp\/v2\/posts"}],"about":[{"href":"https:\/\/minutobahia24h.com.br\/index.php?rest_route=\/wp\/v2\/types\/post"}],"author":[{"embeddable":true,"href":"https:\/\/minutobahia24h.com.br\/index.php?rest_route=\/wp\/v2\/users\/2"}],"replies":[{"embeddable":true,"href":"https:\/\/minutobahia24h.com.br\/index.php?rest_route=%2Fwp%2Fv2%2Fcomments&post=43060"}],"version-history":[{"count":1,"href":"https:\/\/minutobahia24h.com.br\/index.php?rest_route=\/wp\/v2\/posts\/43060\/revisions"}],"predecessor-version":[{"id":43061,"href":"https:\/\/minutobahia24h.com.br\/index.php?rest_route=\/wp\/v2\/posts\/43060\/revisions\/43061"}],"wp:featuredmedia":[{"embeddable":true,"href":"https:\/\/minutobahia24h.com.br\/index.php?rest_route=\/wp\/v2\/media\/43058"}],"wp:attachment":[{"href":"https:\/\/minutobahia24h.com.br\/index.php?rest_route=%2Fwp%2Fv2%2Fmedia&parent=43060"}],"wp:term":[{"taxonomy":"category","embeddable":true,"href":"https:\/\/minutobahia24h.com.br\/index.php?rest_route=%2Fwp%2Fv2%2Fcategories&post=43060"},{"taxonomy":"post_tag","embeddable":true,"href":"https:\/\/minutobahia24h.com.br\/index.php?rest_route=%2Fwp%2Fv2%2Ftags&post=43060"}],"curies":[{"name":"wp","href":"https:\/\/api.w.org\/{rel}","templated":true}]}}