{"id":42242,"date":"2026-03-16T10:40:06","date_gmt":"2026-03-16T13:40:06","guid":{"rendered":"https:\/\/minutobahia24h.com.br\/?p=42242"},"modified":"2026-03-16T10:40:08","modified_gmt":"2026-03-16T13:40:08","slug":"israel-anuncia-operacao-terrestre-no-libano-contra-o-hezbollah","status":"publish","type":"post","link":"https:\/\/minutobahia24h.com.br\/?p=42242","title":{"rendered":"Israel anuncia opera\u00e7\u00e3o terrestre no L\u00edbano contra o Hezbollah"},"content":{"rendered":"<div class=\"wp-block-image\">\n<figure class=\"aligncenter size-full\"><img data-recalc-dims=\"1\" fetchpriority=\"high\" decoding=\"async\" width=\"800\" height=\"534\" src=\"https:\/\/i0.wp.com\/minutobahia24h.com.br\/wp-content\/uploads\/2026\/03\/Sem-titulo-144.jpg?resize=800%2C534&#038;ssl=1\" alt=\"\" class=\"wp-image-42243\" srcset=\"https:\/\/i0.wp.com\/minutobahia24h.com.br\/wp-content\/uploads\/2026\/03\/Sem-titulo-144.jpg?w=985&amp;ssl=1 985w, https:\/\/i0.wp.com\/minutobahia24h.com.br\/wp-content\/uploads\/2026\/03\/Sem-titulo-144.jpg?resize=300%2C200&amp;ssl=1 300w, https:\/\/i0.wp.com\/minutobahia24h.com.br\/wp-content\/uploads\/2026\/03\/Sem-titulo-144.jpg?resize=768%2C512&amp;ssl=1 768w, https:\/\/i0.wp.com\/minutobahia24h.com.br\/wp-content\/uploads\/2026\/03\/Sem-titulo-144.jpg?resize=750%2C500&amp;ssl=1 750w\" sizes=\"(max-width: 800px) 100vw, 800px\" \/><figcaption class=\"wp-element-caption\">Tanque e blindados israelenses posicionados do lado israelense da fronteira entre Israel e o L\u00edbano em meio a escalada b\u00e9lica contra o grupo terrorista Hezbollah em 10 de mar\u00e7o de 2026. \u2014 Foto: REUTERS\/Amir Cohen<br><\/figcaption><\/figure>\n<\/div>\n\n\n<p>O Ex\u00e9rcito de&nbsp;<a class=\"\" href=\"https:\/\/g1.globo.com\/tudo-sobre\/israel\/\">Israel<\/a>&nbsp;anunciou nesta segunda-feira (16) o in\u00edcio de &#8220;opera\u00e7\u00f5es terrestres limitadas&#8221; no sul do&nbsp;<a class=\"\" href=\"https:\/\/g1.globo.com\/tudo-sobre\/libano\/\">L\u00edbano<\/a>&nbsp;contra o grupo terrorista liban\u00eas&nbsp;<a class=\"\" href=\"https:\/\/g1.globo.com\/tudo-sobre\/hezbollah\/\">Hezbollah<\/a>.&nbsp;A a\u00e7\u00e3o, na pr\u00e1tica, \u00e9 uma invas\u00e3o de territ\u00f3rio.&nbsp;Mais de 800 mil libaneses tiveram que deixar suas casas desde o in\u00edcio do conflito, h\u00e1 tr\u00eas semanas.<\/p>\n\n\n\n<p>Em comunicado, Israel afirmou que a opera\u00e7\u00e3o terrestre tem como objetivo &#8220;estabelecer e fortalecer uma postura defensiva avan\u00e7ada&#8221; com a destrui\u00e7\u00e3o de infraestrutura do Hezbollah na regi\u00e3o.<\/p>\n\n\n\n<blockquote class=\"wp-block-quote is-layout-flow wp-block-quote-is-layout-flow\">\n<p>&#8220;Essa atividade faz parte de esfor\u00e7os defensivos mais amplos para estabelecer e fortalecer uma postura defensiva avan\u00e7ada, que inclui o desmantelamento de infraestrutura terrorista e a elimina\u00e7\u00e3o de terroristas que operam na regi\u00e3o, a fim de criar uma camada adicional de seguran\u00e7a para os moradores do norte de Israel&#8221;, afirmou o Ex\u00e9rcito.<\/p>\n<\/blockquote>\n\n\n\n<p>Junto com o an\u00fancio, o Ex\u00e9rcito de Israel divulgou um v\u00eddeo que mostra uma movimenta\u00e7\u00e3o de tropas e tanques de guerra durante a madrugada, com a c\u00e2mera habilitada para vis\u00e3o noturna.<\/p>\n\n\n\n<p>A opera\u00e7\u00e3o ocorre dias ap\u00f3s o ministro da Defesa israelense, Israel Katz,&nbsp;<a class=\"\" href=\"https:\/\/g1.globo.com\/mundo\/noticia\/2026\/03\/12\/israel-ameaca-tomar-territorios-libano-exercito-prepara-expandir-operacao-contra-hezbollah.ghtml\">ter amea\u00e7ado &#8220;tomar territ\u00f3rios&#8221; no L\u00edbano<\/a>&nbsp;caso o Hezbollah n\u00e3o parasse com os ataques contra Israel. Na semana passada, Katz tamb\u00e9m disse que ordenou que o Ex\u00e9rcito se preparasse para &#8220;expandir&#8221; as opera\u00e7\u00f5es no pa\u00eds vizinho.<\/p>\n\n\n\n<p><a class=\"\" href=\"https:\/\/g1.globo.com\/mundo\/noticia\/2026\/03\/03\/israel-faz-incursoes-militares-fronteira-libano-diz-agencia-ministro-autoriza-avanco-terrestre.ghtml\">Soldados israelenses j\u00e1 operam ao longo da fronteira entre os dois pa\u00edses<\/a>, e Israel vinha acumulando tropas e tanques de guerra no local nas \u00faltimas semanas. H\u00e1 relatos de presen\u00e7a de opera\u00e7\u00f5es terrestres em cidades libanesas no extremo sul do pa\u00eds.<\/p>\n\n\n\n<p>Israel e Hezbollah retomaram no in\u00edcio de mar\u00e7o a guerra entre eles, que estava sob cessar-fogo desde novembro de 2024.<strong>&nbsp;A nova escalada ocorreu por conta de outro conflito<\/strong>, entre EUA, Israel e Ir\u00e3, que eclodiu dia 28 de fevereiro. O grupo liban\u00eas \u00e9 aliado do regime iraniano.<\/p>\n\n\n\n<p>Desde ent\u00e3o, al\u00e9m das investidas terrestres, Israel realiza bombardeios di\u00e1rios contra L\u00edbano, principalmente na capital Beirute. O Ex\u00e9rcito israelense afirma j\u00e1 ter realizado ataques a\u00e9reos contra mais de 1.000 alvos do Hezbollah em territ\u00f3rio liban\u00eas. J\u00e1 o grupo terrorista tem realizado bombardeios coordenados com o Ir\u00e3 contra o territ\u00f3rio israelense.<\/p>\n\n\n\n<p>A guerra entre Israel e Hezbollah j\u00e1 deixou quase 800 mortos no L\u00edbano, e&nbsp;mais de 800 mil pessoas foram deslocadas \u00e0 for\u00e7a, segundo o governo liban\u00eas.<\/p>\n\n\n\n<p>O an\u00fancio desta segunda-feira ocorre ap\u00f3s relatos de combates entre for\u00e7as israelenses e do Hezbollah em cidades no extremo sul do L\u00edbano, por\u00e9m Israel ainda n\u00e3o havia admitido que suas tropas estavam dentro do pa\u00eds vizinho.<\/p>\n","protected":false},"excerpt":{"rendered":"<p>O Ex\u00e9rcito de&nbsp;Israel&nbsp;anunciou nesta segunda-feira (16) o in\u00edcio de &#8220;opera\u00e7\u00f5es terrestres limitadas&#8221; no sul do&nbsp;L\u00edbano&nbsp;contra o grupo terrorista liban\u00eas&nbsp;Hezbollah.&nbsp;A a\u00e7\u00e3o, na pr\u00e1tica, \u00e9 uma invas\u00e3o de territ\u00f3rio.&nbsp;Mais de 800 mil libaneses tiveram que deixar suas casas desde o in\u00edcio do conflito, h\u00e1 tr\u00eas semanas. Em comunicado, Israel afirmou que a opera\u00e7\u00e3o terrestre tem como objetivo [&hellip;]<\/p>\n","protected":false},"author":2,"featured_media":42243,"comment_status":"open","ping_status":"open","sticky":false,"template":"","format":"standard","meta":{"_jetpack_memberships_contains_paid_content":false,"footnotes":""},"categories":[15],"tags":[],"class_list":["post-42242","post","type-post","status-publish","format-standard","has-post-thumbnail","hentry","category-mundo"],"aioseo_notices":[],"jetpack_featured_media_url":"https:\/\/i0.wp.com\/minutobahia24h.com.br\/wp-content\/uploads\/2026\/03\/Sem-titulo-144.jpg?fit=985%2C657&ssl=1","jetpack_sharing_enabled":true,"_links":{"self":[{"href":"https:\/\/minutobahia24h.com.br\/index.php?rest_route=\/wp\/v2\/posts\/42242","targetHints":{"allow":["GET"]}}],"collection":[{"href":"https:\/\/minutobahia24h.com.br\/index.php?rest_route=\/wp\/v2\/posts"}],"about":[{"href":"https:\/\/minutobahia24h.com.br\/index.php?rest_route=\/wp\/v2\/types\/post"}],"author":[{"embeddable":true,"href":"https:\/\/minutobahia24h.com.br\/index.php?rest_route=\/wp\/v2\/users\/2"}],"replies":[{"embeddable":true,"href":"https:\/\/minutobahia24h.com.br\/index.php?rest_route=%2Fwp%2Fv2%2Fcomments&post=42242"}],"version-history":[{"count":1,"href":"https:\/\/minutobahia24h.com.br\/index.php?rest_route=\/wp\/v2\/posts\/42242\/revisions"}],"predecessor-version":[{"id":42244,"href":"https:\/\/minutobahia24h.com.br\/index.php?rest_route=\/wp\/v2\/posts\/42242\/revisions\/42244"}],"wp:featuredmedia":[{"embeddable":true,"href":"https:\/\/minutobahia24h.com.br\/index.php?rest_route=\/wp\/v2\/media\/42243"}],"wp:attachment":[{"href":"https:\/\/minutobahia24h.com.br\/index.php?rest_route=%2Fwp%2Fv2%2Fmedia&parent=42242"}],"wp:term":[{"taxonomy":"category","embeddable":true,"href":"https:\/\/minutobahia24h.com.br\/index.php?rest_route=%2Fwp%2Fv2%2Fcategories&post=42242"},{"taxonomy":"post_tag","embeddable":true,"href":"https:\/\/minutobahia24h.com.br\/index.php?rest_route=%2Fwp%2Fv2%2Ftags&post=42242"}],"curies":[{"name":"wp","href":"https:\/\/api.w.org\/{rel}","templated":true}]}}