{"id":42236,"date":"2026-03-16T10:22:44","date_gmt":"2026-03-16T13:22:44","guid":{"rendered":"https:\/\/minutobahia24h.com.br\/?p=42236"},"modified":"2026-03-16T10:22:45","modified_gmt":"2026-03-16T13:22:45","slug":"ibaneis-tem-negocios-com-o-ecossistema-do-master-desde-pelo-menos-2019","status":"publish","type":"post","link":"https:\/\/minutobahia24h.com.br\/?p=42236","title":{"rendered":"Ibaneis tem neg\u00f3cios com o ecossistema do Master desde pelo menos 2019"},"content":{"rendered":"<div class=\"wp-block-image\">\n<figure class=\"aligncenter size-full\"><img data-recalc-dims=\"1\" fetchpriority=\"high\" decoding=\"async\" width=\"800\" height=\"548\" src=\"https:\/\/i0.wp.com\/minutobahia24h.com.br\/wp-content\/uploads\/2026\/03\/Sem-titulo-142.jpg?resize=800%2C548&#038;ssl=1\" alt=\"\" class=\"wp-image-42237\" srcset=\"https:\/\/i0.wp.com\/minutobahia24h.com.br\/wp-content\/uploads\/2026\/03\/Sem-titulo-142.jpg?w=888&amp;ssl=1 888w, https:\/\/i0.wp.com\/minutobahia24h.com.br\/wp-content\/uploads\/2026\/03\/Sem-titulo-142.jpg?resize=300%2C205&amp;ssl=1 300w, https:\/\/i0.wp.com\/minutobahia24h.com.br\/wp-content\/uploads\/2026\/03\/Sem-titulo-142.jpg?resize=768%2C526&amp;ssl=1 768w, https:\/\/i0.wp.com\/minutobahia24h.com.br\/wp-content\/uploads\/2026\/03\/Sem-titulo-142.jpg?resize=750%2C514&amp;ssl=1 750w\" sizes=\"(max-width: 800px) 100vw, 800px\" \/><figcaption class=\"wp-element-caption\">O governador do Distrito Federal, Ibaneis Rocha (MDB) \u2014 Foto: Cristiano Mariz\/O Globo<br><\/figcaption><\/figure>\n<\/div>\n\n\n<p>O governador do Distrito Federal,&nbsp;<a class=\"\" href=\"https:\/\/oglobo.globo.com\/tudo-sobre\/politico\/ibaneis-rocha\">Ibaneis Rocha<\/a>&nbsp;(<a class=\"\" href=\"https:\/\/oglobo.globo.com\/tudo-sobre\/partido-politico\/mdb\/\">MDB<\/a>), assinou no exerc\u00edcio do mandato, em dezembro de 2019, um contrato de venda de direitos sobre R$ 4,4 milh\u00f5es em honor\u00e1rios de precat\u00f3rios do seu escrit\u00f3rio de advocacia a um fundo administrado pela Planner, corretora \u00e0 \u00e9poca controlada por Maur\u00edcio Quadrado, que meses depois se tornaria s\u00f3cio de&nbsp;<a class=\"\" href=\"https:\/\/oglobo.globo.com\/tudo-sobre\/personalidade\/daniel-vorcaro\/\">Daniel Vorcaro<\/a>. O fundo, chamado BLP PCJ VII, foi representado na negocia\u00e7\u00e3o pelo diretor de uma empresa que ajudou a capitalizar o&nbsp;<a class=\"\" href=\"https:\/\/oglobo.globo.com\/tudo-sobre\/empresa\/banco-master\/\">Banco Master<\/a>&nbsp;com bilh\u00f5es de reais e est\u00e1 na mira da&nbsp;<a class=\"\" href=\"https:\/\/oglobo.globo.com\/tudo-sobre\/instituicao-governamental\/policia-federal\">Pol\u00edcia Federal<\/a>&nbsp;(PF).<\/p>\n\n\n\n<p>Os dados sobre os reais cotistas desse fundo n\u00e3o s\u00e3o p\u00fablicos. Mas quem assina o contrato em nome do BLP PCJ VII \u00e9 Artur Martins de Figueiredo, que, junto com Quadrado, \u00e9 citado investiga\u00e7\u00f5es da PF. Figueiredo tamb\u00e9m \u00e9 diretor respons\u00e1vel pela Banvox, uma holding bastante obscura que foi acionista do Master.<\/p>\n\n\n\n<p>Na \u00faltima ter\u00e7a-feira (10), o blog revelou que o Ibaneis Advocacia e Consultoria vendeu R$ 38 milh\u00f5es em honor\u00e1rios de precat\u00f3rios a um fundo ligado \u00e0 Reag, investigada pela PF no caso Master, em maio de 2024. Al\u00e9m disso, na \u00faltima quinta-feira, o Estad\u00e3o divulgou um segundo contrato da mesma natureza, no valor de R$ 10 milh\u00f5es, com um outro fundo da Reag no qual o escrit\u00f3rio foi representado pelo pr\u00f3prio Ibaneis.<\/p>\n\n\n\n<p>O contrato descoberto agora \u00e9 pela venda de honor\u00e1rios de precat\u00f3rios derivados de a\u00e7\u00e3o movida pelo Sindicato dos Servidores da&nbsp;<a class=\"\" href=\"https:\/\/oglobo.globo.com\/tudo-sobre\/assunto\/justica\">Justi\u00e7a<\/a>&nbsp;do Trabalho dos Estados de Rond\u00f4nia e Acre (Sinjustra), que tramita na Justi\u00e7a desde 2011. Nesse tipo de transa\u00e7\u00e3o, o comprador adquire do escrit\u00f3rio de advocacia o direito de receber os honor\u00e1rios, que no caso de precat\u00f3rios costumam representar uma porcentagem alta do valor total do t\u00edtulo. Na pr\u00e1tica, trata-se de uma antecipa\u00e7\u00e3o do pagamento, j\u00e1 que precat\u00f3rios s\u00e3o de dif\u00edcil recebimento.<\/p>\n\n\n\n<p>A exist\u00eancia dessa terceira transa\u00e7\u00e3o sugere um modus operandi baseado no expediente de venda de honor\u00e1rios de precat\u00f3rios como forma de fazer neg\u00f3cios com o ecossistema do Master.<\/p>\n\n\n\n<p>O contrato descoberto agora pela equipe do blog mostra que isso ocorre pelo menos desde o primeiro mandato. Somados os tr\u00eas valores que constam nos termos de cess\u00e3o, j\u00e1 s\u00e3o R$ 52,9 milh\u00f5es em valores repassados pelo escrit\u00f3rio de Ibaneis, comandado por seu filho, Caio Barros. Desse total, o escrit\u00f3rio afirma ter recebido cerca de R$ 12 milh\u00f5es \u2013 o valor \u00e9 bem menor porque os pap\u00e9is em geral s\u00e3o vendidos com desconto.<\/p>\n\n\n\n<p>No universo de fundos que fizeram neg\u00f3cios com Ibaneis est\u00e3o fundos e gestoras arroladas na Opera\u00e7\u00e3o Compliance Zero e tamb\u00e9m na Carbono Oculto, que apura a lavagem de dinheiro de fac\u00e7\u00f5es criminosas no mercado de combust\u00edveis e em institui\u00e7\u00f5es financeiras como a Reag e a Trustee, fundada por Quadrado ap\u00f3s deixar a Planner em 2020. A Trustee \u00e9 hoje a administradora do BLP PCJ VII, segundo registros da Comiss\u00e3o de Valores Mobili\u00e1rios (<a class=\"\" href=\"https:\/\/oglobo.globo.com\/tudo-sobre\/instituicao-governamental\/cvm\">CVM<\/a>).<\/p>\n\n\n\n<h2 class=\"wp-block-heading\">Avalista<\/h2>\n\n\n\n<p>A participa\u00e7\u00e3o no neg\u00f3cio contraria a vers\u00e3o do governador, que na \u00faltima ter\u00e7a alegou estar afastado do escrit\u00f3rio e de seus neg\u00f3cios desde 2018, quando foi eleito pela primeira vez.<\/p>\n\n\n\n<p>O pr\u00f3prio governador \u00e9 um dos avalistas da negocia\u00e7\u00e3o com a Planner, pela qual o escrit\u00f3rio administrado por seu filho, Caio Barros, cedeu os honor\u00e1rios ao BLP PCJ VII em 23 de dezembro de 2019. Como avalista, ele atuaria como respons\u00e1vel solid\u00e1rio pelos valores negociados caso o escrit\u00f3rio n\u00e3o honrasse o compromisso com o fundo.<\/p>\n\n\n\n<p>A assinatura de Ibaneis consta no documento ao qual a equipe da coluna teve acesso, e que teve a autenticidade reconhecida no 1\u00ba Of\u00edcio de Notas e Protesto de&nbsp;<a class=\"\" href=\"https:\/\/oglobo.globo.com\/tudo-sobre\/cidade\/brasilia\">Bras\u00edlia<\/a>, conhecido como Cart\u00f3rio JK.<\/p>\n\n\n\n<p>Tamb\u00e9m constam como avalistas uma empresa do governador, a Ibaneis Agropecu\u00e1ria e Administradora de Bens Patrimoniais, e outros dois s\u00f3cios dele no escrit\u00f3rio na ocasi\u00e3o, Marl\u00facio Lustosa Bonfim e Johann Homonnai J\u00fanior.<\/p>\n\n\n\n<p>No caso do contrato com o fundo da Reag revelado pelo Estad\u00e3o, o escrit\u00f3rio alegou que a assinatura do governador foi inclu\u00edda \u201cdigitalmente\u201d por um gerente. Dessa vez, a banca de advogados n\u00e3o negou a participa\u00e7\u00e3o pessoal dele no fechamento do neg\u00f3cio, mas n\u00e3o esclareceu se ele intermediou o neg\u00f3cio com a Planner e o fundo.<\/p>\n\n\n\n<p>Questionado pela equipe do blog, o escrit\u00f3rio afirmou que o contrato \u00e9 um \u201cneg\u00f3cio jur\u00eddico regular, l\u00edcito e reiteradamente praticado no mercado por escrit\u00f3rios de advocacia, credores da Fazenda P\u00fablica e institui\u00e7\u00f5es financeiras, como forma de abreviar, com des\u00e1gio, o recebimento de valores decorrentes de a\u00e7\u00f5es judiciais contra entes p\u00fablicos\u201d (leia a \u00edntegra ao final da reportagem).<\/p>\n\n\n\n<ul class=\"wp-block-list\"><\/ul>\n\n\n\n<p>Em nota, a Planner declarou que a opera\u00e7\u00e3o ocorreu \u201cem conformidade com o disposto na regulamenta\u00e7\u00e3o ent\u00e3o vigente\u201d e que \u201catuou apenas como representante legal\u201d do BLP PCJ VII, \u201cn\u00e3o tendo participado de qualquer tipo de intermedia\u00e7\u00e3o entre as partes\u201d (confira o inteiro teor no final do texto).<\/p>\n\n\n\n<p>Procurado por meio de sua defesa, o governador Ibaneis Rocha n\u00e3o se manifestou at\u00e9 o fechamento da reportagem. O espa\u00e7o segue aberto.<\/p>\n\n\n\n<p>\u00c0 \u00e9poca do neg\u00f3cio entre a corretora e Ibaneis, o Master ainda se chamava M\u00e1xima, e Vorcaro tinha acabado de comprar a institui\u00e7\u00e3o do enrolado banqueiro Saul Sabb\u00e1 com autoriza\u00e7\u00e3o do&nbsp;<a class=\"\" href=\"https:\/\/oglobo.globo.com\/tudo-sobre\/instituicao-governamental\/banco-central-do-brasil\">Banco Central<\/a>&nbsp;(BC). Nove meses depois, em setembro de 2020, o executivo se tornou s\u00f3cio de Maur\u00edcio Quadrado no banco.<\/p>\n\n\n\n<p>A parceria s\u00f3 foi desfeita em 2024, quando o Master j\u00e1 apresentava problemas de liquidez. Quadrado teve os bens bloqueados por ordem do Supremo Tribunal Federal (<a class=\"\" href=\"https:\/\/oglobo.globo.com\/tudo-sobre\/instituicao-governamental\/stf\">STF<\/a>) na segunda fase da Compliance Zero, em janeiro.<\/p>\n\n\n\n<h2 class=\"wp-block-heading\">O ecossistema Master<\/h2>\n\n\n\n<p>Enquanto os dois primeiros contratos do escrit\u00f3rio de Ibaneis revelados pela imprensa est\u00e3o relacionados \u00e0 Reag, liquidada pelo Banco Central em janeiro passado, a negocia\u00e7\u00e3o com o BLP PCJ VII envolve outros personagens da complexa teia que, segundo a Pol\u00edcia Federal e o MPF, sustentou o esquema que desaguou na venda de carteiras fraudulentas ao&nbsp;<a class=\"\" href=\"https:\/\/oglobo.globo.com\/tudo-sobre\/empresa\/brb\/\">BRB<\/a>&nbsp;e de letras financeiras para fundos de previd\u00eancia estaduais e municipais na mira da Justi\u00e7a.<\/p>\n\n\n\n<p>O representante do fundo que assina o contrato \u00e9 Artur Martins de Figueiredo. Figueiredo tamb\u00e9m \u00e9 diretor respons\u00e1vel pela Banvox, empresa de participa\u00e7\u00f5es cujo \u00fanico investimento relevante sempre foi o Master. Em 2024, a companhia tinha 22% de participa\u00e7\u00e3o no banco de Daniel Vorcaro, comprados com R$ 2,5 bilh\u00f5es injetados pelo empres\u00e1rio Nelson Tanure.<\/p>\n\n\n\n<ul class=\"wp-block-list\"><\/ul>\n\n\n\n<p>A Pol\u00edcia Federal e o MPF suspeitam que Tanure seja o s\u00f3cio oculto do Master, o que ele nega.<\/p>\n\n\n\n<p>Como publicamos no blog em janeiro, as suspeitas dos investigadores s\u00e3o de que empres\u00e1rio tenha usado a Banvox para capitalizar o banco de Vorcaro em uma opera\u00e7\u00e3o propositalmente complexa realizada em etapas que dificultam ver quem s\u00e3o os verdadeiros acionistas. Essas opera\u00e7\u00f5es j\u00e1 vinham sendo investigadas desde 2025 pelas duas institui\u00e7\u00f5es.<\/p>\n\n\n\n<p>Ao longo dos \u00faltimos anos, o Master comprou fatias em diversas companhias em que Tanure tem participa\u00e7\u00e3o direta ou indireta, como a Oncocl\u00ednicas, a Allian\u00e7a (antiga Alliar) e a Ambipar.<\/p>\n\n\n\n<p>Segundo o portal Metr\u00f3poles, Maur\u00edcio Quadrado se tornou acionista do BRB em 2025, quando as tratativas para a compra do Master pelo banco de Bras\u00edlia estavam em curso sob o apoio entusi\u00e1stico de Ibaneis Rocha. O neg\u00f3cio, vetado pelo Banco Central em setembro do mesmo ano, est\u00e1 no centro das investiga\u00e7\u00f5es sobre as fraudes lideradas por Vorcaro.<\/p>\n\n\n\n<h2 class=\"wp-block-heading\">Esc\u00e2ndalos al\u00e9m do Master<\/h2>\n\n\n\n<p>A Planner conta com um largo e controverso hist\u00f3rico na Justi\u00e7a \u2013 o que n\u00e3o impediu o governador do DF de se envolver pessoalmente em uma negocia\u00e7\u00e3o milion\u00e1ria com a corretora. A companhia j\u00e1 foi alvo de diversas opera\u00e7\u00f5es da Pol\u00edcia Federal \u2014 incluindo a Lava-Jato e a Greenfield, que apurou fraudes e desvios em fundos de pens\u00e3o. Em alguns desses processos, o s\u00f3cio da corretora acusado de fraudes foi justamente Quadrado.<\/p>\n\n\n\n<p>Na d\u00e9cada anterior, a Planner tamb\u00e9m havia sido uma das corretoras investigadas na CPI dos Correios por movimentar dinheiro do esquema liderado pelo operador Marcos Val\u00e9rio, condenado a 40 anos de cadeia no mensal\u00e3o.<\/p>\n\n\n\n<p>Em 2017, um relat\u00f3rio da Pol\u00edcia Federal no \u00e2mbito da Opera\u00e7\u00e3o Encilhamento apontou o poss\u00edvel envolvimento da Planner em fraudes a partir de aportes fundos de previd\u00eancia municipais de servidores p\u00fablicos em diversos estados brasileiros, como Rio, S\u00e3o Paulo, Minas Gerais e Paran\u00e1 \u2013 modelo semelhante ao aplicado pelo Master anos depois, segundo as investiga\u00e7\u00f5es em curso.<\/p>\n","protected":false},"excerpt":{"rendered":"<p>O governador do Distrito Federal,&nbsp;Ibaneis Rocha&nbsp;(MDB), assinou no exerc\u00edcio do mandato, em dezembro de 2019, um contrato de venda de direitos sobre R$ 4,4 milh\u00f5es em honor\u00e1rios de precat\u00f3rios do seu escrit\u00f3rio de advocacia a um fundo administrado pela Planner, corretora \u00e0 \u00e9poca controlada por Maur\u00edcio Quadrado, que meses depois se tornaria s\u00f3cio de&nbsp;Daniel Vorcaro. [&hellip;]<\/p>\n","protected":false},"author":2,"featured_media":42237,"comment_status":"open","ping_status":"open","sticky":false,"template":"","format":"standard","meta":{"_jetpack_memberships_contains_paid_content":false,"footnotes":""},"categories":[46],"tags":[],"class_list":["post-42236","post","type-post","status-publish","format-standard","has-post-thumbnail","hentry","category-noticia"],"aioseo_notices":[],"jetpack_featured_media_url":"https:\/\/i0.wp.com\/minutobahia24h.com.br\/wp-content\/uploads\/2026\/03\/Sem-titulo-142.jpg?fit=888%2C608&ssl=1","jetpack_sharing_enabled":true,"_links":{"self":[{"href":"https:\/\/minutobahia24h.com.br\/index.php?rest_route=\/wp\/v2\/posts\/42236","targetHints":{"allow":["GET"]}}],"collection":[{"href":"https:\/\/minutobahia24h.com.br\/index.php?rest_route=\/wp\/v2\/posts"}],"about":[{"href":"https:\/\/minutobahia24h.com.br\/index.php?rest_route=\/wp\/v2\/types\/post"}],"author":[{"embeddable":true,"href":"https:\/\/minutobahia24h.com.br\/index.php?rest_route=\/wp\/v2\/users\/2"}],"replies":[{"embeddable":true,"href":"https:\/\/minutobahia24h.com.br\/index.php?rest_route=%2Fwp%2Fv2%2Fcomments&post=42236"}],"version-history":[{"count":1,"href":"https:\/\/minutobahia24h.com.br\/index.php?rest_route=\/wp\/v2\/posts\/42236\/revisions"}],"predecessor-version":[{"id":42238,"href":"https:\/\/minutobahia24h.com.br\/index.php?rest_route=\/wp\/v2\/posts\/42236\/revisions\/42238"}],"wp:featuredmedia":[{"embeddable":true,"href":"https:\/\/minutobahia24h.com.br\/index.php?rest_route=\/wp\/v2\/media\/42237"}],"wp:attachment":[{"href":"https:\/\/minutobahia24h.com.br\/index.php?rest_route=%2Fwp%2Fv2%2Fmedia&parent=42236"}],"wp:term":[{"taxonomy":"category","embeddable":true,"href":"https:\/\/minutobahia24h.com.br\/index.php?rest_route=%2Fwp%2Fv2%2Fcategories&post=42236"},{"taxonomy":"post_tag","embeddable":true,"href":"https:\/\/minutobahia24h.com.br\/index.php?rest_route=%2Fwp%2Fv2%2Ftags&post=42236"}],"curies":[{"name":"wp","href":"https:\/\/api.w.org\/{rel}","templated":true}]}}