{"id":4223,"date":"2023-11-21T07:17:18","date_gmt":"2023-11-21T10:17:18","guid":{"rendered":"https:\/\/minutobahia24h.com.br\/?p=4223"},"modified":"2023-11-21T07:17:19","modified_gmt":"2023-11-21T10:17:19","slug":"presidencia-da-alba-apoiada-por-otto-ivana-parabeniza-adolfo-mas-mantem-seu-nome-na-disputa","status":"publish","type":"post","link":"https:\/\/minutobahia24h.com.br\/?p=4223","title":{"rendered":"Presid\u00eancia da Alba: Apoiada por Otto, Ivana parabeniza Adolfo, mas mant\u00e9m seu nome na disputa"},"content":{"rendered":"<div class=\"wp-block-image\">\n<figure class=\"aligncenter size-full\"><img data-recalc-dims=\"1\" fetchpriority=\"high\" decoding=\"async\" width=\"601\" height=\"421\" src=\"https:\/\/i0.wp.com\/minutobahia24h.com.br\/wp-content\/uploads\/2023\/11\/Sem-titulo-226.jpg?resize=601%2C421&#038;ssl=1\" alt=\"\" class=\"wp-image-4225\" srcset=\"https:\/\/i0.wp.com\/minutobahia24h.com.br\/wp-content\/uploads\/2023\/11\/Sem-titulo-226.jpg?w=601&amp;ssl=1 601w, https:\/\/i0.wp.com\/minutobahia24h.com.br\/wp-content\/uploads\/2023\/11\/Sem-titulo-226.jpg?resize=300%2C210&amp;ssl=1 300w\" sizes=\"(max-width: 601px) 100vw, 601px\" \/><figcaption class=\"wp-element-caption\">Foto: Sandra Travassos\/ AL-BA<br><\/figcaption><\/figure>\n<\/div>\n\n\n<p>Apoiada pelo diret\u00f3rio estadual do PSD na Bahia, a deputada Ivana Bastos afirma que d\u00e1 seu apoio ao correligion\u00e1rio&nbsp;<a href=\"https:\/\/bahia.ba\/politica\/pec-da-reeleicao-presidente-da-alba-diz-que-se-colegas-quiserem-nao-recusara-novo-mandato\/\" target=\"_blank\" rel=\"noreferrer noopener\">Adolfo Menezes no pleito de se reeleger para um terceiro mandato consecutivo na presid\u00eancia da Assembleia Legislativa (Alba), caso a proposta de emenda \u00e0 Constitui\u00e7\u00e3o do Estado (PEC) da Reelei\u00e7\u00e3o seja aprovada.<\/a><\/p>\n\n\n\n<p>\u201cReconhe\u00e7o a relev\u00e2ncia do debate em torno da PEC da reelei\u00e7\u00e3o para a presid\u00eancia da Assembleia. Se a proposta estiver dentro dos par\u00e2metros legais, o meu apoio incondicional continuar\u00e1 com atual presidente, Adolfo Menezes, pelo trabalho exemplar que tem desempenhado\u201d, afirma Ivana.<\/p>\n\n\n\n<p>Em entrevista recente, o\u00a0<a href=\"https:\/\/bahia.ba\/politica\/otto-sobre-presidencia-da-alba-compromisso-do-psd-e-com-deputada-ivana-bastos\/\" target=\"_blank\" rel=\"noreferrer noopener\">presidente estadual do PSD, senador Otto Alencar, disse que Ivana Bastos \u00e9 sua candidata ao cargo<\/a>.<\/p>\n\n\n\n<p>Apesar de destacar e parabenizar Adolfo Menezes, a l\u00edder do PSD na Assembleia, reafirma, contudo, seu interesse em ser a primeira mulher a comandar o Legislativo da Bahia.<\/p>\n\n\n\n<p>\u201cCaso a reelei\u00e7\u00e3o n\u00e3o seja vi\u00e1vel, ficarei muito feliz em representar nosso partido na disputa. \u00c9 importante frisar que a reelei\u00e7\u00e3o ainda est\u00e1 distante, e teremos tempo suficiente para um debate mais aprofundado no momento oportuno\u201d, acrescenta Ivana Bastos.<\/p>\n\n\n\n<p>Bahia.ba<\/p>\n","protected":false},"excerpt":{"rendered":"<p>Apoiada pelo diret\u00f3rio estadual do PSD na Bahia, a deputada Ivana Bastos afirma que d\u00e1 seu apoio ao correligion\u00e1rio&nbsp;Adolfo Menezes no pleito de se reeleger para um terceiro mandato consecutivo na presid\u00eancia da Assembleia Legislativa (Alba), caso a proposta de emenda \u00e0 Constitui\u00e7\u00e3o do Estado (PEC) da Reelei\u00e7\u00e3o seja aprovada. \u201cReconhe\u00e7o a relev\u00e2ncia do debate [&hellip;]<\/p>\n","protected":false},"author":2,"featured_media":4225,"comment_status":"open","ping_status":"open","sticky":false,"template":"","format":"standard","meta":{"_jetpack_memberships_contains_paid_content":false,"footnotes":""},"categories":[21],"tags":[],"class_list":["post-4223","post","type-post","status-publish","format-standard","has-post-thumbnail","hentry","category-bahia"],"aioseo_notices":[],"jetpack_featured_media_url":"https:\/\/i0.wp.com\/minutobahia24h.com.br\/wp-content\/uploads\/2023\/11\/Sem-titulo-226.jpg?fit=601%2C421&ssl=1","jetpack_sharing_enabled":true,"_links":{"self":[{"href":"https:\/\/minutobahia24h.com.br\/index.php?rest_route=\/wp\/v2\/posts\/4223","targetHints":{"allow":["GET"]}}],"collection":[{"href":"https:\/\/minutobahia24h.com.br\/index.php?rest_route=\/wp\/v2\/posts"}],"about":[{"href":"https:\/\/minutobahia24h.com.br\/index.php?rest_route=\/wp\/v2\/types\/post"}],"author":[{"embeddable":true,"href":"https:\/\/minutobahia24h.com.br\/index.php?rest_route=\/wp\/v2\/users\/2"}],"replies":[{"embeddable":true,"href":"https:\/\/minutobahia24h.com.br\/index.php?rest_route=%2Fwp%2Fv2%2Fcomments&post=4223"}],"version-history":[{"count":1,"href":"https:\/\/minutobahia24h.com.br\/index.php?rest_route=\/wp\/v2\/posts\/4223\/revisions"}],"predecessor-version":[{"id":4226,"href":"https:\/\/minutobahia24h.com.br\/index.php?rest_route=\/wp\/v2\/posts\/4223\/revisions\/4226"}],"wp:featuredmedia":[{"embeddable":true,"href":"https:\/\/minutobahia24h.com.br\/index.php?rest_route=\/wp\/v2\/media\/4225"}],"wp:attachment":[{"href":"https:\/\/minutobahia24h.com.br\/index.php?rest_route=%2Fwp%2Fv2%2Fmedia&parent=4223"}],"wp:term":[{"taxonomy":"category","embeddable":true,"href":"https:\/\/minutobahia24h.com.br\/index.php?rest_route=%2Fwp%2Fv2%2Fcategories&post=4223"},{"taxonomy":"post_tag","embeddable":true,"href":"https:\/\/minutobahia24h.com.br\/index.php?rest_route=%2Fwp%2Fv2%2Ftags&post=4223"}],"curies":[{"name":"wp","href":"https:\/\/api.w.org\/{rel}","templated":true}]}}