{"id":42225,"date":"2026-03-16T08:00:08","date_gmt":"2026-03-16T11:00:08","guid":{"rendered":"https:\/\/minutobahia24h.com.br\/?p=42225"},"modified":"2026-03-16T08:00:09","modified_gmt":"2026-03-16T11:00:09","slug":"comerciante-e-baleado-no-centro-de-itiuba-atirador-sofre-acidente","status":"publish","type":"post","link":"https:\/\/minutobahia24h.com.br\/?p=42225","title":{"rendered":"Comerciante \u00e9 baleado no centro de Iti\u00faba; atirador sofre acidente"},"content":{"rendered":"<div class=\"wp-block-image\">\n<figure class=\"aligncenter size-full\"><img data-recalc-dims=\"1\" fetchpriority=\"high\" decoding=\"async\" width=\"700\" height=\"700\" src=\"https:\/\/i0.wp.com\/minutobahia24h.com.br\/wp-content\/uploads\/2026\/03\/Sem-titulo-139.jpg?resize=700%2C700&#038;ssl=1\" alt=\"\" class=\"wp-image-42226\" srcset=\"https:\/\/i0.wp.com\/minutobahia24h.com.br\/wp-content\/uploads\/2026\/03\/Sem-titulo-139.jpg?w=700&amp;ssl=1 700w, https:\/\/i0.wp.com\/minutobahia24h.com.br\/wp-content\/uploads\/2026\/03\/Sem-titulo-139.jpg?resize=300%2C300&amp;ssl=1 300w, https:\/\/i0.wp.com\/minutobahia24h.com.br\/wp-content\/uploads\/2026\/03\/Sem-titulo-139.jpg?resize=150%2C150&amp;ssl=1 150w, https:\/\/i0.wp.com\/minutobahia24h.com.br\/wp-content\/uploads\/2026\/03\/Sem-titulo-139.jpg?resize=75%2C75&amp;ssl=1 75w\" sizes=\"(max-width: 700px) 100vw, 700px\" \/><figcaption class=\"wp-element-caption\">Foto: redes sociais<\/figcaption><\/figure>\n<\/div>\n\n\n<p>Um comerciante identificado como Danilo Batista da Silva foi baleado pelo menos 12 vezes no Centro de Iti\u00faba, na noite deste domingo (15\/3).<\/p>\n\n\n<div class=\"wp-block-image\">\n<figure class=\"aligncenter\"><a href=\"https:\/\/i0.wp.com\/blogger.googleusercontent.com\/img\/b\/R29vZ2xl\/AVvXsEjIO44ZEXUloL5e0-FnJpsLr66atCA6LZYi6F4Yxl2aUL1wx5meusa7WFR0AsmmlCOgw4CjYY5NIBxkZW0ILHUH8kuADaks70Crc7z0FTRK_RzYinP9J3jmtcYSI2EiJ55tgHOGhuspXhpLhMAu5_FetfV41kjwrTANgwL3otkv26bvt7DuQf6C_zjD4v5F\/s768\/922422.webp?ssl=1\"><img data-recalc-dims=\"1\" decoding=\"async\" data-src=\"https:\/\/i0.wp.com\/blogger.googleusercontent.com\/img\/b\/R29vZ2xl\/AVvXsEjIO44ZEXUloL5e0-FnJpsLr66atCA6LZYi6F4Yxl2aUL1wx5meusa7WFR0AsmmlCOgw4CjYY5NIBxkZW0ILHUH8kuADaks70Crc7z0FTRK_RzYinP9J3jmtcYSI2EiJ55tgHOGhuspXhpLhMAu5_FetfV41kjwrTANgwL3otkv26bvt7DuQf6C_zjD4v5F\/s320\/922422.webp?w=800&#038;ssl=1\" alt=\"\" src=\"data:image\/gif;base64,R0lGODlhAQABAAAAACH5BAEKAAEALAAAAAABAAEAAAICTAEAOw==\" class=\"lazyload\" \/><noscript><img data-recalc-dims=\"1\" decoding=\"async\" src=\"https:\/\/i0.wp.com\/blogger.googleusercontent.com\/img\/b\/R29vZ2xl\/AVvXsEjIO44ZEXUloL5e0-FnJpsLr66atCA6LZYi6F4Yxl2aUL1wx5meusa7WFR0AsmmlCOgw4CjYY5NIBxkZW0ILHUH8kuADaks70Crc7z0FTRK_RzYinP9J3jmtcYSI2EiJ55tgHOGhuspXhpLhMAu5_FetfV41kjwrTANgwL3otkv26bvt7DuQf6C_zjD4v5F\/s320\/922422.webp?w=800&#038;ssl=1\" alt=\"\"\/><\/noscript><\/a><\/figure>\n<\/div>\n\n\n<p>Segundo testemunhas, Danilo, que \u00e9 dono de um dep\u00f3sito de bebidas, foi atacado por um homem que estava a bordo de uma caminhonete, modelo Hilux.<\/p>\n\n\n\n<p>Ap\u00f3s o crime, durante a fuga, o atirador perdeu o controle da dire\u00e7\u00e3o e chocou o ve\u00edculo contra uma pra\u00e7a, que fica na frente da Prefeitura de Iti\u00faba. Ele conseguiu fugir a p\u00e9.<\/p>\n\n\n\n<p>Policiais militares da 7\u00aa Companhia Independente (CIPM\/Monte Santo) confirmaram a informa\u00e7\u00e3o e disseram que a arma usada no crime foi recuperada.<\/p>\n\n\n\n<p>Os PMs fazem rondas para tentar achar o suspeito, que seria da comunidade cigana. Danilo foi encaminhado para o hospital de Iti\u00faba em estado grave.<\/p>\n\n\n\n<p>O caso ser\u00e1 investigado pela Delegacia Territorial de Iti\u00faba.<\/p>\n\n\n\n<p>Regi\u00e3o em Pauta&nbsp;<\/p>\n","protected":false},"excerpt":{"rendered":"<p>Um comerciante identificado como Danilo Batista da Silva foi baleado pelo menos 12 vezes no Centro de Iti\u00faba, na noite deste domingo (15\/3). Segundo testemunhas, Danilo, que \u00e9 dono de um dep\u00f3sito de bebidas, foi atacado por um homem que estava a bordo de uma caminhonete, modelo Hilux. Ap\u00f3s o crime, durante a fuga, o [&hellip;]<\/p>\n","protected":false},"author":2,"featured_media":42226,"comment_status":"open","ping_status":"open","sticky":false,"template":"","format":"standard","meta":{"_jetpack_memberships_contains_paid_content":false,"footnotes":""},"categories":[3],"tags":[],"class_list":["post-42225","post","type-post","status-publish","format-standard","has-post-thumbnail","hentry","category-regional"],"aioseo_notices":[],"jetpack_featured_media_url":"https:\/\/i0.wp.com\/minutobahia24h.com.br\/wp-content\/uploads\/2026\/03\/Sem-titulo-139.jpg?fit=700%2C700&ssl=1","jetpack_sharing_enabled":true,"_links":{"self":[{"href":"https:\/\/minutobahia24h.com.br\/index.php?rest_route=\/wp\/v2\/posts\/42225","targetHints":{"allow":["GET"]}}],"collection":[{"href":"https:\/\/minutobahia24h.com.br\/index.php?rest_route=\/wp\/v2\/posts"}],"about":[{"href":"https:\/\/minutobahia24h.com.br\/index.php?rest_route=\/wp\/v2\/types\/post"}],"author":[{"embeddable":true,"href":"https:\/\/minutobahia24h.com.br\/index.php?rest_route=\/wp\/v2\/users\/2"}],"replies":[{"embeddable":true,"href":"https:\/\/minutobahia24h.com.br\/index.php?rest_route=%2Fwp%2Fv2%2Fcomments&post=42225"}],"version-history":[{"count":1,"href":"https:\/\/minutobahia24h.com.br\/index.php?rest_route=\/wp\/v2\/posts\/42225\/revisions"}],"predecessor-version":[{"id":42227,"href":"https:\/\/minutobahia24h.com.br\/index.php?rest_route=\/wp\/v2\/posts\/42225\/revisions\/42227"}],"wp:featuredmedia":[{"embeddable":true,"href":"https:\/\/minutobahia24h.com.br\/index.php?rest_route=\/wp\/v2\/media\/42226"}],"wp:attachment":[{"href":"https:\/\/minutobahia24h.com.br\/index.php?rest_route=%2Fwp%2Fv2%2Fmedia&parent=42225"}],"wp:term":[{"taxonomy":"category","embeddable":true,"href":"https:\/\/minutobahia24h.com.br\/index.php?rest_route=%2Fwp%2Fv2%2Fcategories&post=42225"},{"taxonomy":"post_tag","embeddable":true,"href":"https:\/\/minutobahia24h.com.br\/index.php?rest_route=%2Fwp%2Fv2%2Ftags&post=42225"}],"curies":[{"name":"wp","href":"https:\/\/api.w.org\/{rel}","templated":true}]}}