{"id":42201,"date":"2026-03-16T07:39:10","date_gmt":"2026-03-16T10:39:10","guid":{"rendered":"https:\/\/minutobahia24h.com.br\/?p=42201"},"modified":"2026-03-16T07:39:12","modified_gmt":"2026-03-16T10:39:12","slug":"governo-do-estado-publica-licitacoes-para-tres-centros-especializados-em-reabilitacao-do-novo-pac","status":"publish","type":"post","link":"https:\/\/minutobahia24h.com.br\/?p=42201","title":{"rendered":"Governo do Estado publica licita\u00e7\u00f5es para tr\u00eas Centros Especializados em Reabilita\u00e7\u00e3o do Novo PAC"},"content":{"rendered":"<div class=\"wp-block-image\">\n<figure class=\"aligncenter size-full\"><img data-recalc-dims=\"1\" fetchpriority=\"high\" decoding=\"async\" width=\"800\" height=\"450\" src=\"https:\/\/i0.wp.com\/minutobahia24h.com.br\/wp-content\/uploads\/2026\/03\/Sem-titulo-131.jpg?resize=800%2C450&#038;ssl=1\" alt=\"\" class=\"wp-image-42202\" srcset=\"https:\/\/i0.wp.com\/minutobahia24h.com.br\/wp-content\/uploads\/2026\/03\/Sem-titulo-131.jpg?w=1000&amp;ssl=1 1000w, https:\/\/i0.wp.com\/minutobahia24h.com.br\/wp-content\/uploads\/2026\/03\/Sem-titulo-131.jpg?resize=300%2C169&amp;ssl=1 300w, https:\/\/i0.wp.com\/minutobahia24h.com.br\/wp-content\/uploads\/2026\/03\/Sem-titulo-131.jpg?resize=768%2C432&amp;ssl=1 768w, https:\/\/i0.wp.com\/minutobahia24h.com.br\/wp-content\/uploads\/2026\/03\/Sem-titulo-131.jpg?resize=750%2C422&amp;ssl=1 750w\" sizes=\"(max-width: 800px) 100vw, 800px\" \/><\/figure>\n<\/div>\n\n\n<p>O Governo do Estado deu mais um passo na amplia\u00e7\u00e3o da rede de assist\u00eancia \u00e0 sa\u00fade com a publica\u00e7\u00e3o, no Di\u00e1rio Oficial do Estado do \u00faltimo s\u00e1bado (14), das licita\u00e7\u00f5es para a constru\u00e7\u00e3o de tr\u00eas Centros Especializados em Reabilita\u00e7\u00e3o (CER Tipo IV) nos munic\u00edpios de Cama\u00e7ari, Juazeiro e Concei\u00e7\u00e3o do Coit\u00e9.<\/p>\n\n\n\n<p>As obras integram o Novo Programa de Acelera\u00e7\u00e3o do Crescimento (Novo PAC) e refor\u00e7am o compromisso assumido pelo governador Jer\u00f4nimo Rodrigues de ampliar a oferta de servi\u00e7os especializados no estado.<\/p>\n\n\n\n<p>O CER de Cama\u00e7ari ter\u00e1 sess\u00e3o de abertura marcada para o dia 11 de maio, enquanto os certames para as unidades de Juazeiro e Concei\u00e7\u00e3o do Coit\u00e9 ocorrer\u00e3o nos dias 13 e 15 de maio, respectivamente.<\/p>\n\n\n\n<p>As estruturas ser\u00e3o do tipo IV, modelo de maior capacidade dentro da rede de reabilita\u00e7\u00e3o do Sistema \u00danico de Sa\u00fade (SUS), voltado ao atendimento de pessoas com defici\u00eancia f\u00edsica, intelectual, auditiva e visual, al\u00e9m da oferta de terapias especializadas e acompanhamento multiprofissional.<\/p>\n\n\n\n<p>A publica\u00e7\u00e3o ocorre um dia ap\u00f3s a agenda do governador Jer\u00f4nimo Rodrigues em Cama\u00e7ari, onde foi anunciado um conjunto de investimentos superiores a R$ 39 milh\u00f5es para fortalecer a rede de sa\u00fade do munic\u00edpio. Entre as a\u00e7\u00f5es est\u00e1 justamente a implanta\u00e7\u00e3o do CER da cidade, fruto de parceria entre o Governo do Estado e o Governo Federal por meio do Novo PAC.<\/p>\n\n\n\n<p>Para a secret\u00e1ria da Sa\u00fade do Estado, Roberta Santana, a publica\u00e7\u00e3o das licita\u00e7\u00f5es demonstra que o governo trabalha com planejamento e execu\u00e7\u00e3o concreta das obras anunciadas. &#8220;Os Centros Especializados em Reabilita\u00e7\u00e3o representam um avan\u00e7o fundamental na rede de cuidado \u00e0s pessoas com defici\u00eancia. Estamos ampliando a oferta de servi\u00e7os especializados e garantindo que milhares de baianos tenham acesso a terapias, acompanhamento e reabilita\u00e7\u00e3o perto de onde vivem&#8221;, afirmou.<\/p>\n\n\n\n<p>As unidades fazem parte da estrat\u00e9gia de regionaliza\u00e7\u00e3o da assist\u00eancia em sa\u00fade e da amplia\u00e7\u00e3o da rede de servi\u00e7os estruturantes do SUS na Bahia, com investimentos articulados entre o Governo do Estado e o Governo Federal por meio do Novo PAC.<\/p>\n\n\n\n<p>Secom Bahia<\/p>\n","protected":false},"excerpt":{"rendered":"<p>O Governo do Estado deu mais um passo na amplia\u00e7\u00e3o da rede de assist\u00eancia \u00e0 sa\u00fade com a publica\u00e7\u00e3o, no Di\u00e1rio Oficial do Estado do \u00faltimo s\u00e1bado (14), das licita\u00e7\u00f5es para a constru\u00e7\u00e3o de tr\u00eas Centros Especializados em Reabilita\u00e7\u00e3o (CER Tipo IV) nos munic\u00edpios de Cama\u00e7ari, Juazeiro e Concei\u00e7\u00e3o do Coit\u00e9. As obras integram o [&hellip;]<\/p>\n","protected":false},"author":2,"featured_media":42202,"comment_status":"open","ping_status":"open","sticky":false,"template":"","format":"standard","meta":{"_jetpack_memberships_contains_paid_content":false,"footnotes":""},"categories":[46],"tags":[],"class_list":["post-42201","post","type-post","status-publish","format-standard","has-post-thumbnail","hentry","category-noticia"],"aioseo_notices":[],"jetpack_featured_media_url":"https:\/\/i0.wp.com\/minutobahia24h.com.br\/wp-content\/uploads\/2026\/03\/Sem-titulo-131.jpg?fit=1000%2C563&ssl=1","jetpack_sharing_enabled":true,"_links":{"self":[{"href":"https:\/\/minutobahia24h.com.br\/index.php?rest_route=\/wp\/v2\/posts\/42201","targetHints":{"allow":["GET"]}}],"collection":[{"href":"https:\/\/minutobahia24h.com.br\/index.php?rest_route=\/wp\/v2\/posts"}],"about":[{"href":"https:\/\/minutobahia24h.com.br\/index.php?rest_route=\/wp\/v2\/types\/post"}],"author":[{"embeddable":true,"href":"https:\/\/minutobahia24h.com.br\/index.php?rest_route=\/wp\/v2\/users\/2"}],"replies":[{"embeddable":true,"href":"https:\/\/minutobahia24h.com.br\/index.php?rest_route=%2Fwp%2Fv2%2Fcomments&post=42201"}],"version-history":[{"count":1,"href":"https:\/\/minutobahia24h.com.br\/index.php?rest_route=\/wp\/v2\/posts\/42201\/revisions"}],"predecessor-version":[{"id":42203,"href":"https:\/\/minutobahia24h.com.br\/index.php?rest_route=\/wp\/v2\/posts\/42201\/revisions\/42203"}],"wp:featuredmedia":[{"embeddable":true,"href":"https:\/\/minutobahia24h.com.br\/index.php?rest_route=\/wp\/v2\/media\/42202"}],"wp:attachment":[{"href":"https:\/\/minutobahia24h.com.br\/index.php?rest_route=%2Fwp%2Fv2%2Fmedia&parent=42201"}],"wp:term":[{"taxonomy":"category","embeddable":true,"href":"https:\/\/minutobahia24h.com.br\/index.php?rest_route=%2Fwp%2Fv2%2Fcategories&post=42201"},{"taxonomy":"post_tag","embeddable":true,"href":"https:\/\/minutobahia24h.com.br\/index.php?rest_route=%2Fwp%2Fv2%2Ftags&post=42201"}],"curies":[{"name":"wp","href":"https:\/\/api.w.org\/{rel}","templated":true}]}}