{"id":4195,"date":"2023-11-21T06:59:09","date_gmt":"2023-11-21T09:59:09","guid":{"rendered":"https:\/\/minutobahia24h.com.br\/?p=4195"},"modified":"2023-11-21T06:59:11","modified_gmt":"2023-11-21T09:59:11","slug":"apos-onda-de-calor-chuvas-e-tempestades-atingem-a-maior-parte-do-pais-veja-previsao","status":"publish","type":"post","link":"https:\/\/minutobahia24h.com.br\/?p=4195","title":{"rendered":"Ap\u00f3s onda de calor, chuvas e tempestades atingem a maior parte do pa\u00eds; veja previs\u00e3o"},"content":{"rendered":"<div class=\"wp-block-image\">\n<figure class=\"aligncenter size-full\"><img data-recalc-dims=\"1\" fetchpriority=\"high\" decoding=\"async\" width=\"800\" height=\"450\" src=\"https:\/\/i0.wp.com\/minutobahia24h.com.br\/wp-content\/uploads\/2023\/11\/Sem-titulo-219.jpg?resize=800%2C450&#038;ssl=1\" alt=\"\" class=\"wp-image-4197\" srcset=\"https:\/\/i0.wp.com\/minutobahia24h.com.br\/wp-content\/uploads\/2023\/11\/Sem-titulo-219.jpg?w=888&amp;ssl=1 888w, https:\/\/i0.wp.com\/minutobahia24h.com.br\/wp-content\/uploads\/2023\/11\/Sem-titulo-219.jpg?resize=300%2C169&amp;ssl=1 300w, https:\/\/i0.wp.com\/minutobahia24h.com.br\/wp-content\/uploads\/2023\/11\/Sem-titulo-219.jpg?resize=768%2C432&amp;ssl=1 768w, https:\/\/i0.wp.com\/minutobahia24h.com.br\/wp-content\/uploads\/2023\/11\/Sem-titulo-219.jpg?resize=750%2C422&amp;ssl=1 750w\" sizes=\"(max-width: 800px) 100vw, 800px\" \/><figcaption class=\"wp-element-caption\">Mapas mostram, respectivamente, incid\u00eancias de temperaturas e de chuvas pelo territ\u00f3rio brasileiro \u2014 Foto: Reprodu\u00e7\u00e3o \/ Inmet<br><\/figcaption><\/figure>\n<\/div>\n\n\n<p>Ap\u00f3s uma intensa onda de calor, chega uma frente fria no\u00a0<a class=\"\" href=\"https:\/\/oglobo.globo.com\/tudo-sobre\/pais\/brasil\">Brasil<\/a>. Ainda que as temperaturas estejam um pouco mais amenas, o calor persiste principalmente do Centro ao Norte do pa\u00eds. Entretanto, com dura\u00e7\u00e3o prevista de, pelo menos, mais tr\u00eas dias e marcada por fortes tempestades, as chuvas estar\u00e3o distribu\u00eddas em quase todas as regi\u00f5es nacionais.<\/p>\n\n\n\n<p>No Rio de Janeiro, a chuva deve marcar presen\u00e7a em meio \u00e0s temperaturas mais amenas e com maior umidade. H\u00e1 registro de muitas nuvens com pancadas de chuva isoladas para esta ter\u00e7a-feira na capital fluminense. Na quinta-feira, h\u00e1 tend\u00eancia de um aumento gradativo na temperatura, mas com dia parcialmente nublado e presen\u00e7a de chuva ao final.<\/p>\n\n\n\n<p>J\u00e1 em S\u00e3o Paulo, h\u00e1 previs\u00f5es de possibilidade de chuvas com o tempo encoberto. Na noite de ter\u00e7a-feira, destaca-se a presen\u00e7a de muitas nuvens com pancadas de chuva e trovoadas isoladas na capital. \u00c9 poss\u00edvel que ocorr\u00eancias de chuva isolada durem at\u00e9 o fim da semana em S\u00e3o Paulo.<\/p>\n\n\n\n<p>Estados do Norte do Brasil, como&nbsp;<a class=\"\" href=\"https:\/\/oglobo.globo.com\/tudo-sobre\/uf\/acre\">Acre<\/a>,&nbsp;<a class=\"\" href=\"https:\/\/oglobo.globo.com\/tudo-sobre\/uf\/amazonas\">Amazonas<\/a>&nbsp;e uma parcela de&nbsp;<a class=\"\" href=\"https:\/\/oglobo.globo.com\/tudo-sobre\/uf\/rondonia\">Rond\u00f4nia<\/a>&nbsp;est\u00e3o classificados pelo Inmet com alerta laranja, que sinaliza \u2018perigo\u2019 pelas chuvas intensas para as pr\u00f3ximas horas.<\/p>\n\n\n\n<p>Dentre as \u00e1reas que poder\u00e3o ser mais afetadas est\u00e3o o Vale do Acre, Leste Rondoniense, Sudoeste Paraense e Vale do Juru\u00e1. Segundo Inmet, pela manh\u00e3 desta ter\u00e7a-feira, haver\u00e1 chuva e ventos intensos de at\u00e9 100 km\/h, com risco de quedas de energia, quedas de galhos de \u00e1rvores e alagamentos.<\/p>\n\n\n\n<figure class=\"wp-block-image\"><img data-recalc-dims=\"1\" decoding=\"async\" src=\"https:\/\/i0.wp.com\/s2-oglobo.glbimg.com\/FjtOsVOa4YwHRANzcskc8XDS0kM%3D\/0x0%3A987x656\/984x0\/smart\/filters%3Astrip_icc%28%29\/i.s3.glbimg.com\/v1\/AUTH_da025474c0c44edd99332dddb09cabe8\/internal_photos\/bs\/2023\/y\/L\/PpBYDUQrSODqzKiSbQ2g\/captura-de-tela-2023-11-20-171217.png?w=800&#038;ssl=1\" alt=\"Segundo o Inmet, \u00e1rea laranja caracteriza 'grande perigo' por elevadas chuvas na regi\u00e3o \u2014 Foto: Reprodu\u00e7\u00e3o \/ Inmet\"\/><figcaption class=\"wp-element-caption\">Segundo o Inmet, \u00e1rea laranja caracteriza &#8216;grande perigo&#8217; por elevadas chuvas na regi\u00e3o \u2014 Foto: Reprodu\u00e7\u00e3o \/ Inmet<\/figcaption><\/figure>\n\n\n\n<p>A situa\u00e7\u00e3o se assemelha com o que pode ocorrer tamb\u00e9m em boa parte do Centro-Oeste brasileiro, com a adi\u00e7\u00e3o de poss\u00edvel queda de granizo somada \u00e0s chuvas intensas, prov\u00e1veis estragos em planta\u00e7\u00f5es e quedas de \u00e1rvores. As \u00e1reas que devem ser atingidas s\u00e3o: a maior parte do&nbsp;<a class=\"\" href=\"https:\/\/oglobo.globo.com\/tudo-sobre\/uf\/mato-grosso-do-sul\">Mato Grosso do Sul<\/a>, o Centro Goiano, partes do Tri\u00e2ngulo Mineiro, do Alto Parana\u00edba, do noroeste de&nbsp;<a class=\"\" href=\"https:\/\/oglobo.globo.com\/tudo-sobre\/uf\/minas-gerais\">Minas Gerais<\/a>&nbsp;e do Centro-Sul do&nbsp;<a class=\"\" href=\"https:\/\/oglobo.globo.com\/tudo-sobre\/uf\/mato-grosso\">Mato Grosso<\/a>.<\/p>\n\n\n\n<figure class=\"wp-block-image\"><img data-recalc-dims=\"1\" decoding=\"async\" src=\"https:\/\/i0.wp.com\/s2-oglobo.glbimg.com\/5GM03fd7eZKnrg6toKaJrSEa-t0%3D\/0x0%3A1920x1080\/984x0\/smart\/filters%3Astrip_icc%28%29\/i.s3.glbimg.com\/v1\/AUTH_da025474c0c44edd99332dddb09cabe8\/internal_photos\/bs\/2023\/b\/x\/IE6ui3SYmWe8yYR0ruyA\/mapa-de-chuvas-e-temperatura-para-esta-terca-feira.png?w=800&#038;ssl=1\" alt=\"Mapas mostram, respectivamente, incid\u00eancias de temperaturas e de chuvas pelo territ\u00f3rio brasileiro \u2014 Foto: Reprodu\u00e7\u00e3o \/ Inmet\"\/><figcaption class=\"wp-element-caption\">Mapas mostram, respectivamente, incid\u00eancias de temperaturas e de chuvas pelo territ\u00f3rio brasileiro \u2014 Foto: Reprodu\u00e7\u00e3o \/ Inmet<\/figcaption><\/figure>\n\n\n\n<p>Ainda nesta segunda-feira, um alerta amarelo de \u2018poss\u00edvel perigo\u2019 foi acionado pelo Inmet para grande parte do Brasil, com maior abrang\u00eancia para&nbsp;<a class=\"\" href=\"https:\/\/oglobo.globo.com\/tudo-sobre\/uf\/tocantins\">Tocantins<\/a>, Par\u00e1, Sul do&nbsp;<a class=\"\" href=\"https:\/\/oglobo.globo.com\/tudo-sobre\/uf\/maranhao\">Maranh\u00e3o<\/a>&nbsp;e Sul de Minas. Nessas \u00e1reas, at\u00e9 o momento, h\u00e1 pouca probabilidade de quedas de energia el\u00e9trica, mas poder\u00e3o ocorrer ventos intensos de at\u00e9 60 km\/h.<\/p>\n\n\n\n<figure class=\"wp-block-image\"><img data-recalc-dims=\"1\" decoding=\"async\" src=\"https:\/\/i0.wp.com\/s2-oglobo.glbimg.com\/QuCDGUBuwG1GJJMkfD-cIEX1w84%3D\/0x0%3A802x663\/984x0\/smart\/filters%3Astrip_icc%28%29\/i.s3.glbimg.com\/v1\/AUTH_da025474c0c44edd99332dddb09cabe8\/internal_photos\/bs\/2023\/H\/Z\/OAAp6RQceGZSdzUF65rQ\/captura-de-tela-2023-11-20-182235.png?w=800&#038;ssl=1\" alt=\"\u00c1rea amarela apresenta zonas de 'perigo em potencial' pelas chuvas intensas \u2014 Foto: Reprodu\u00e7\u00e3o \/ Inmet\"\/><figcaption class=\"wp-element-caption\">\u00c1rea amarela apresenta zonas de &#8216;perigo em potencial&#8217; pelas chuvas intensas \u2014 Foto: Reprodu\u00e7\u00e3o \/ Inmet<\/figcaption><\/figure>\n\n\n\n<p>Outra faixa sinalizada em amarelo para \u2018poss\u00edvel perigo\u2019, desta vez pela baixa umidade, corresponde \u00e0 parte central de&nbsp;<a class=\"\" href=\"https:\/\/oglobo.globo.com\/tudo-sobre\/uf\/pernambuco\">Pernambuco<\/a>,&nbsp;<a class=\"\" href=\"https:\/\/oglobo.globo.com\/tudo-sobre\/uf\/bahia\">Bahia<\/a>, Sert\u00e3o e Agreste sergipanos e norte de Minas. A umidade relativa do ar varia entre 30% e 20%, a recomenda\u00e7\u00e3o \u00e9 evitar a exposi\u00e7\u00e3o ao sol e beber bastante l\u00edquido.<\/p>\n\n\n\n<figure class=\"wp-block-image\"><img data-recalc-dims=\"1\" decoding=\"async\" src=\"https:\/\/i0.wp.com\/s2-oglobo.glbimg.com\/iP6VPynzPHQVuYx3Ye9EBk52JHE%3D\/0x0%3A885x798\/984x0\/smart\/filters%3Astrip_icc%28%29\/i.s3.glbimg.com\/v1\/AUTH_da025474c0c44edd99332dddb09cabe8\/internal_photos\/bs\/2023\/3\/b\/PVUBZZS7S1Ta1VFu3bxQ\/faixa-amarela-nordeste.png?w=800&#038;ssl=1\" alt=\"Faixa amarela sinaliza 'poss\u00edvel perigo' relativo \u00e0 baixa umidade em estados do Nordeste brasileiro \u2014 Foto: Reprodu\u00e7\u00e3o\"\/><figcaption class=\"wp-element-caption\">Faixa amarela sinaliza &#8216;poss\u00edvel perigo&#8217; relativo \u00e0 baixa umidade em estados do Nordeste brasileiro \u2014 Foto: Reprodu\u00e7\u00e3o<\/figcaption><\/figure>\n\n\n\n<p>J\u00e1 no Sul do Brasil, a incid\u00eancia de uma zona de alta press\u00e3o deve fazer as temperaturas subirem na regi\u00e3o, nesta ter\u00e7a-feira, com possibilidades de varia\u00e7\u00f5es entre 30\u00b0C e 32\u00b0C no Paran\u00e1, Santa Catarina e oeste do Rio Grande do Sul, nesta semana. A alta press\u00e3o inibe a forma\u00e7\u00e3o de nuvens de chuva e vai manter o calor com umidade relativamente baixa.<\/p>\n\n\n\n<figure class=\"wp-block-image\"><img data-recalc-dims=\"1\" decoding=\"async\" src=\"https:\/\/i0.wp.com\/s2-oglobo.glbimg.com\/VsalCgYZzenU_hZjbuKZSWWCI6A%3D\/0x69%3A598x671\/984x0\/smart\/filters%3Astrip_icc%28%29\/i.s3.glbimg.com\/v1\/AUTH_da025474c0c44edd99332dddb09cabe8\/internal_photos\/bs\/2023\/v\/l\/JUMCD7RGWutZfypDbEUA\/37f2c13a-2811-4bdc-b0f9-f5711b3e2351.jpg?w=800&#038;ssl=1\" alt=\"Frente fria possibilita temperaturas baixas e poss\u00edvel geada na sexta-feira para o Rio Grande do Sul \u2014 Foto: Reprodu\u00e7\u00e3o \/ Inmet\"\/><figcaption class=\"wp-element-caption\">Frente fria possibilita temperaturas baixas e poss\u00edvel geada na sexta-feira para o Rio Grande do Sul \u2014 Foto: Reprodu\u00e7\u00e3o \/ Inmet<\/figcaption><\/figure>\n\n\n\n<p>Entretanto, j\u00e1 na quinta pela manh\u00e3, com a chegada de uma massa de ar frio, haver\u00e1 um decl\u00ednio da temperatura principalmente no Sul do Rio Grande do Sul. Na manh\u00e3 de sexta-feira, h\u00e1 possibilidade de geada no sudoeste do RS e na regi\u00e3o serrana com Santa Catarina.<\/p>\n","protected":false},"excerpt":{"rendered":"<p>Ap\u00f3s uma intensa onda de calor, chega uma frente fria no\u00a0Brasil. Ainda que as temperaturas estejam um pouco mais amenas, o calor persiste principalmente do Centro ao Norte do pa\u00eds. Entretanto, com dura\u00e7\u00e3o prevista de, pelo menos, mais tr\u00eas dias e marcada por fortes tempestades, as chuvas estar\u00e3o distribu\u00eddas em quase todas as regi\u00f5es nacionais. [&hellip;]<\/p>\n","protected":false},"author":2,"featured_media":4197,"comment_status":"open","ping_status":"open","sticky":false,"template":"","format":"standard","meta":{"_jetpack_memberships_contains_paid_content":false,"footnotes":""},"categories":[2],"tags":[],"class_list":["post-4195","post","type-post","status-publish","format-standard","has-post-thumbnail","hentry","category-nacional"],"aioseo_notices":[],"jetpack_featured_media_url":"https:\/\/i0.wp.com\/minutobahia24h.com.br\/wp-content\/uploads\/2023\/11\/Sem-titulo-219.jpg?fit=888%2C500&ssl=1","jetpack_sharing_enabled":true,"_links":{"self":[{"href":"https:\/\/minutobahia24h.com.br\/index.php?rest_route=\/wp\/v2\/posts\/4195","targetHints":{"allow":["GET"]}}],"collection":[{"href":"https:\/\/minutobahia24h.com.br\/index.php?rest_route=\/wp\/v2\/posts"}],"about":[{"href":"https:\/\/minutobahia24h.com.br\/index.php?rest_route=\/wp\/v2\/types\/post"}],"author":[{"embeddable":true,"href":"https:\/\/minutobahia24h.com.br\/index.php?rest_route=\/wp\/v2\/users\/2"}],"replies":[{"embeddable":true,"href":"https:\/\/minutobahia24h.com.br\/index.php?rest_route=%2Fwp%2Fv2%2Fcomments&post=4195"}],"version-history":[{"count":1,"href":"https:\/\/minutobahia24h.com.br\/index.php?rest_route=\/wp\/v2\/posts\/4195\/revisions"}],"predecessor-version":[{"id":4198,"href":"https:\/\/minutobahia24h.com.br\/index.php?rest_route=\/wp\/v2\/posts\/4195\/revisions\/4198"}],"wp:featuredmedia":[{"embeddable":true,"href":"https:\/\/minutobahia24h.com.br\/index.php?rest_route=\/wp\/v2\/media\/4197"}],"wp:attachment":[{"href":"https:\/\/minutobahia24h.com.br\/index.php?rest_route=%2Fwp%2Fv2%2Fmedia&parent=4195"}],"wp:term":[{"taxonomy":"category","embeddable":true,"href":"https:\/\/minutobahia24h.com.br\/index.php?rest_route=%2Fwp%2Fv2%2Fcategories&post=4195"},{"taxonomy":"post_tag","embeddable":true,"href":"https:\/\/minutobahia24h.com.br\/index.php?rest_route=%2Fwp%2Fv2%2Ftags&post=4195"}],"curies":[{"name":"wp","href":"https:\/\/api.w.org\/{rel}","templated":true}]}}