{"id":41803,"date":"2026-03-03T08:10:46","date_gmt":"2026-03-03T11:10:46","guid":{"rendered":"https:\/\/minutobahia24h.com.br\/?p=41803"},"modified":"2026-03-03T08:10:47","modified_gmt":"2026-03-03T11:10:47","slug":"israel-faz-operacoes-militares-ao-longo-da-fronteira-com-o-libano-diz-agencia-ministro-diz-ter-autorizado-avanco-terrestre","status":"publish","type":"post","link":"https:\/\/minutobahia24h.com.br\/?p=41803","title":{"rendered":"Israel faz opera\u00e7\u00f5es militares ao longo da fronteira com o L\u00edbano, diz ag\u00eancia; ministro diz ter autorizado avan\u00e7o terrestre"},"content":{"rendered":"<div class=\"wp-block-image\">\n<figure class=\"aligncenter size-full\"><img data-recalc-dims=\"1\" fetchpriority=\"high\" decoding=\"async\" width=\"800\" height=\"577\" src=\"https:\/\/i0.wp.com\/minutobahia24h.com.br\/wp-content\/uploads\/2026\/03\/Sem-titulo-26.jpg?resize=800%2C577&#038;ssl=1\" alt=\"\" class=\"wp-image-41804\" srcset=\"https:\/\/i0.wp.com\/minutobahia24h.com.br\/wp-content\/uploads\/2026\/03\/Sem-titulo-26.jpg?w=984&amp;ssl=1 984w, https:\/\/i0.wp.com\/minutobahia24h.com.br\/wp-content\/uploads\/2026\/03\/Sem-titulo-26.jpg?resize=300%2C216&amp;ssl=1 300w, https:\/\/i0.wp.com\/minutobahia24h.com.br\/wp-content\/uploads\/2026\/03\/Sem-titulo-26.jpg?resize=768%2C554&amp;ssl=1 768w, https:\/\/i0.wp.com\/minutobahia24h.com.br\/wp-content\/uploads\/2026\/03\/Sem-titulo-26.jpg?resize=120%2C86&amp;ssl=1 120w, https:\/\/i0.wp.com\/minutobahia24h.com.br\/wp-content\/uploads\/2026\/03\/Sem-titulo-26.jpg?resize=750%2C541&amp;ssl=1 750w\" sizes=\"(max-width: 800px) 100vw, 800px\" \/><figcaption class=\"wp-element-caption\">Foto mostra fuma\u00e7a em pr\u00e9dio destru\u00eddo por ataque a\u00e9reo israelense em Dahiyeh, ao sul de Beirute, capital do L\u00edbano, no dia 3 de mar\u00e7o de 2026 \u2014 Foto: Hussein Malla\/AP<br><\/figcaption><\/figure>\n<\/div>\n\n\n<p>O Ex\u00e9rcito de&nbsp;<a class=\"\" href=\"https:\/\/g1.globo.com\/tudo-sobre\/israel\/\">Israel<\/a>&nbsp;est\u00e1 realizando opera\u00e7\u00f5es militares ao longo da fronteira com o&nbsp;<a class=\"\" href=\"https:\/\/g1.globo.com\/tudo-sobre\/libano\/\">L\u00edbano<\/a>&nbsp;nesta ter\u00e7a-feira (3), segundo a ag\u00eancia de not\u00edcias Reuters. O ministro da Defesa israelense, Israel Katz, disse ter autorizado o avan\u00e7o de tropas para &#8220;assumir o controle de posi\u00e7\u00f5es adicionais no L\u00edbano&#8221;.<\/p>\n\n\n\n<ul class=\"wp-block-list\"><\/ul>\n\n\n\n<blockquote class=\"wp-block-quote is-layout-flow wp-block-quote-is-layout-flow\">\n<p>&#8220;O primeiro-ministro Benjamin Netanyahu e eu autorizamos as For\u00e7as de Defesa de Israel (IDF) a avan\u00e7ar e ocupar posi\u00e7\u00f5es dominantes adicionais no L\u00edbano, a fim de impedir disparos contra as comunidades israelenses na fronteira&#8221;, afirmou Katz em comunicado.<\/p>\n<\/blockquote>\n\n\n\n<p>Uma autoridade libanesa afirmou \u00e0 Reuters que tropas israelenses estavam realizando investidas em algumas \u00e1reas ao longo da fronteira com o L\u00edbano, e testemunhas disseram que o Ex\u00e9rcito liban\u00eas havia se retirado de pelo menos sete posi\u00e7\u00f5es avan\u00e7adas ao longo da fronteira.<\/p>\n\n\n\n<p>As opera\u00e7\u00f5es terrestres ocorrem em meio a uma&nbsp;maior mobiliza\u00e7\u00e3o de tropas e aparatos militares por Israel ao longo da fronteira com o L\u00edbano&nbsp;ocorrida nos \u00faltimos dias, o que d\u00e1&nbsp;ind\u00edcios de que Israel pode invadir o pa\u00eds vizinho&nbsp;por terra nas pr\u00f3ximas horas ou dias.<\/p>\n\n\n\n<p>Israel est\u00e1 combatendo o grupo rebelde&nbsp;<a class=\"\" href=\"https:\/\/g1.globo.com\/tudo-sobre\/hezbollah\/\">Hezbollah<\/a>, com o qual tinha um cessar-fogo desde outubro de 2024. A tr\u00e9gua foi quebrada ap\u00f3s o grupo liban\u00eas ter disparado m\u00edsseis contra o norte de Israel no domingo.&nbsp;Desde ent\u00e3o, Israel tem realizado bombardeios contra o sul do L\u00edbano&nbsp;e tamb\u00e9m contra a capital Beirute, que foi atacada na segunda e tamb\u00e9m nesta ter\u00e7a-feira.<\/p>\n\n\n\n<p>Al\u00e9m disso, Israel convocou cerca de 100 mil reservistas desde s\u00e1bado e tem enviado uma parte deles para a fronteira com o L\u00edbano, ao norte. O governo liban\u00eas tamb\u00e9m afirmou que retirou seu Ex\u00e9rcito de regi\u00f5es ao sul do pa\u00eds.<\/p>\n\n\n\n<p>O confronto Israel x Hezbollah \u00e9 mais um foco da guerra no Oriente M\u00e9dio, que se alastrou para al\u00e9m do conflito entre EUA, Israel e&nbsp;<a class=\"\" href=\"https:\/\/g1.globo.com\/tudo-sobre\/ira\/\">Ir\u00e3<\/a>, que come\u00e7ou no s\u00e1bado ap\u00f3s bombardeios em territ\u00f3rio iraniano que mataram o l\u00edder supremo Ali Khamenei e autoridades militares do pa\u00eds&nbsp;<strong><em>(leia mais abaixo)<\/em><\/strong>.<\/p>\n\n\n\n<p>As for\u00e7as israelenses ocupam cinco posi\u00e7\u00f5es no sul do L\u00edbano desde novembro de 2024, mesma \u00e9poca em que Israel e o Hezbollah assinaram um cessar-fogo em seu conflito.<\/p>\n\n\n\n<h2 class=\"wp-block-heading\">Guerra EUA e Israel x Ir\u00e3<\/h2>\n\n\n\n<p><a class=\"\" href=\"https:\/\/g1.globo.com\/tudo-sobre\/estados-unidos\/\">Estados Unidos<\/a>&nbsp;e Israel lan\u00e7aram um grande ataque contra o Ir\u00e3 na manh\u00e3 de s\u00e1bado (28), o que deflagrou uma guerra entre os tr\u00eas pa\u00edses. Explos\u00f5es foram registradas na capital Teer\u00e3 e em diversas outras cidades iranianas.<\/p>\n\n\n\n<p>Os bombardeios mataram o l\u00edder supremo do Ir\u00e3, o aiatol\u00e1 Ali Khamenei, e outros membros de alto escal\u00e3o da c\u00fapula militar e de governo iraniano. Ao todo, quase 800 pessoas foram mortas desde o in\u00edcio dos ataques ao pa\u00eds, afirmou a organiza\u00e7\u00e3o humanit\u00e1ria Crescente Vermelho do Ir\u00e3 em atualiza\u00e7\u00e3o nesta segunda-feira (2).<\/p>\n\n\n\n<p>Em resposta aos ataques dos EUA e de Israel, o Ir\u00e3 disparou m\u00edsseis contra o territ\u00f3rio israelense e contra bases militares norte-americanas no Oriente M\u00e9dio. Essa troca de ataques continua desde ent\u00e3o, com bombardeios di\u00e1rios contra Israel e Ir\u00e3, e sendo presenciados em outros pa\u00edses da regi\u00e3o.<\/p>\n\n\n\n<p>Os EUA informaram no domingo que seis militares do pa\u00eds foram mortos desde o in\u00edcio da guerra, e Trump prometeu &#8220;ving\u00e1-los&#8221;.<\/p>\n\n\n\n<p>&#8220;Infelizmente, haver\u00e1 mais [mortes] antes que [a guerra] acabe. Mas os Estados Unidos v\u00e3o vingar seus mortos e desferir o golpe mais devastador aos terroristas que travam uma guerra, basicamente, contra a civiliza\u00e7\u00e3o&#8221;, afirmou o presidente dos EUA no domingo.<\/p>\n","protected":false},"excerpt":{"rendered":"<p>O Ex\u00e9rcito de&nbsp;Israel&nbsp;est\u00e1 realizando opera\u00e7\u00f5es militares ao longo da fronteira com o&nbsp;L\u00edbano&nbsp;nesta ter\u00e7a-feira (3), segundo a ag\u00eancia de not\u00edcias Reuters. O ministro da Defesa israelense, Israel Katz, disse ter autorizado o avan\u00e7o de tropas para &#8220;assumir o controle de posi\u00e7\u00f5es adicionais no L\u00edbano&#8221;. &#8220;O primeiro-ministro Benjamin Netanyahu e eu autorizamos as For\u00e7as de Defesa de [&hellip;]<\/p>\n","protected":false},"author":2,"featured_media":41804,"comment_status":"open","ping_status":"open","sticky":false,"template":"","format":"standard","meta":{"_jetpack_memberships_contains_paid_content":false,"footnotes":""},"categories":[15],"tags":[],"class_list":["post-41803","post","type-post","status-publish","format-standard","has-post-thumbnail","hentry","category-mundo"],"aioseo_notices":[],"jetpack_featured_media_url":"https:\/\/i0.wp.com\/minutobahia24h.com.br\/wp-content\/uploads\/2026\/03\/Sem-titulo-26.jpg?fit=984%2C710&ssl=1","jetpack_sharing_enabled":true,"_links":{"self":[{"href":"https:\/\/minutobahia24h.com.br\/index.php?rest_route=\/wp\/v2\/posts\/41803","targetHints":{"allow":["GET"]}}],"collection":[{"href":"https:\/\/minutobahia24h.com.br\/index.php?rest_route=\/wp\/v2\/posts"}],"about":[{"href":"https:\/\/minutobahia24h.com.br\/index.php?rest_route=\/wp\/v2\/types\/post"}],"author":[{"embeddable":true,"href":"https:\/\/minutobahia24h.com.br\/index.php?rest_route=\/wp\/v2\/users\/2"}],"replies":[{"embeddable":true,"href":"https:\/\/minutobahia24h.com.br\/index.php?rest_route=%2Fwp%2Fv2%2Fcomments&post=41803"}],"version-history":[{"count":1,"href":"https:\/\/minutobahia24h.com.br\/index.php?rest_route=\/wp\/v2\/posts\/41803\/revisions"}],"predecessor-version":[{"id":41805,"href":"https:\/\/minutobahia24h.com.br\/index.php?rest_route=\/wp\/v2\/posts\/41803\/revisions\/41805"}],"wp:featuredmedia":[{"embeddable":true,"href":"https:\/\/minutobahia24h.com.br\/index.php?rest_route=\/wp\/v2\/media\/41804"}],"wp:attachment":[{"href":"https:\/\/minutobahia24h.com.br\/index.php?rest_route=%2Fwp%2Fv2%2Fmedia&parent=41803"}],"wp:term":[{"taxonomy":"category","embeddable":true,"href":"https:\/\/minutobahia24h.com.br\/index.php?rest_route=%2Fwp%2Fv2%2Fcategories&post=41803"},{"taxonomy":"post_tag","embeddable":true,"href":"https:\/\/minutobahia24h.com.br\/index.php?rest_route=%2Fwp%2Fv2%2Ftags&post=41803"}],"curies":[{"name":"wp","href":"https:\/\/api.w.org\/{rel}","templated":true}]}}