{"id":41487,"date":"2026-02-24T21:11:12","date_gmt":"2026-02-25T00:11:12","guid":{"rendered":"https:\/\/minutobahia24h.com.br\/?p=41487"},"modified":"2026-02-24T21:11:48","modified_gmt":"2026-02-25T00:11:48","slug":"andrei-participa-das-comemoracoes-dos-37-anos-de-sobradinho-ao-lado-do-prefeito-ministro-rui-costa-e-senador-jaques-wagner","status":"publish","type":"post","link":"https:\/\/minutobahia24h.com.br\/?p=41487","title":{"rendered":"Andrei participa das comemora\u00e7\u00f5es dos 37 anos de Sobradinho, ao lado do prefeito, ministro Rui Costa e senador Jaques Wagner"},"content":{"rendered":"<div class=\"wp-block-image\">\n<figure class=\"aligncenter size-large\"><img data-recalc-dims=\"1\" fetchpriority=\"high\" decoding=\"async\" width=\"800\" height=\"800\" src=\"https:\/\/i0.wp.com\/minutobahia24h.com.br\/wp-content\/uploads\/2026\/02\/img-20260224-wa10341247857906119809779-1024x1024.jpg?resize=800%2C800&#038;ssl=1\" alt=\"\" class=\"wp-image-41486\" srcset=\"https:\/\/i0.wp.com\/minutobahia24h.com.br\/wp-content\/uploads\/2026\/02\/img-20260224-wa10341247857906119809779.jpg?resize=1024%2C1024&amp;ssl=1 1024w, https:\/\/i0.wp.com\/minutobahia24h.com.br\/wp-content\/uploads\/2026\/02\/img-20260224-wa10341247857906119809779.jpg?resize=300%2C300&amp;ssl=1 300w, https:\/\/i0.wp.com\/minutobahia24h.com.br\/wp-content\/uploads\/2026\/02\/img-20260224-wa10341247857906119809779.jpg?resize=150%2C150&amp;ssl=1 150w, https:\/\/i0.wp.com\/minutobahia24h.com.br\/wp-content\/uploads\/2026\/02\/img-20260224-wa10341247857906119809779.jpg?resize=768%2C768&amp;ssl=1 768w, https:\/\/i0.wp.com\/minutobahia24h.com.br\/wp-content\/uploads\/2026\/02\/img-20260224-wa10341247857906119809779.jpg?resize=1536%2C1536&amp;ssl=1 1536w, https:\/\/i0.wp.com\/minutobahia24h.com.br\/wp-content\/uploads\/2026\/02\/img-20260224-wa10341247857906119809779.jpg?resize=75%2C75&amp;ssl=1 75w, https:\/\/i0.wp.com\/minutobahia24h.com.br\/wp-content\/uploads\/2026\/02\/img-20260224-wa10341247857906119809779.jpg?resize=750%2C750&amp;ssl=1 750w, https:\/\/i0.wp.com\/minutobahia24h.com.br\/wp-content\/uploads\/2026\/02\/img-20260224-wa10341247857906119809779.jpg?resize=1140%2C1140&amp;ssl=1 1140w, https:\/\/i0.wp.com\/minutobahia24h.com.br\/wp-content\/uploads\/2026\/02\/img-20260224-wa10341247857906119809779.jpg?w=1600&amp;ssl=1 1600w\" sizes=\"(max-width: 800px) 100vw, 800px\" \/><figcaption class=\"wp-element-caption\">Fotos: Henrique Ribeiro<\/figcaption><\/figure>\n<\/div>\n\n\n<p class=\"wp-block-paragraph\">O prefeito de Juazeiro, Andrei Gon\u00e7alves, participou nesta ter\u00e7a-feira (24) das comemora\u00e7\u00f5es pelos 37 anos de emancipa\u00e7\u00e3o pol\u00edtica de Sobradinho, ao lado do prefeito Cleivynho Sampaio, em um ato marcado por entregas importantes na Educa\u00e7\u00e3o e pelo fortalecimento da parceria entre os munic\u00edpios da regi\u00e3o Norte da Bahia.<br><br>A agenda contou com a presen\u00e7a do ministro da Casa Civil, Rui Costa, do senador Jaques Wagner, al\u00e9m dos deputados estaduais Z\u00f3, Roberto Carlos, da secret\u00e1ria de Educa\u00e7\u00e3o da Bahia, Rowenna Brito, vereadores, secret\u00e1rios e prefeitos da regi\u00e3o Norte da Bahia, consolidando o evento como um espa\u00e7o de integra\u00e7\u00e3o pol\u00edtica e institucional.<br><br>Para o prefeito Andrei, a celebra\u00e7\u00e3o refor\u00e7a a import\u00e2ncia da uni\u00e3o e parceria entre os entes federativos para garantir avan\u00e7os concretos \u00e0 popula\u00e7\u00e3o da regi\u00e3o e de toda a Bahia. \u201cQuando os munic\u00edpios caminham junto com o Governo do Estado e o Governo Federal, quem ganha \u00e9 o povo. Educa\u00e7\u00e3o \u00e9 prioridade e investir nas nossas crian\u00e7as \u00e9 construir um futuro mais justo e desenvolvido para toda a regi\u00e3o. Quero parabenizar ao munic\u00edpio de Sobradinho pelos 37 anos e ao prefeito Cleivynho pelos avan\u00e7os significativos \u00e0 frente da Prefeitura. Sobradinho tem hist\u00f3ria, tem for\u00e7a e tem parceria. Juazeiro abra\u00e7a essa cidade irm\u00e3, que j\u00e1 foi nosso distrito e hoje segue seu caminho com muito trabalho e grandes entregas para o povo\u201d, destacou.<br><br>Durante a programa\u00e7\u00e3o, foram inauguradas a Escola Municipal Maria Ribeiro e a Creche Municipal Miguel Lustoza Leite, novos equipamentos educacionais que ampliam o acesso \u00e0 educa\u00e7\u00e3o de qualidade e garantem mais dignidade, cuidado e oportunidades para crian\u00e7as e jovens do munic\u00edpio. A Creche integra o Pacto Nacional pela Retomada de Obras, iniciativa lan\u00e7ada pelo presidente Luiz In\u00e1cio Lula da Silva com o objetivo de concluir mais de 4.500 obras educacionais que estavam paralisadas em janeiro de 2023. O equipamento recebeu investimentos de R$ 3,2 milh\u00f5es, fruto da parceria entre o Governo Federal e a Prefeitura de Sobradinho.<br><br>O ministro elogiou a qualidade da escola. \u201cA escola municipal tem qualidade excepcional. Meus parab\u00e9ns ao prefeito. Sobradinho tem se destacado pelo cuidado com a educa\u00e7\u00e3o. O munic\u00edpio recebeu o Selo Nacional Compromisso com a Alfabetiza\u00e7\u00e3o em 2025, concedido pelo MEC\u201d, disse Rui Costa. <br><br>Al\u00e9m da educa\u00e7\u00e3o, o Novo PAC em Sobradinho contempla a \u00e1rea da sa\u00fade. A comitiva visitou as obras da nova Unidade B\u00e1sica de Sa\u00fade (UBS), que ser\u00e1 inaugurada em abril deste ano. Com 80% de execu\u00e7\u00e3o j\u00e1 conclu\u00edda, a unidade recebeu o investimento de R$ 1,8 milh\u00e3o. Durante a vistoria das interven\u00e7\u00f5es, o ministro Rui Costa destacou: \u201cAssim como esta, existem 2.600 unidades em constru\u00e7\u00e3o em todo o Brasil. \u00c9 o presidente Lula fazendo parcerias com prefeitos e prefeitas para refor\u00e7ar a aten\u00e7\u00e3o b\u00e1sica\u201d, ressaltou.<br><br>\u201cPara mim \u00e9 uma alegria estar aqui no meio do povo, no meio dos amigos da pol\u00edtica, no meio do nosso prefeito Cleivynho e outros prefeitos tamb\u00e9m, vice-prefeitos, chegar aqui e visitar uma s\u00e9rie de obras desse anivers\u00e1rio merecido de Sobradinho. Parab\u00e9ns \u00e0 equipe do prefeito, do governador Jer\u00f4nimo e do presidente Luiz In\u00e1cio Lula da Silva, porque aqui tem obra do munic\u00edpio, de conv\u00eanio com o Estado e com a Federa\u00e7\u00e3o\u201d, afirmou o senador Jaques Wagner.<br><br>Cleivynho agradeceu a presen\u00e7a do prefeito Andrei nas comemora\u00e7\u00f5es do anivers\u00e1rio de Sobradinho e pela parceria. \u201cEstou muito feliz prefeito por ter vindo comemorar esse dia t\u00e3o especial para o povo de Sobradinho, juntamente com o ministro Rui, o senador Wagner e toda essa comitiva. Voc\u00ea \u00e9 um exemplo para nossa regi\u00e3o, tem feito um excelente trabalho em Juazeiro e vamos continuar juntos, de m\u00e3os dadas com o governador Jer\u00f4nimo e o presidente Lula para trazer mais melhorias para o nosso povo\u201d, finalizou o prefeito de Sobradinho.<br><br>Manu Lustosa<br>Ascom \/ prefeito de Juazeiro<\/p>\n","protected":false},"excerpt":{"rendered":"<p>O prefeito de Juazeiro, Andrei Gon\u00e7alves, participou nesta ter\u00e7a-feira (24) das comemora\u00e7\u00f5es pelos 37 anos de emancipa\u00e7\u00e3o pol\u00edtica de Sobradinho, ao lado do prefeito Cleivynho Sampaio, em um ato marcado por entregas importantes na Educa\u00e7\u00e3o e pelo fortalecimento da parceria entre os munic\u00edpios da regi\u00e3o Norte da Bahia. A agenda contou com a presen\u00e7a do [&hellip;]<\/p>\n","protected":false},"author":2,"featured_media":41486,"comment_status":"open","ping_status":"open","sticky":false,"template":"","format":"standard","meta":{"_jetpack_newsletter_access":"","_jetpack_dont_email_post_to_subs":false,"_jetpack_newsletter_tier_id":0,"_jetpack_memberships_contains_paywalled_content":false,"_jetpack_feature_clip_id":0,"_jetpack_memberships_contains_paid_content":false,"footnotes":"","jetpack_post_was_ever_published":false},"categories":[3],"tags":[61,62],"class_list":["post-41487","post","type-post","status-publish","format-standard","has-post-thumbnail","hentry","category-regional","tag-juazeiro","tag-sobradinho"],"aioseo_notices":[],"aioseo_head":"\n\t\t<!-- All in One SEO 5.0.1.1 - aioseo.com -->\n\t<meta name=\"description\" content=\"O prefeito de Juazeiro, Andrei Gon\u00e7alves, participou nesta ter\u00e7a-feira (24) das comemora\u00e7\u00f5es pelos 37 anos de emancipa\u00e7\u00e3o pol\u00edtica de Sobradinho, ao lado do prefeito Cleivynho Sampaio, em um ato marcado por entregas importantes na Educa\u00e7\u00e3o e pelo fortalecimento da parceria entre os munic\u00edpios da regi\u00e3o Norte da Bahia.A agenda contou com a presen\u00e7a do ministro\" \/>\n\t<meta name=\"robots\" content=\"max-image-preview:large\" \/>\n\t<meta name=\"author\" content=\"andre\"\/>\n\t<link rel=\"canonical\" href=\"https:\/\/minutobahia24h.com.br\/?p=41487\" \/>\n\t<meta name=\"generator\" content=\"All in One SEO (AIOSEO) 5.0.1.1\" \/>\n\t\t<meta property=\"og:locale\" content=\"pt_BR\" \/>\n\t\t<meta property=\"og:site_name\" content=\"Minuto Bahia 24h - O seu portal de not\u00edcias\" \/>\n\t\t<meta property=\"og:type\" content=\"article\" \/>\n\t\t<meta property=\"og:title\" content=\"Andrei participa das comemora\u00e7\u00f5es dos 37 anos de Sobradinho, ao lado do prefeito, ministro Rui Costa e senador Jaques Wagner - Minuto Bahia 24h\" \/>\n\t\t<meta property=\"og:description\" content=\"O prefeito de Juazeiro, Andrei Gon\u00e7alves, participou nesta ter\u00e7a-feira (24) das comemora\u00e7\u00f5es pelos 37 anos de emancipa\u00e7\u00e3o pol\u00edtica de Sobradinho, ao lado do prefeito Cleivynho Sampaio, em um ato marcado por entregas importantes na Educa\u00e7\u00e3o e pelo fortalecimento da parceria entre os munic\u00edpios da regi\u00e3o Norte da Bahia.A agenda contou com a presen\u00e7a do ministro\" \/>\n\t\t<meta property=\"og:url\" content=\"https:\/\/minutobahia24h.com.br\/?p=41487\" \/>\n\t\t<meta property=\"og:image\" content=\"https:\/\/minutobahia24h.com.br\/wp-content\/uploads\/2026\/02\/img-20260224-wa10341247857906119809779.jpg\" \/>\n\t\t<meta property=\"og:image:secure_url\" content=\"https:\/\/minutobahia24h.com.br\/wp-content\/uploads\/2026\/02\/img-20260224-wa10341247857906119809779.jpg\" \/>\n\t\t<meta property=\"og:image:width\" content=\"1600\" \/>\n\t\t<meta property=\"og:image:height\" content=\"1600\" \/>\n\t\t<meta property=\"article:published_time\" content=\"2026-02-25T00:11:12+00:00\" \/>\n\t\t<meta property=\"article:modified_time\" content=\"2026-02-25T00:11:48+00:00\" \/>\n\t\t<meta name=\"twitter:card\" content=\"summary_large_image\" \/>\n\t\t<meta name=\"twitter:title\" content=\"Andrei participa das comemora\u00e7\u00f5es dos 37 anos de Sobradinho, ao lado do prefeito, ministro Rui Costa e senador Jaques Wagner - Minuto Bahia 24h\" \/>\n\t\t<meta name=\"twitter:description\" content=\"O prefeito de Juazeiro, Andrei Gon\u00e7alves, participou nesta ter\u00e7a-feira (24) das comemora\u00e7\u00f5es pelos 37 anos de emancipa\u00e7\u00e3o pol\u00edtica de Sobradinho, ao lado do prefeito Cleivynho Sampaio, em um ato marcado por entregas importantes na Educa\u00e7\u00e3o e pelo fortalecimento da parceria entre os munic\u00edpios da regi\u00e3o Norte da Bahia.A agenda contou com a presen\u00e7a do ministro\" \/>\n\t\t<meta name=\"twitter:image\" content=\"https:\/\/minutobahia24h.com.br\/wp-content\/uploads\/2026\/02\/img-20260224-wa10341247857906119809779.jpg\" \/>\n\t\t<script type=\"application\/ld+json\" class=\"aioseo-schema\">\n\t\t\t{\"@context\":\"https:\\\/\\\/schema.org\",\"@graph\":[{\"@type\":\"BlogPosting\",\"@id\":\"https:\\\/\\\/minutobahia24h.com.br\\\/?p=41487#blogposting\",\"name\":\"Andrei participa das comemora\\u00e7\\u00f5es dos 37 anos de Sobradinho, ao lado do prefeito, ministro Rui Costa e senador Jaques Wagner - Minuto Bahia 24h\",\"headline\":\"Andrei participa das comemora\\u00e7\\u00f5es dos 37 anos de Sobradinho, ao lado do prefeito, ministro Rui Costa e senador Jaques Wagner\",\"author\":{\"@id\":\"https:\\\/\\\/minutobahia24h.com.br\\\/?author=2#author\"},\"publisher\":{\"@id\":\"https:\\\/\\\/minutobahia24h.com.br\\\/#organization\"},\"image\":{\"@type\":\"ImageObject\",\"url\":\"https:\\\/\\\/i0.wp.com\\\/minutobahia24h.com.br\\\/wp-content\\\/uploads\\\/2026\\\/02\\\/img-20260224-wa10341247857906119809779.jpg?fit=1600%2C1600&ssl=1\",\"width\":1600,\"height\":1600},\"datePublished\":\"2026-02-24T21:11:12-03:00\",\"dateModified\":\"2026-02-24T21:11:48-03:00\",\"inLanguage\":\"pt-BR\",\"mainEntityOfPage\":{\"@id\":\"https:\\\/\\\/minutobahia24h.com.br\\\/?p=41487#webpage\"},\"isPartOf\":{\"@id\":\"https:\\\/\\\/minutobahia24h.com.br\\\/?p=41487#webpage\"},\"articleSection\":\"Regional, Juazeiro, Sobradinho\"},{\"@type\":\"BreadcrumbList\",\"@id\":\"https:\\\/\\\/minutobahia24h.com.br\\\/?p=41487#breadcrumblist\",\"itemListElement\":[{\"@type\":\"ListItem\",\"@id\":\"https:\\\/\\\/minutobahia24h.com.br#listItem\",\"position\":1,\"name\":\"In\\u00edcio\",\"item\":\"https:\\\/\\\/minutobahia24h.com.br\",\"nextItem\":{\"@type\":\"ListItem\",\"@id\":\"https:\\\/\\\/minutobahia24h.com.br\\\/?cat=3#listItem\",\"name\":\"Regional\"}},{\"@type\":\"ListItem\",\"@id\":\"https:\\\/\\\/minutobahia24h.com.br\\\/?cat=3#listItem\",\"position\":2,\"name\":\"Regional\",\"item\":\"https:\\\/\\\/minutobahia24h.com.br\\\/?cat=3\",\"nextItem\":{\"@type\":\"ListItem\",\"@id\":\"https:\\\/\\\/minutobahia24h.com.br\\\/?p=41487#listItem\",\"name\":\"Andrei participa das comemora\\u00e7\\u00f5es dos 37 anos de Sobradinho, ao lado do prefeito, ministro Rui Costa e senador Jaques Wagner\"},\"previousItem\":{\"@type\":\"ListItem\",\"@id\":\"https:\\\/\\\/minutobahia24h.com.br#listItem\",\"name\":\"In\\u00edcio\"}},{\"@type\":\"ListItem\",\"@id\":\"https:\\\/\\\/minutobahia24h.com.br\\\/?p=41487#listItem\",\"position\":3,\"name\":\"Andrei participa das comemora\\u00e7\\u00f5es dos 37 anos de Sobradinho, ao lado do prefeito, ministro Rui Costa e senador Jaques Wagner\",\"previousItem\":{\"@type\":\"ListItem\",\"@id\":\"https:\\\/\\\/minutobahia24h.com.br\\\/?cat=3#listItem\",\"name\":\"Regional\"}}]},{\"@type\":\"Organization\",\"@id\":\"https:\\\/\\\/minutobahia24h.com.br\\\/#organization\",\"name\":\"Minuto Bahia 24h\",\"description\":\"O seu portal de not\\u00edcias\",\"url\":\"https:\\\/\\\/minutobahia24h.com.br\\\/\",\"logo\":{\"@type\":\"ImageObject\",\"url\":\"https:\\\/\\\/i0.wp.com\\\/minutobahia24h.com.br\\\/wp-content\\\/uploads\\\/2023\\\/09\\\/cropped-minutoba.png?fit=457%2C119&ssl=1\",\"@id\":\"https:\\\/\\\/minutobahia24h.com.br\\\/?p=41487\\\/#organizationLogo\",\"width\":457,\"height\":119},\"image\":{\"@id\":\"https:\\\/\\\/minutobahia24h.com.br\\\/?p=41487\\\/#organizationLogo\"}},{\"@type\":\"Person\",\"@id\":\"https:\\\/\\\/minutobahia24h.com.br\\\/?author=2#author\",\"url\":\"https:\\\/\\\/minutobahia24h.com.br\\\/?author=2\",\"name\":\"andre\",\"image\":{\"@type\":\"ImageObject\",\"@id\":\"https:\\\/\\\/minutobahia24h.com.br\\\/?p=41487#authorImage\",\"url\":\"https:\\\/\\\/secure.gravatar.com\\\/avatar\\\/0ec5eafed5f3925c321625d79a680d589901b94bca787ae396a35f6c4a960922?s=96&d=mm&r=g\",\"width\":96,\"height\":96,\"caption\":\"andre\"}},{\"@type\":\"WebPage\",\"@id\":\"https:\\\/\\\/minutobahia24h.com.br\\\/?p=41487#webpage\",\"url\":\"https:\\\/\\\/minutobahia24h.com.br\\\/?p=41487\",\"name\":\"Andrei participa das comemora\\u00e7\\u00f5es dos 37 anos de Sobradinho, ao lado do prefeito, ministro Rui Costa e senador Jaques Wagner - Minuto Bahia 24h\",\"description\":\"O prefeito de Juazeiro, Andrei Gon\\u00e7alves, participou nesta ter\\u00e7a-feira (24) das comemora\\u00e7\\u00f5es pelos 37 anos de emancipa\\u00e7\\u00e3o pol\\u00edtica de Sobradinho, ao lado do prefeito Cleivynho Sampaio, em um ato marcado por entregas importantes na Educa\\u00e7\\u00e3o e pelo fortalecimento da parceria entre os munic\\u00edpios da regi\\u00e3o Norte da Bahia.A agenda contou com a presen\\u00e7a do ministro\",\"inLanguage\":\"pt-BR\",\"isPartOf\":{\"@id\":\"https:\\\/\\\/minutobahia24h.com.br\\\/#website\"},\"breadcrumb\":{\"@id\":\"https:\\\/\\\/minutobahia24h.com.br\\\/?p=41487#breadcrumblist\"},\"author\":{\"@id\":\"https:\\\/\\\/minutobahia24h.com.br\\\/?author=2#author\"},\"creator\":{\"@id\":\"https:\\\/\\\/minutobahia24h.com.br\\\/?author=2#author\"},\"image\":{\"@type\":\"ImageObject\",\"url\":\"https:\\\/\\\/i0.wp.com\\\/minutobahia24h.com.br\\\/wp-content\\\/uploads\\\/2026\\\/02\\\/img-20260224-wa10341247857906119809779.jpg?fit=1600%2C1600&ssl=1\",\"@id\":\"https:\\\/\\\/minutobahia24h.com.br\\\/?p=41487\\\/#mainImage\",\"width\":1600,\"height\":1600},\"primaryImageOfPage\":{\"@id\":\"https:\\\/\\\/minutobahia24h.com.br\\\/?p=41487#mainImage\"},\"datePublished\":\"2026-02-24T21:11:12-03:00\",\"dateModified\":\"2026-02-24T21:11:48-03:00\"},{\"@type\":\"WebSite\",\"@id\":\"https:\\\/\\\/minutobahia24h.com.br\\\/#website\",\"url\":\"https:\\\/\\\/minutobahia24h.com.br\\\/\",\"name\":\"Minuto Bahia 24h\",\"description\":\"O seu portal de not\\u00edcias\",\"inLanguage\":\"pt-BR\",\"publisher\":{\"@id\":\"https:\\\/\\\/minutobahia24h.com.br\\\/#organization\"}}]}\n\t\t<\/script>\n\t\t<!-- All in One SEO -->\n\n","aioseo_head_json":{"title":"Andrei participa das comemora\u00e7\u00f5es dos 37 anos de Sobradinho, ao lado do prefeito, ministro Rui Costa e senador Jaques Wagner - Minuto Bahia 24h","description":"O prefeito de Juazeiro, Andrei Gon\u00e7alves, participou nesta ter\u00e7a-feira (24) das comemora\u00e7\u00f5es pelos 37 anos de emancipa\u00e7\u00e3o pol\u00edtica de Sobradinho, ao lado do prefeito Cleivynho Sampaio, em um ato marcado por entregas importantes na Educa\u00e7\u00e3o e pelo fortalecimento da parceria entre os munic\u00edpios da regi\u00e3o Norte da Bahia.A agenda contou com a presen\u00e7a do ministro","canonical_url":"https:\/\/minutobahia24h.com.br\/?p=41487","robots":"max-image-preview:large","keywords":"","webmasterTools":{"miscellaneous":""},"schema":{"@context":"https:\/\/schema.org","@graph":[{"@type":"BlogPosting","@id":"https:\/\/minutobahia24h.com.br\/?p=41487#blogposting","name":"Andrei participa das comemora\u00e7\u00f5es dos 37 anos de Sobradinho, ao lado do prefeito, ministro Rui Costa e senador Jaques Wagner - Minuto Bahia 24h","headline":"Andrei participa das comemora\u00e7\u00f5es dos 37 anos de Sobradinho, ao lado do prefeito, ministro Rui Costa e senador Jaques Wagner","author":{"@id":"https:\/\/minutobahia24h.com.br\/?author=2#author"},"publisher":{"@id":"https:\/\/minutobahia24h.com.br\/#organization"},"image":{"@type":"ImageObject","url":"https:\/\/i0.wp.com\/minutobahia24h.com.br\/wp-content\/uploads\/2026\/02\/img-20260224-wa10341247857906119809779.jpg?fit=1600%2C1600&ssl=1","width":1600,"height":1600},"datePublished":"2026-02-24T21:11:12-03:00","dateModified":"2026-02-24T21:11:48-03:00","inLanguage":"pt-BR","mainEntityOfPage":{"@id":"https:\/\/minutobahia24h.com.br\/?p=41487#webpage"},"isPartOf":{"@id":"https:\/\/minutobahia24h.com.br\/?p=41487#webpage"},"articleSection":"Regional, Juazeiro, Sobradinho"},{"@type":"BreadcrumbList","@id":"https:\/\/minutobahia24h.com.br\/?p=41487#breadcrumblist","itemListElement":[{"@type":"ListItem","@id":"https:\/\/minutobahia24h.com.br#listItem","position":1,"name":"In\u00edcio","item":"https:\/\/minutobahia24h.com.br","nextItem":{"@type":"ListItem","@id":"https:\/\/minutobahia24h.com.br\/?cat=3#listItem","name":"Regional"}},{"@type":"ListItem","@id":"https:\/\/minutobahia24h.com.br\/?cat=3#listItem","position":2,"name":"Regional","item":"https:\/\/minutobahia24h.com.br\/?cat=3","nextItem":{"@type":"ListItem","@id":"https:\/\/minutobahia24h.com.br\/?p=41487#listItem","name":"Andrei participa das comemora\u00e7\u00f5es dos 37 anos de Sobradinho, ao lado do prefeito, ministro Rui Costa e senador Jaques Wagner"},"previousItem":{"@type":"ListItem","@id":"https:\/\/minutobahia24h.com.br#listItem","name":"In\u00edcio"}},{"@type":"ListItem","@id":"https:\/\/minutobahia24h.com.br\/?p=41487#listItem","position":3,"name":"Andrei participa das comemora\u00e7\u00f5es dos 37 anos de Sobradinho, ao lado do prefeito, ministro Rui Costa e senador Jaques Wagner","previousItem":{"@type":"ListItem","@id":"https:\/\/minutobahia24h.com.br\/?cat=3#listItem","name":"Regional"}}]},{"@type":"Organization","@id":"https:\/\/minutobahia24h.com.br\/#organization","name":"Minuto Bahia 24h","description":"O seu portal de not\u00edcias","url":"https:\/\/minutobahia24h.com.br\/","logo":{"@type":"ImageObject","url":"https:\/\/i0.wp.com\/minutobahia24h.com.br\/wp-content\/uploads\/2023\/09\/cropped-minutoba.png?fit=457%2C119&ssl=1","@id":"https:\/\/minutobahia24h.com.br\/?p=41487\/#organizationLogo","width":457,"height":119},"image":{"@id":"https:\/\/minutobahia24h.com.br\/?p=41487\/#organizationLogo"}},{"@type":"Person","@id":"https:\/\/minutobahia24h.com.br\/?author=2#author","url":"https:\/\/minutobahia24h.com.br\/?author=2","name":"andre","image":{"@type":"ImageObject","@id":"https:\/\/minutobahia24h.com.br\/?p=41487#authorImage","url":"https:\/\/secure.gravatar.com\/avatar\/0ec5eafed5f3925c321625d79a680d589901b94bca787ae396a35f6c4a960922?s=96&d=mm&r=g","width":96,"height":96,"caption":"andre"}},{"@type":"WebPage","@id":"https:\/\/minutobahia24h.com.br\/?p=41487#webpage","url":"https:\/\/minutobahia24h.com.br\/?p=41487","name":"Andrei participa das comemora\u00e7\u00f5es dos 37 anos de Sobradinho, ao lado do prefeito, ministro Rui Costa e senador Jaques Wagner - Minuto Bahia 24h","description":"O prefeito de Juazeiro, Andrei Gon\u00e7alves, participou nesta ter\u00e7a-feira (24) das comemora\u00e7\u00f5es pelos 37 anos de emancipa\u00e7\u00e3o pol\u00edtica de Sobradinho, ao lado do prefeito Cleivynho Sampaio, em um ato marcado por entregas importantes na Educa\u00e7\u00e3o e pelo fortalecimento da parceria entre os munic\u00edpios da regi\u00e3o Norte da Bahia.A agenda contou com a presen\u00e7a do ministro","inLanguage":"pt-BR","isPartOf":{"@id":"https:\/\/minutobahia24h.com.br\/#website"},"breadcrumb":{"@id":"https:\/\/minutobahia24h.com.br\/?p=41487#breadcrumblist"},"author":{"@id":"https:\/\/minutobahia24h.com.br\/?author=2#author"},"creator":{"@id":"https:\/\/minutobahia24h.com.br\/?author=2#author"},"image":{"@type":"ImageObject","url":"https:\/\/i0.wp.com\/minutobahia24h.com.br\/wp-content\/uploads\/2026\/02\/img-20260224-wa10341247857906119809779.jpg?fit=1600%2C1600&ssl=1","@id":"https:\/\/minutobahia24h.com.br\/?p=41487\/#mainImage","width":1600,"height":1600},"primaryImageOfPage":{"@id":"https:\/\/minutobahia24h.com.br\/?p=41487#mainImage"},"datePublished":"2026-02-24T21:11:12-03:00","dateModified":"2026-02-24T21:11:48-03:00"},{"@type":"WebSite","@id":"https:\/\/minutobahia24h.com.br\/#website","url":"https:\/\/minutobahia24h.com.br\/","name":"Minuto Bahia 24h","description":"O seu portal de not\u00edcias","inLanguage":"pt-BR","publisher":{"@id":"https:\/\/minutobahia24h.com.br\/#organization"}}]},"og:locale":"pt_BR","og:site_name":"Minuto Bahia 24h - O seu portal de not\u00edcias","og:type":"article","og:title":"Andrei participa das comemora\u00e7\u00f5es dos 37 anos de Sobradinho, ao lado do prefeito, ministro Rui Costa e senador Jaques Wagner - Minuto Bahia 24h","og:description":"O prefeito de Juazeiro, Andrei Gon\u00e7alves, participou nesta ter\u00e7a-feira (24) das comemora\u00e7\u00f5es pelos 37 anos de emancipa\u00e7\u00e3o pol\u00edtica de Sobradinho, ao lado do prefeito Cleivynho Sampaio, em um ato marcado por entregas importantes na Educa\u00e7\u00e3o e pelo fortalecimento da parceria entre os munic\u00edpios da regi\u00e3o Norte da Bahia.A agenda contou com a presen\u00e7a do ministro","og:url":"https:\/\/minutobahia24h.com.br\/?p=41487","og:image":"https:\/\/minutobahia24h.com.br\/wp-content\/uploads\/2026\/02\/img-20260224-wa10341247857906119809779.jpg","og:image:secure_url":"https:\/\/minutobahia24h.com.br\/wp-content\/uploads\/2026\/02\/img-20260224-wa10341247857906119809779.jpg","og:image:width":1600,"og:image:height":1600,"article:published_time":"2026-02-25T00:11:12+00:00","article:modified_time":"2026-02-25T00:11:48+00:00","twitter:card":"summary_large_image","twitter:title":"Andrei participa das comemora\u00e7\u00f5es dos 37 anos de Sobradinho, ao lado do prefeito, ministro Rui Costa e senador Jaques Wagner - Minuto Bahia 24h","twitter:description":"O prefeito de Juazeiro, Andrei Gon\u00e7alves, participou nesta ter\u00e7a-feira (24) das comemora\u00e7\u00f5es pelos 37 anos de emancipa\u00e7\u00e3o pol\u00edtica de Sobradinho, ao lado do prefeito Cleivynho Sampaio, em um ato marcado por entregas importantes na Educa\u00e7\u00e3o e pelo fortalecimento da parceria entre os munic\u00edpios da regi\u00e3o Norte da Bahia.A agenda contou com a presen\u00e7a do ministro","twitter:image":"https:\/\/minutobahia24h.com.br\/wp-content\/uploads\/2026\/02\/img-20260224-wa10341247857906119809779.jpg"},"aioseo_meta_data":{"post_id":"41487","title":null,"description":null,"keywords":null,"keyphrases":null,"primary_term":null,"canonical_url":null,"og_title":null,"og_description":null,"og_object_type":"default","og_image_type":"default","og_image_url":null,"og_image_width":null,"og_image_height":null,"og_image_custom_url":null,"og_image_custom_fields":null,"og_video":null,"og_custom_url":null,"og_article_section":null,"og_article_tags":null,"twitter_use_og":true,"twitter_card":"default","twitter_image_type":"default","twitter_image_url":null,"twitter_image_custom_url":null,"twitter_image_custom_fields":null,"twitter_title":null,"twitter_description":null,"schema":{"blockGraphs":[],"customGraphs":[],"default":{"data":{"Article":[],"Course":[],"Dataset":[],"FAQPage":[],"Movie":[],"Person":[],"Product":[],"ProductReview":[],"Car":[],"Recipe":[],"Service":[],"SoftwareApplication":[],"WebPage":[]},"graphName":"","isEnabled":true},"graphs":[]},"schema_type":"default","schema_type_options":null,"pillar_content":false,"robots_default":true,"robots_noindex":false,"robots_noarchive":false,"robots_nosnippet":false,"robots_nofollow":false,"robots_noimageindex":false,"robots_noodp":false,"robots_notranslate":false,"robots_max_snippet":null,"robots_max_videopreview":null,"robots_max_imagepreview":"large","priority":null,"frequency":null,"local_seo":null,"breadcrumb_settings":null,"limit_modified_date":false,"ai":null,"created":"2026-02-25 00:16:54","updated":"2026-02-25 00:16:54","seo_analyzer_scan_date":null,"focus_keyword":null,"additional_keywords":null,"truseo_locale":null},"aioseo_breadcrumb":"<div class=\"aioseo-breadcrumbs\"><span class=\"aioseo-breadcrumb\">\n\t\t\t<a href=\"https:\/\/minutobahia24h.com.br\" title=\"In\u00edcio\">In\u00edcio<\/a>\n\t\t<\/span><span class=\"aioseo-breadcrumb-separator\">&raquo;<\/span><span class=\"aioseo-breadcrumb\">\n\t\t\t<a href=\"https:\/\/minutobahia24h.com.br\/?cat=3\" title=\"Regional\">Regional<\/a>\n\t\t<\/span><span class=\"aioseo-breadcrumb-separator\">&raquo;<\/span><span class=\"aioseo-breadcrumb\">\n\t\t\tAndrei participa das comemora\u00e7\u00f5es dos 37 anos de Sobradinho, ao lado do prefeito, ministro Rui Costa e senador Jaques Wagner\n\t\t<\/span><\/div>","aioseo_breadcrumb_json":[{"label":"In\u00edcio","link":"https:\/\/minutobahia24h.com.br"},{"label":"Regional","link":"https:\/\/minutobahia24h.com.br\/?cat=3"},{"label":"Andrei participa das comemora\u00e7\u00f5es dos 37 anos de Sobradinho, ao lado do prefeito, ministro Rui Costa e senador Jaques Wagner","link":"https:\/\/minutobahia24h.com.br\/?p=41487"}],"jetpack_sharing_enabled":true,"jetpack_featured_media_url":"https:\/\/i0.wp.com\/minutobahia24h.com.br\/wp-content\/uploads\/2026\/02\/img-20260224-wa10341247857906119809779.jpg?fit=1600%2C1600&ssl=1","_links":{"self":[{"href":"https:\/\/minutobahia24h.com.br\/index.php?rest_route=\/wp\/v2\/posts\/41487","targetHints":{"allow":["GET"]}}],"collection":[{"href":"https:\/\/minutobahia24h.com.br\/index.php?rest_route=\/wp\/v2\/posts"}],"about":[{"href":"https:\/\/minutobahia24h.com.br\/index.php?rest_route=\/wp\/v2\/types\/post"}],"author":[{"embeddable":true,"href":"https:\/\/minutobahia24h.com.br\/index.php?rest_route=\/wp\/v2\/users\/2"}],"replies":[{"embeddable":true,"href":"https:\/\/minutobahia24h.com.br\/index.php?rest_route=%2Fwp%2Fv2%2Fcomments&post=41487"}],"version-history":[{"count":1,"href":"https:\/\/minutobahia24h.com.br\/index.php?rest_route=\/wp\/v2\/posts\/41487\/revisions"}],"predecessor-version":[{"id":41488,"href":"https:\/\/minutobahia24h.com.br\/index.php?rest_route=\/wp\/v2\/posts\/41487\/revisions\/41488"}],"wp:featuredmedia":[{"embeddable":true,"href":"https:\/\/minutobahia24h.com.br\/index.php?rest_route=\/wp\/v2\/media\/41486"}],"wp:attachment":[{"href":"https:\/\/minutobahia24h.com.br\/index.php?rest_route=%2Fwp%2Fv2%2Fmedia&parent=41487"}],"wp:term":[{"taxonomy":"category","embeddable":true,"href":"https:\/\/minutobahia24h.com.br\/index.php?rest_route=%2Fwp%2Fv2%2Fcategories&post=41487"},{"taxonomy":"post_tag","embeddable":true,"href":"https:\/\/minutobahia24h.com.br\/index.php?rest_route=%2Fwp%2Fv2%2Ftags&post=41487"}],"curies":[{"name":"wp","href":"https:\/\/api.w.org\/{rel}","templated":true}]}}