{"id":4060,"date":"2023-11-16T07:39:59","date_gmt":"2023-11-16T10:39:59","guid":{"rendered":"https:\/\/minutobahia24h.com.br\/?p=4060"},"modified":"2023-11-16T07:40:00","modified_gmt":"2023-11-16T10:40:00","slug":"professores-da-rede-estadual-fazem-abaixo-assinado-para-cobrar-piso-nacional-do-magisterio","status":"publish","type":"post","link":"https:\/\/minutobahia24h.com.br\/?p=4060","title":{"rendered":"Professores da rede estadual fazem abaixo-assinado para cobrar Piso Nacional do Magist\u00e9rio"},"content":{"rendered":"<div class=\"wp-block-image\">\n<figure class=\"aligncenter size-large\"><img data-recalc-dims=\"1\" fetchpriority=\"high\" decoding=\"async\" width=\"800\" height=\"420\" src=\"https:\/\/i0.wp.com\/minutobahia24h.com.br\/wp-content\/uploads\/2023\/11\/Sem-titulo-189-1024x538.jpg?resize=800%2C420&#038;ssl=1\" alt=\"\" class=\"wp-image-4062\" srcset=\"https:\/\/i0.wp.com\/minutobahia24h.com.br\/wp-content\/uploads\/2023\/11\/Sem-titulo-189.jpg?resize=1024%2C538&amp;ssl=1 1024w, https:\/\/i0.wp.com\/minutobahia24h.com.br\/wp-content\/uploads\/2023\/11\/Sem-titulo-189.jpg?resize=300%2C158&amp;ssl=1 300w, https:\/\/i0.wp.com\/minutobahia24h.com.br\/wp-content\/uploads\/2023\/11\/Sem-titulo-189.jpg?resize=768%2C403&amp;ssl=1 768w, https:\/\/i0.wp.com\/minutobahia24h.com.br\/wp-content\/uploads\/2023\/11\/Sem-titulo-189.jpg?resize=750%2C394&amp;ssl=1 750w, https:\/\/i0.wp.com\/minutobahia24h.com.br\/wp-content\/uploads\/2023\/11\/Sem-titulo-189.jpg?resize=1140%2C599&amp;ssl=1 1140w, https:\/\/i0.wp.com\/minutobahia24h.com.br\/wp-content\/uploads\/2023\/11\/Sem-titulo-189.jpg?w=1200&amp;ssl=1 1200w\" sizes=\"(max-width: 800px) 100vw, 800px\" \/><figcaption class=\"wp-element-caption\">Foto: divulga\u00e7\u00e3o<br><\/figcaption><\/figure>\n<\/div>\n\n\n<p class=\"has-text-align-justify\">Professores da rede estadual de ensino anunciaram que conclu\u00edram na ter\u00e7a-feira (14) a coleta de abaixo-assinado para cobrar o cumprimento da Lei do Piso Nacional do Magist\u00e9rio na Bahia, conforme prev\u00ea a Lei 11.738\/2008, com reestrutura\u00e7\u00e3o da carreira e paridade com os aposentados. A categoria solicita uma audi\u00eancia p\u00fablica \u00e0 Secret\u00e1ria de Educa\u00e7\u00e3o do Estado, Ad\u00e9lia Pinheiro, \u00e0 Assembleia Legislativa da Bahia (ALBA), e outros \u00f3rg\u00e3os p\u00fablicos, incluindo prefeitos do interior baiano, para discutir o quadro.<\/p>\n\n\n\n<p class=\"has-text-align-justify\">O abaixo-assinado tem como objetivo pressionar o pagamento do piso do magist\u00e9rio. \u201cPrecisamos que o piso seja implementado em todos os munic\u00edpios da Bahia. \u00c9 lei nacional, e sancionada pelo presidente Lula&#8221;, destaca a presidente da Associa\u00e7\u00e3o Classista da Educa\u00e7\u00e3o e Esporte da Bahia (ACEB), Marinalva Nunes.<\/p>\n\n\n\n<p>BN<\/p>\n","protected":false},"excerpt":{"rendered":"<p>Professores da rede estadual de ensino anunciaram que conclu\u00edram na ter\u00e7a-feira (14) a coleta de abaixo-assinado para cobrar o cumprimento da Lei do Piso Nacional do Magist\u00e9rio na Bahia, conforme prev\u00ea a Lei 11.738\/2008, com reestrutura\u00e7\u00e3o da carreira e paridade com os aposentados. A categoria solicita uma audi\u00eancia p\u00fablica \u00e0 Secret\u00e1ria de Educa\u00e7\u00e3o do Estado, [&hellip;]<\/p>\n","protected":false},"author":2,"featured_media":4062,"comment_status":"open","ping_status":"open","sticky":false,"template":"","format":"standard","meta":{"_jetpack_memberships_contains_paid_content":false,"footnotes":""},"categories":[21],"tags":[],"class_list":["post-4060","post","type-post","status-publish","format-standard","has-post-thumbnail","hentry","category-bahia"],"aioseo_notices":[],"jetpack_featured_media_url":"https:\/\/i0.wp.com\/minutobahia24h.com.br\/wp-content\/uploads\/2023\/11\/Sem-titulo-189.jpg?fit=1200%2C630&ssl=1","jetpack_sharing_enabled":true,"_links":{"self":[{"href":"https:\/\/minutobahia24h.com.br\/index.php?rest_route=\/wp\/v2\/posts\/4060","targetHints":{"allow":["GET"]}}],"collection":[{"href":"https:\/\/minutobahia24h.com.br\/index.php?rest_route=\/wp\/v2\/posts"}],"about":[{"href":"https:\/\/minutobahia24h.com.br\/index.php?rest_route=\/wp\/v2\/types\/post"}],"author":[{"embeddable":true,"href":"https:\/\/minutobahia24h.com.br\/index.php?rest_route=\/wp\/v2\/users\/2"}],"replies":[{"embeddable":true,"href":"https:\/\/minutobahia24h.com.br\/index.php?rest_route=%2Fwp%2Fv2%2Fcomments&post=4060"}],"version-history":[{"count":1,"href":"https:\/\/minutobahia24h.com.br\/index.php?rest_route=\/wp\/v2\/posts\/4060\/revisions"}],"predecessor-version":[{"id":4063,"href":"https:\/\/minutobahia24h.com.br\/index.php?rest_route=\/wp\/v2\/posts\/4060\/revisions\/4063"}],"wp:featuredmedia":[{"embeddable":true,"href":"https:\/\/minutobahia24h.com.br\/index.php?rest_route=\/wp\/v2\/media\/4062"}],"wp:attachment":[{"href":"https:\/\/minutobahia24h.com.br\/index.php?rest_route=%2Fwp%2Fv2%2Fmedia&parent=4060"}],"wp:term":[{"taxonomy":"category","embeddable":true,"href":"https:\/\/minutobahia24h.com.br\/index.php?rest_route=%2Fwp%2Fv2%2Fcategories&post=4060"},{"taxonomy":"post_tag","embeddable":true,"href":"https:\/\/minutobahia24h.com.br\/index.php?rest_route=%2Fwp%2Fv2%2Ftags&post=4060"}],"curies":[{"name":"wp","href":"https:\/\/api.w.org\/{rel}","templated":true}]}}