{"id":4056,"date":"2023-11-16T07:38:21","date_gmt":"2023-11-16T10:38:21","guid":{"rendered":"https:\/\/minutobahia24h.com.br\/?p=4056"},"modified":"2023-11-16T07:38:22","modified_gmt":"2023-11-16T10:38:22","slug":"uniao-autoriza-mineradora-a-voltar-a-operar-na-serra-do-curral-em-minas-gerais","status":"publish","type":"post","link":"https:\/\/minutobahia24h.com.br\/?p=4056","title":{"rendered":"Uni\u00e3o autoriza mineradora a voltar a operar na Serra do Curral, em Minas Gerais"},"content":{"rendered":"<div class=\"wp-block-image\">\n<figure class=\"aligncenter size-large\"><img data-recalc-dims=\"1\" fetchpriority=\"high\" decoding=\"async\" width=\"800\" height=\"419\" src=\"https:\/\/i0.wp.com\/minutobahia24h.com.br\/wp-content\/uploads\/2023\/11\/Sem-titulo-188-1024x536.jpg?resize=800%2C419&#038;ssl=1\" alt=\"\" class=\"wp-image-4058\" srcset=\"https:\/\/i0.wp.com\/minutobahia24h.com.br\/wp-content\/uploads\/2023\/11\/Sem-titulo-188.jpg?resize=1024%2C536&amp;ssl=1 1024w, https:\/\/i0.wp.com\/minutobahia24h.com.br\/wp-content\/uploads\/2023\/11\/Sem-titulo-188.jpg?resize=300%2C157&amp;ssl=1 300w, https:\/\/i0.wp.com\/minutobahia24h.com.br\/wp-content\/uploads\/2023\/11\/Sem-titulo-188.jpg?resize=768%2C402&amp;ssl=1 768w, https:\/\/i0.wp.com\/minutobahia24h.com.br\/wp-content\/uploads\/2023\/11\/Sem-titulo-188.jpg?resize=750%2C393&amp;ssl=1 750w, https:\/\/i0.wp.com\/minutobahia24h.com.br\/wp-content\/uploads\/2023\/11\/Sem-titulo-188.jpg?resize=1140%2C597&amp;ssl=1 1140w, https:\/\/i0.wp.com\/minutobahia24h.com.br\/wp-content\/uploads\/2023\/11\/Sem-titulo-188.jpg?w=1199&amp;ssl=1 1199w\" sizes=\"(max-width: 800px) 100vw, 800px\" \/><figcaption class=\"wp-element-caption\">Foto: Divulga\u00e7\u00e3o<br><\/figcaption><\/figure>\n<\/div>\n\n\n<p class=\"has-text-align-justify\">A ANM (Ag\u00eancia Nacional de Minera\u00e7\u00e3o) autorizou a Embapra (Empresa de Minera\u00e7\u00e3o Pau Branco) a voltar a operar na Serra do Curral, um pared\u00e3o verde em Minas Gerais, de import\u00e2ncia ambiental, cultural e hist\u00f3rica na regi\u00e3o metropolitana de Belo Horizonte. A permiss\u00e3o, dada no m\u00eas passado, est\u00e1 limitada ao min\u00e9rio j\u00e1 lavrado e estocado, que poder\u00e1 ser comercializado. A autoriza\u00e7\u00e3o foi dada quatro anos depois da suspens\u00e3o das atividades da empresa na serra por descumprimento de um acordo firmado com a Semad )Secretaria de Meio Ambiente de Minas Gerais).<br>\u00a0<\/p>\n\n\n\n<p class=\"has-text-align-justify\">A deputada Duda Salabert (PDT-MG), que acompanha o caso, afirmou estimar em 1,2 milh\u00e3o de toneladas o min\u00e9rio a ser retirado do local, cujo valor seria de R$ 500 milh\u00f5es. O governo estadual n\u00e3o informou o volume ainda estocado. A ANM e a Embapra n\u00e3o se manifestaram sobre o caso. A autoriza\u00e7\u00e3o da ANM condiciona as atividades \u00e0 apresenta\u00e7\u00e3o de um plano de fechamento de mina em seis meses e ao desassoreamento das barragens do local em dois meses. Em nota, o governo mineiro disse que a autoriza\u00e7\u00e3o n\u00e3o permite atividades produtivas. Afirmou tamb\u00e9m que &#8220;qualquer atividade efetiva ou potencialmente poluidora deve ser submetida previamente a licenciamento ambiental, o que ainda n\u00e3o ocorreu&#8221;.<br>\u00a0<\/p>\n\n\n\n<p class=\"has-text-align-justify\">&#8220;Foi realizada fiscaliza\u00e7\u00e3o ambiental no local na data de 8 de novembro de 2023. Na ocasi\u00e3o, foi constatado que a empresa estava realizando a limpeza do das estruturas de conten\u00e7\u00e3o de sedimento, medida de seguran\u00e7a necess\u00e1ria. Semad e Feam reiteram que qualquer a\u00e7\u00e3o emergencial visando prevenir impactos ambientais devem ser adotadas de imediato pelo respons\u00e1vel, sob pena, inclusive, de incidir nas san\u00e7\u00f5es administrativas caso ocorra o evento danoso&#8221;, afirmou o governo estadual.<br>&nbsp;<\/p>\n\n\n\n<p class=\"has-text-align-justify\">Salabert afirmou considerar absurda a autoriza\u00e7\u00e3o \u00e0 &#8220;mineradora retirar e vender min\u00e9rio depois de ter atuado de forma ilegal por tantos anos&#8221;. Ela acionou a Pol\u00edcia Federal e o Minist\u00e9rio P\u00fablico estadual para analisarem o caso. A Serra do Curral tem sua face norte voltada para a zona sul de Belo Horizonte, e tamb\u00e9m faz parte de outros dois munic\u00edpios vizinhos da capital: Sabar\u00e1 e Nova Lima. A \u00e1rea \u00e9 rica em esp\u00e9cies vegetais e animais e em min\u00e9rio de ferro. H\u00e1 ainda uma quest\u00e3o hist\u00f3rica, pelo fato de a capital ter crescido aos seus p\u00e9s. Parte da Serra do Curral j\u00e1 est\u00e1 sob prote\u00e7\u00e3o devido \u00e0 cria\u00e7\u00e3o de reservas como o parque das Mangabeiras e o parque da Serra do Curral. <\/p>\n\n\n\n<p class=\"has-text-align-justify\">Ainda h\u00e1, por\u00e9m, \u00e1reas sem essa prote\u00e7\u00e3o, que acabam virando alvo das mineradoras. A Embapra come\u00e7ou a atuar na regi\u00e3o desde a d\u00e9cada de 1950. As cr\u00edticas \u00e0s atividades das mineradores na regi\u00e3o ganhou nova dimens\u00e3o ap\u00f3s a rea\u00e7\u00e3o de ambientalistas e artistas contr\u00e1rios \u00e0 autoriza\u00e7\u00e3o dada em abril do ano passado a outra mineradora, a Tamisa, a explorar uma \u00e1rea na Serra do Curral.<br>\u00a0<\/p>\n\n\n\n<p class=\"has-text-align-justify\">A decis\u00e3o provocou forte rea\u00e7\u00e3o de ambientalistas, que defendem o tombamento integral da serra, algo discutido no estado desde 2018. Ap\u00f3s um vaiv\u00e9m jur\u00eddico, o Tribunal de Justi\u00e7a de Minas Gerais proibiu a minera\u00e7\u00e3o na \u00e1rea autorizada pelo Copam para a Tamisa, decis\u00e3o que, at\u00e9 o momento, n\u00e3o foi revista. A mineradora Gute Sicht tamb\u00e9m foi interditada em maio do ano passado por, segundo a Prefeitura de Belo Horizonte, estar explorando \u00e1rea sob prote\u00e7\u00e3o ambiental.<\/p>\n\n\n\n<p>BN<\/p>\n","protected":false},"excerpt":{"rendered":"<p>A ANM (Ag\u00eancia Nacional de Minera\u00e7\u00e3o) autorizou a Embapra (Empresa de Minera\u00e7\u00e3o Pau Branco) a voltar a operar na Serra do Curral, um pared\u00e3o verde em Minas Gerais, de import\u00e2ncia ambiental, cultural e hist\u00f3rica na regi\u00e3o metropolitana de Belo Horizonte. A permiss\u00e3o, dada no m\u00eas passado, est\u00e1 limitada ao min\u00e9rio j\u00e1 lavrado e estocado, que [&hellip;]<\/p>\n","protected":false},"author":2,"featured_media":4058,"comment_status":"open","ping_status":"open","sticky":false,"template":"","format":"standard","meta":{"_jetpack_memberships_contains_paid_content":false,"footnotes":""},"categories":[46],"tags":[],"class_list":["post-4056","post","type-post","status-publish","format-standard","has-post-thumbnail","hentry","category-noticia"],"aioseo_notices":[],"jetpack_featured_media_url":"https:\/\/i0.wp.com\/minutobahia24h.com.br\/wp-content\/uploads\/2023\/11\/Sem-titulo-188.jpg?fit=1199%2C628&ssl=1","jetpack_sharing_enabled":true,"_links":{"self":[{"href":"https:\/\/minutobahia24h.com.br\/index.php?rest_route=\/wp\/v2\/posts\/4056","targetHints":{"allow":["GET"]}}],"collection":[{"href":"https:\/\/minutobahia24h.com.br\/index.php?rest_route=\/wp\/v2\/posts"}],"about":[{"href":"https:\/\/minutobahia24h.com.br\/index.php?rest_route=\/wp\/v2\/types\/post"}],"author":[{"embeddable":true,"href":"https:\/\/minutobahia24h.com.br\/index.php?rest_route=\/wp\/v2\/users\/2"}],"replies":[{"embeddable":true,"href":"https:\/\/minutobahia24h.com.br\/index.php?rest_route=%2Fwp%2Fv2%2Fcomments&post=4056"}],"version-history":[{"count":1,"href":"https:\/\/minutobahia24h.com.br\/index.php?rest_route=\/wp\/v2\/posts\/4056\/revisions"}],"predecessor-version":[{"id":4059,"href":"https:\/\/minutobahia24h.com.br\/index.php?rest_route=\/wp\/v2\/posts\/4056\/revisions\/4059"}],"wp:featuredmedia":[{"embeddable":true,"href":"https:\/\/minutobahia24h.com.br\/index.php?rest_route=\/wp\/v2\/media\/4058"}],"wp:attachment":[{"href":"https:\/\/minutobahia24h.com.br\/index.php?rest_route=%2Fwp%2Fv2%2Fmedia&parent=4056"}],"wp:term":[{"taxonomy":"category","embeddable":true,"href":"https:\/\/minutobahia24h.com.br\/index.php?rest_route=%2Fwp%2Fv2%2Fcategories&post=4056"},{"taxonomy":"post_tag","embeddable":true,"href":"https:\/\/minutobahia24h.com.br\/index.php?rest_route=%2Fwp%2Fv2%2Ftags&post=4056"}],"curies":[{"name":"wp","href":"https:\/\/api.w.org\/{rel}","templated":true}]}}