{"id":4048,"date":"2023-11-16T07:28:23","date_gmt":"2023-11-16T10:28:23","guid":{"rendered":"https:\/\/minutobahia24h.com.br\/?p=4048"},"modified":"2023-11-16T07:28:24","modified_gmt":"2023-11-16T10:28:24","slug":"jamilton-fernandes-participa-de-reuniao-com-cadastrados-no-minha-casa-minha-vida-e-conferencia-de-cultura","status":"publish","type":"post","link":"https:\/\/minutobahia24h.com.br\/?p=4048","title":{"rendered":"Jamilton Fernandes participa de reuni\u00e3o com cadastrados no Minha Casa Minha Vida e Confer\u00eancia de Cultura"},"content":{"rendered":"<div class=\"wp-block-image\">\n<figure class=\"aligncenter size-full\"><img data-recalc-dims=\"1\" fetchpriority=\"high\" decoding=\"async\" width=\"599\" height=\"400\" src=\"https:\/\/i0.wp.com\/minutobahia24h.com.br\/wp-content\/uploads\/2023\/11\/Sem-titulo-186.jpg?resize=599%2C400&#038;ssl=1\" alt=\"\" class=\"wp-image-4050\" srcset=\"https:\/\/i0.wp.com\/minutobahia24h.com.br\/wp-content\/uploads\/2023\/11\/Sem-titulo-186.jpg?w=599&amp;ssl=1 599w, https:\/\/i0.wp.com\/minutobahia24h.com.br\/wp-content\/uploads\/2023\/11\/Sem-titulo-186.jpg?resize=300%2C200&amp;ssl=1 300w\" sizes=\"(max-width: 599px) 100vw, 599px\" \/><\/figure>\n<\/div>\n\n\n<p>O l\u00edder comunit\u00e1rio Jamilton Fernandes teve participa\u00e7\u00e3o ativa em duas importantes frentes esta semana. Em uma reuni\u00e3o direcionada aos moradores da sede, discutiu-se o cadastro no programa Minha Casa Minha Vida Urbana, uma iniciativa destinada a pessoas da cidade que ainda n\u00e3o possuem moradia pr\u00f3pria.<\/p>\n\n\n\n<figure class=\"wp-block-image\"><a href=\"https:\/\/i0.wp.com\/blogger.googleusercontent.com\/img\/b\/R29vZ2xl\/AVvXsEiobTAMFgFY3BDeM7ZIcfCdbccAAqNYwMALEALd3pD1yM3J1Y3qBMEIRYztWUCwNINO9_c9U_uS4rdhpl6OCYMclqMe3Edl013HIN7r5epuzH5RA_bpmJX1wozJaa3XGCk_Zer5t2CwGabOmdxHBTiuSbjt03mllpKfc1oauOv2S8kuT4C80imJi3Kyt0Ar\/s1280\/WhatsApp%20Image%202023-11-14%20at%2019.02.42%20%281%29.jpeg?ssl=1\"><img data-recalc-dims=\"1\" decoding=\"async\" src=\"https:\/\/i0.wp.com\/blogger.googleusercontent.com\/img\/b\/R29vZ2xl\/AVvXsEiobTAMFgFY3BDeM7ZIcfCdbccAAqNYwMALEALd3pD1yM3J1Y3qBMEIRYztWUCwNINO9_c9U_uS4rdhpl6OCYMclqMe3Edl013HIN7r5epuzH5RA_bpmJX1wozJaa3XGCk_Zer5t2CwGabOmdxHBTiuSbjt03mllpKfc1oauOv2S8kuT4C80imJi3Kyt0Ar\/s16000\/WhatsApp%20Image%202023-11-14%20at%2019.02.42%20%281%29.jpeg?w=800&#038;ssl=1\" alt=\"\"\/><\/a><\/figure>\n\n\n\n<p>Al\u00e9m disso, Jamilton esteve presente na VI Confer\u00eancia de Cultura realizada em Senhor do Bonfim, onde debateu quest\u00f5es relevantes para o fortalecimento e promo\u00e7\u00e3o da cultura na regi\u00e3o. Sua presen\u00e7a e engajamento demonstram o comprometimento em buscar solu\u00e7\u00f5es para quest\u00f5es habitacionais e em participar ativamente do desenvolvimento cultural da comunidade.<\/p>\n\n\n\n<p>interativapn<\/p>\n","protected":false},"excerpt":{"rendered":"<p>O l\u00edder comunit\u00e1rio Jamilton Fernandes teve participa\u00e7\u00e3o ativa em duas importantes frentes esta semana. Em uma reuni\u00e3o direcionada aos moradores da sede, discutiu-se o cadastro no programa Minha Casa Minha Vida Urbana, uma iniciativa destinada a pessoas da cidade que ainda n\u00e3o possuem moradia pr\u00f3pria. Al\u00e9m disso, Jamilton esteve presente na VI Confer\u00eancia de Cultura [&hellip;]<\/p>\n","protected":false},"author":2,"featured_media":4050,"comment_status":"open","ping_status":"open","sticky":false,"template":"","format":"standard","meta":{"_jetpack_memberships_contains_paid_content":false,"footnotes":""},"categories":[35],"tags":[],"class_list":["post-4048","post","type-post","status-publish","format-standard","has-post-thumbnail","hentry","category-ponto-novo"],"aioseo_notices":[],"jetpack_featured_media_url":"https:\/\/i0.wp.com\/minutobahia24h.com.br\/wp-content\/uploads\/2023\/11\/Sem-titulo-186.jpg?fit=599%2C400&ssl=1","jetpack_sharing_enabled":true,"_links":{"self":[{"href":"https:\/\/minutobahia24h.com.br\/index.php?rest_route=\/wp\/v2\/posts\/4048","targetHints":{"allow":["GET"]}}],"collection":[{"href":"https:\/\/minutobahia24h.com.br\/index.php?rest_route=\/wp\/v2\/posts"}],"about":[{"href":"https:\/\/minutobahia24h.com.br\/index.php?rest_route=\/wp\/v2\/types\/post"}],"author":[{"embeddable":true,"href":"https:\/\/minutobahia24h.com.br\/index.php?rest_route=\/wp\/v2\/users\/2"}],"replies":[{"embeddable":true,"href":"https:\/\/minutobahia24h.com.br\/index.php?rest_route=%2Fwp%2Fv2%2Fcomments&post=4048"}],"version-history":[{"count":1,"href":"https:\/\/minutobahia24h.com.br\/index.php?rest_route=\/wp\/v2\/posts\/4048\/revisions"}],"predecessor-version":[{"id":4051,"href":"https:\/\/minutobahia24h.com.br\/index.php?rest_route=\/wp\/v2\/posts\/4048\/revisions\/4051"}],"wp:featuredmedia":[{"embeddable":true,"href":"https:\/\/minutobahia24h.com.br\/index.php?rest_route=\/wp\/v2\/media\/4050"}],"wp:attachment":[{"href":"https:\/\/minutobahia24h.com.br\/index.php?rest_route=%2Fwp%2Fv2%2Fmedia&parent=4048"}],"wp:term":[{"taxonomy":"category","embeddable":true,"href":"https:\/\/minutobahia24h.com.br\/index.php?rest_route=%2Fwp%2Fv2%2Fcategories&post=4048"},{"taxonomy":"post_tag","embeddable":true,"href":"https:\/\/minutobahia24h.com.br\/index.php?rest_route=%2Fwp%2Fv2%2Ftags&post=4048"}],"curies":[{"name":"wp","href":"https:\/\/api.w.org\/{rel}","templated":true}]}}