{"id":40215,"date":"2026-01-14T08:22:52","date_gmt":"2026-01-14T11:22:52","guid":{"rendered":"https:\/\/minutobahia24h.com.br\/?p=40215"},"modified":"2026-01-14T08:22:53","modified_gmt":"2026-01-14T11:22:53","slug":"dinamarca-e-groenlandia-se-encontram-com-jd-vance-em-reuniao-decisiva-nesta-quarta-14","status":"publish","type":"post","link":"https:\/\/minutobahia24h.com.br\/?p=40215","title":{"rendered":"Dinamarca e Groenl\u00e2ndia se encontram com JD Vance em reuni\u00e3o decisiva nesta quarta (14)"},"content":{"rendered":"<div class=\"wp-block-image\">\n<figure class=\"aligncenter size-full\"><img data-recalc-dims=\"1\" fetchpriority=\"high\" decoding=\"async\" width=\"800\" height=\"532\" src=\"https:\/\/i0.wp.com\/minutobahia24h.com.br\/wp-content\/uploads\/2026\/01\/Sem-titulo-127.jpg?resize=800%2C532&#038;ssl=1\" alt=\"\" class=\"wp-image-40216\" srcset=\"https:\/\/i0.wp.com\/minutobahia24h.com.br\/wp-content\/uploads\/2026\/01\/Sem-titulo-127.jpg?w=888&amp;ssl=1 888w, https:\/\/i0.wp.com\/minutobahia24h.com.br\/wp-content\/uploads\/2026\/01\/Sem-titulo-127.jpg?resize=300%2C200&amp;ssl=1 300w, https:\/\/i0.wp.com\/minutobahia24h.com.br\/wp-content\/uploads\/2026\/01\/Sem-titulo-127.jpg?resize=768%2C511&amp;ssl=1 768w, https:\/\/i0.wp.com\/minutobahia24h.com.br\/wp-content\/uploads\/2026\/01\/Sem-titulo-127.jpg?resize=750%2C499&amp;ssl=1 750w\" sizes=\"(max-width: 800px) 100vw, 800px\" \/><figcaption class=\"wp-element-caption\">Vice-presidente dos Estados Unidos, JD Vance. \u2014 Foto: Mandel NGAN \/ AFP<br><\/figcaption><\/figure>\n<\/div>\n\n\n<p class=\"wp-block-paragraph\">Os ministros das Rela\u00e7\u00f5es Exteriores da\u00a0<a class=\"\" href=\"https:\/\/cbn.globo.com\/busca\/?q=Dinamarca\">Dinamarca<\/a>\u00a0e da\u00a0<a class=\"\" href=\"https:\/\/cbn.globo.com\/busca\/?q=Groenl%C3%A2ndia\">Groenl\u00e2ndia<\/a>\u00a0se reunir\u00e3o com o vice-presidente dos EUA,\u00a0<a class=\"\" href=\"https:\/\/cbn.globo.com\/busca\/?q=JD+Vance\">JD Vance<\/a>, na Casa Branca nesta quarta-feira (14), de acordo com a ag\u00eancia de not\u00edcias Reuters. A reuni\u00e3o vem ap\u00f3s semanas de amea\u00e7as do presidente\u00a0<a class=\"\" href=\"https:\/\/cbn.globo.com\/busca\/?q=Trump\">Donald Trump<\/a>\u00a0de anexar ou comprar a Groenl\u00e2ndia, um territ\u00f3rio aut\u00f4nomo da Dinamarca.<\/p>\n\n\n\n<p class=\"wp-block-paragraph\">A Groenl\u00e2ndia e a Dinamarca afirmam que o territ\u00f3rio n\u00e3o est\u00e1 \u00e0 venda e recha\u00e7a as amea\u00e7as de uso da for\u00e7a, enquanto Trump alega que a ilha, estrategicamente localizada e rica em minerais, \u00e9 vital para a seguran\u00e7a dos EUA e que os Estados Unidos devem mant\u00ea-la sob seu controle para impedir que a R\u00fassia ou a China a ocupem.<\/p>\n\n\n\n<p class=\"wp-block-paragraph\">A Casa Branca tem discutido v\u00e1rios planos para colocar a Groenl\u00e2ndia sob controle dos EUA, incluindo o uso das for\u00e7as armadas americanas e pagamentos aos groenlandeses para convenc\u00ea-los. Pa\u00edses importantes da UE manifestaram apoio \u00e0 Dinamarca desde a semana passada, quando o tom subiu ap\u00f3s o ataque de Trump \u00e0 Venezuela, em que capturou Nicol\u00e1s Maduro.<\/p>\n\n\n\n<p class=\"wp-block-paragraph\">A Dinamarca e a Groenl\u00e2ndia haviam inicialmente solicitado uma reuni\u00e3o com Rubio, mas Rasmussen, da Dinamarca, disse que Vance tamb\u00e9m queria participar e que o vice-presidente sediaria a reuni\u00e3o pessoalmente, na Casa Branca.<\/p>\n\n\n\n<p class=\"wp-block-paragraph\">O ministro das Rela\u00e7\u00f5es Exteriores da Dinamarca, Lars Lokke Rasmussen, e o da Groenl\u00e2ndia, Vivian Motzfeldt, devem demonstrar uni\u00e3o na reuni\u00e3o com Vance e outros funcion\u00e1rios americanos, incluindo o secret\u00e1rio de Estado&nbsp;<a class=\"\" href=\"https:\/\/cbn.globo.com\/busca\/?q=Marco+Rubio\">Marco Rubio<\/a>.<\/p>\n\n\n\n<p class=\"wp-block-paragraph\">&#8220;Escolhemos a Groenl\u00e2ndia que conhecemos hoje \u2013 como parte do Reino da Dinamarca&#8221;, disse Motzfeldt em um comunicado divulgado pelo embaixador dinamarqu\u00eas nos EUA na ter\u00e7a-feira. O primeiro-ministro da Groenl\u00e2ndia,&nbsp;<a class=\"\" href=\"https:\/\/cbn.globo.com\/busca\/?q=Nielsen\">Jens-Frederik Nielsen<\/a>, tamb\u00e9m reiterou o compromisso da Groenl\u00e2ndia com a Dinamarca e rejeitou a possibilidade de se tornar um territ\u00f3rio dos EUA.<\/p>\n\n\n\n<p class=\"wp-block-paragraph\">Em resposta, Trump descartou a declara\u00e7\u00e3o de Nielsen de que a Groenl\u00e2ndia quer permanecer parte da Dinamarca, afirmando que isso \u00e9 &#8220;problema deles&#8221;. &#8220;Discordo deles. N\u00e3o sei quem ele \u00e9. N\u00e3o sei nada sobre ele, mas isso vai ser um grande problema para ele.&#8221;<\/p>\n\n\n\n<p class=\"wp-block-paragraph\">A primeira-ministra da Dinamarca, Mette Frederiksen, afirmou que a parte mais dif\u00edcil da disputa sobre o futuro da Groenl\u00e2ndia pode estar por vir.<\/p>\n\n\n\n<p class=\"wp-block-paragraph\">cbn<\/p>\n","protected":false},"excerpt":{"rendered":"<p>Os ministros das Rela\u00e7\u00f5es Exteriores da\u00a0Dinamarca\u00a0e da\u00a0Groenl\u00e2ndia\u00a0se reunir\u00e3o com o vice-presidente dos EUA,\u00a0JD Vance, na Casa Branca nesta quarta-feira (14), de acordo com a ag\u00eancia de not\u00edcias Reuters. A reuni\u00e3o vem ap\u00f3s semanas de amea\u00e7as do presidente\u00a0Donald Trump\u00a0de anexar ou comprar a Groenl\u00e2ndia, um territ\u00f3rio aut\u00f4nomo da Dinamarca. A Groenl\u00e2ndia e a Dinamarca afirmam que [&hellip;]<\/p>\n","protected":false},"author":2,"featured_media":40216,"comment_status":"open","ping_status":"open","sticky":false,"template":"","format":"standard","meta":{"_jetpack_newsletter_access":"","_jetpack_dont_email_post_to_subs":false,"_jetpack_newsletter_tier_id":0,"_jetpack_memberships_contains_paywalled_content":false,"_jetpack_feature_clip_id":0,"_jetpack_memberships_contains_paid_content":false,"footnotes":"","jetpack_post_was_ever_published":false},"categories":[15],"tags":[],"class_list":["post-40215","post","type-post","status-publish","format-standard","has-post-thumbnail","hentry","category-mundo"],"aioseo_notices":[],"aioseo_head":"\n\t\t<!-- All in One SEO 5.0.1.1 - aioseo.com -->\n\t<meta name=\"description\" content=\"Os ministros das Rela\u00e7\u00f5es Exteriores da Dinamarca e da Groenl\u00e2ndia se reunir\u00e3o com o vice-presidente dos EUA, JD Vance, na Casa Branca nesta quarta-feira (14), de acordo com a ag\u00eancia de not\u00edcias Reuters. A reuni\u00e3o vem ap\u00f3s semanas de amea\u00e7as do presidente Donald Trump de anexar ou comprar a Groenl\u00e2ndia, um territ\u00f3rio aut\u00f4nomo da Dinamarca. A Groenl\u00e2ndia e a Dinamarca afirmam que\" \/>\n\t<meta name=\"robots\" content=\"max-image-preview:large\" \/>\n\t<meta name=\"author\" content=\"andre\"\/>\n\t<link rel=\"canonical\" href=\"https:\/\/minutobahia24h.com.br\/?p=40215\" \/>\n\t<meta name=\"generator\" content=\"All in One SEO (AIOSEO) 5.0.1.1\" \/>\n\t\t<meta property=\"og:locale\" content=\"pt_BR\" \/>\n\t\t<meta property=\"og:site_name\" content=\"Minuto Bahia 24h - O seu portal de not\u00edcias\" \/>\n\t\t<meta property=\"og:type\" content=\"article\" \/>\n\t\t<meta property=\"og:title\" content=\"Dinamarca e Groenl\u00e2ndia se encontram com JD Vance em reuni\u00e3o decisiva nesta quarta (14) - Minuto Bahia 24h\" \/>\n\t\t<meta property=\"og:description\" content=\"Os ministros das Rela\u00e7\u00f5es Exteriores da Dinamarca e da Groenl\u00e2ndia se reunir\u00e3o com o vice-presidente dos EUA, JD Vance, na Casa Branca nesta quarta-feira (14), de acordo com a ag\u00eancia de not\u00edcias Reuters. A reuni\u00e3o vem ap\u00f3s semanas de amea\u00e7as do presidente Donald Trump de anexar ou comprar a Groenl\u00e2ndia, um territ\u00f3rio aut\u00f4nomo da Dinamarca. A Groenl\u00e2ndia e a Dinamarca afirmam que\" \/>\n\t\t<meta property=\"og:url\" content=\"https:\/\/minutobahia24h.com.br\/?p=40215\" \/>\n\t\t<meta property=\"og:image\" content=\"https:\/\/minutobahia24h.com.br\/wp-content\/uploads\/2026\/01\/Sem-titulo-127.jpg\" \/>\n\t\t<meta property=\"og:image:secure_url\" content=\"https:\/\/minutobahia24h.com.br\/wp-content\/uploads\/2026\/01\/Sem-titulo-127.jpg\" \/>\n\t\t<meta property=\"og:image:width\" content=\"888\" \/>\n\t\t<meta property=\"og:image:height\" content=\"591\" \/>\n\t\t<meta property=\"article:published_time\" content=\"2026-01-14T11:22:52+00:00\" \/>\n\t\t<meta property=\"article:modified_time\" content=\"2026-01-14T11:22:53+00:00\" \/>\n\t\t<meta name=\"twitter:card\" content=\"summary_large_image\" \/>\n\t\t<meta name=\"twitter:title\" content=\"Dinamarca e Groenl\u00e2ndia se encontram com JD Vance em reuni\u00e3o decisiva nesta quarta (14) - Minuto Bahia 24h\" \/>\n\t\t<meta name=\"twitter:description\" content=\"Os ministros das Rela\u00e7\u00f5es Exteriores da Dinamarca e da Groenl\u00e2ndia se reunir\u00e3o com o vice-presidente dos EUA, JD Vance, na Casa Branca nesta quarta-feira (14), de acordo com a ag\u00eancia de not\u00edcias Reuters. A reuni\u00e3o vem ap\u00f3s semanas de amea\u00e7as do presidente Donald Trump de anexar ou comprar a Groenl\u00e2ndia, um territ\u00f3rio aut\u00f4nomo da Dinamarca. A Groenl\u00e2ndia e a Dinamarca afirmam que\" \/>\n\t\t<meta name=\"twitter:image\" content=\"https:\/\/minutobahia24h.com.br\/wp-content\/uploads\/2026\/01\/Sem-titulo-127.jpg\" \/>\n\t\t<script type=\"application\/ld+json\" class=\"aioseo-schema\">\n\t\t\t{\"@context\":\"https:\\\/\\\/schema.org\",\"@graph\":[{\"@type\":\"BlogPosting\",\"@id\":\"https:\\\/\\\/minutobahia24h.com.br\\\/?p=40215#blogposting\",\"name\":\"Dinamarca e Groenl\\u00e2ndia se encontram com JD Vance em reuni\\u00e3o decisiva nesta quarta (14) - Minuto Bahia 24h\",\"headline\":\"Dinamarca e Groenl\\u00e2ndia se encontram com JD Vance em reuni\\u00e3o decisiva nesta quarta (14)\",\"author\":{\"@id\":\"https:\\\/\\\/minutobahia24h.com.br\\\/?author=2#author\"},\"publisher\":{\"@id\":\"https:\\\/\\\/minutobahia24h.com.br\\\/#organization\"},\"image\":{\"@type\":\"ImageObject\",\"url\":\"https:\\\/\\\/i0.wp.com\\\/minutobahia24h.com.br\\\/wp-content\\\/uploads\\\/2026\\\/01\\\/Sem-titulo-127.jpg?fit=888%2C591&ssl=1\",\"width\":888,\"height\":591},\"datePublished\":\"2026-01-14T08:22:52-03:00\",\"dateModified\":\"2026-01-14T08:22:53-03:00\",\"inLanguage\":\"pt-BR\",\"mainEntityOfPage\":{\"@id\":\"https:\\\/\\\/minutobahia24h.com.br\\\/?p=40215#webpage\"},\"isPartOf\":{\"@id\":\"https:\\\/\\\/minutobahia24h.com.br\\\/?p=40215#webpage\"},\"articleSection\":\"Mundo\"},{\"@type\":\"BreadcrumbList\",\"@id\":\"https:\\\/\\\/minutobahia24h.com.br\\\/?p=40215#breadcrumblist\",\"itemListElement\":[{\"@type\":\"ListItem\",\"@id\":\"https:\\\/\\\/minutobahia24h.com.br#listItem\",\"position\":1,\"name\":\"In\\u00edcio\",\"item\":\"https:\\\/\\\/minutobahia24h.com.br\",\"nextItem\":{\"@type\":\"ListItem\",\"@id\":\"https:\\\/\\\/minutobahia24h.com.br\\\/?cat=15#listItem\",\"name\":\"Mundo\"}},{\"@type\":\"ListItem\",\"@id\":\"https:\\\/\\\/minutobahia24h.com.br\\\/?cat=15#listItem\",\"position\":2,\"name\":\"Mundo\",\"item\":\"https:\\\/\\\/minutobahia24h.com.br\\\/?cat=15\",\"nextItem\":{\"@type\":\"ListItem\",\"@id\":\"https:\\\/\\\/minutobahia24h.com.br\\\/?p=40215#listItem\",\"name\":\"Dinamarca e Groenl\\u00e2ndia se encontram com JD Vance em reuni\\u00e3o decisiva nesta quarta (14)\"},\"previousItem\":{\"@type\":\"ListItem\",\"@id\":\"https:\\\/\\\/minutobahia24h.com.br#listItem\",\"name\":\"In\\u00edcio\"}},{\"@type\":\"ListItem\",\"@id\":\"https:\\\/\\\/minutobahia24h.com.br\\\/?p=40215#listItem\",\"position\":3,\"name\":\"Dinamarca e Groenl\\u00e2ndia se encontram com JD Vance em reuni\\u00e3o decisiva nesta quarta (14)\",\"previousItem\":{\"@type\":\"ListItem\",\"@id\":\"https:\\\/\\\/minutobahia24h.com.br\\\/?cat=15#listItem\",\"name\":\"Mundo\"}}]},{\"@type\":\"Organization\",\"@id\":\"https:\\\/\\\/minutobahia24h.com.br\\\/#organization\",\"name\":\"Minuto Bahia 24h\",\"description\":\"O seu portal de not\\u00edcias\",\"url\":\"https:\\\/\\\/minutobahia24h.com.br\\\/\",\"logo\":{\"@type\":\"ImageObject\",\"url\":\"https:\\\/\\\/i0.wp.com\\\/minutobahia24h.com.br\\\/wp-content\\\/uploads\\\/2023\\\/09\\\/cropped-minutoba.png?fit=457%2C119&ssl=1\",\"@id\":\"https:\\\/\\\/minutobahia24h.com.br\\\/?p=40215\\\/#organizationLogo\",\"width\":457,\"height\":119},\"image\":{\"@id\":\"https:\\\/\\\/minutobahia24h.com.br\\\/?p=40215\\\/#organizationLogo\"}},{\"@type\":\"Person\",\"@id\":\"https:\\\/\\\/minutobahia24h.com.br\\\/?author=2#author\",\"url\":\"https:\\\/\\\/minutobahia24h.com.br\\\/?author=2\",\"name\":\"andre\",\"image\":{\"@type\":\"ImageObject\",\"@id\":\"https:\\\/\\\/minutobahia24h.com.br\\\/?p=40215#authorImage\",\"url\":\"https:\\\/\\\/secure.gravatar.com\\\/avatar\\\/0ec5eafed5f3925c321625d79a680d589901b94bca787ae396a35f6c4a960922?s=96&d=mm&r=g\",\"width\":96,\"height\":96,\"caption\":\"andre\"}},{\"@type\":\"WebPage\",\"@id\":\"https:\\\/\\\/minutobahia24h.com.br\\\/?p=40215#webpage\",\"url\":\"https:\\\/\\\/minutobahia24h.com.br\\\/?p=40215\",\"name\":\"Dinamarca e Groenl\\u00e2ndia se encontram com JD Vance em reuni\\u00e3o decisiva nesta quarta (14) - Minuto Bahia 24h\",\"description\":\"Os ministros das Rela\\u00e7\\u00f5es Exteriores da Dinamarca e da Groenl\\u00e2ndia se reunir\\u00e3o com o vice-presidente dos EUA, JD Vance, na Casa Branca nesta quarta-feira (14), de acordo com a ag\\u00eancia de not\\u00edcias Reuters. A reuni\\u00e3o vem ap\\u00f3s semanas de amea\\u00e7as do presidente Donald Trump de anexar ou comprar a Groenl\\u00e2ndia, um territ\\u00f3rio aut\\u00f4nomo da Dinamarca. A Groenl\\u00e2ndia e a Dinamarca afirmam que\",\"inLanguage\":\"pt-BR\",\"isPartOf\":{\"@id\":\"https:\\\/\\\/minutobahia24h.com.br\\\/#website\"},\"breadcrumb\":{\"@id\":\"https:\\\/\\\/minutobahia24h.com.br\\\/?p=40215#breadcrumblist\"},\"author\":{\"@id\":\"https:\\\/\\\/minutobahia24h.com.br\\\/?author=2#author\"},\"creator\":{\"@id\":\"https:\\\/\\\/minutobahia24h.com.br\\\/?author=2#author\"},\"image\":{\"@type\":\"ImageObject\",\"url\":\"https:\\\/\\\/i0.wp.com\\\/minutobahia24h.com.br\\\/wp-content\\\/uploads\\\/2026\\\/01\\\/Sem-titulo-127.jpg?fit=888%2C591&ssl=1\",\"@id\":\"https:\\\/\\\/minutobahia24h.com.br\\\/?p=40215\\\/#mainImage\",\"width\":888,\"height\":591},\"primaryImageOfPage\":{\"@id\":\"https:\\\/\\\/minutobahia24h.com.br\\\/?p=40215#mainImage\"},\"datePublished\":\"2026-01-14T08:22:52-03:00\",\"dateModified\":\"2026-01-14T08:22:53-03:00\"},{\"@type\":\"WebSite\",\"@id\":\"https:\\\/\\\/minutobahia24h.com.br\\\/#website\",\"url\":\"https:\\\/\\\/minutobahia24h.com.br\\\/\",\"name\":\"Minuto Bahia 24h\",\"description\":\"O seu portal de not\\u00edcias\",\"inLanguage\":\"pt-BR\",\"publisher\":{\"@id\":\"https:\\\/\\\/minutobahia24h.com.br\\\/#organization\"}}]}\n\t\t<\/script>\n\t\t<!-- All in One SEO -->\n\n","aioseo_head_json":{"title":"Dinamarca e Groenl\u00e2ndia se encontram com JD Vance em reuni\u00e3o decisiva nesta quarta (14) - Minuto Bahia 24h","description":"Os ministros das Rela\u00e7\u00f5es Exteriores da Dinamarca e da Groenl\u00e2ndia se reunir\u00e3o com o vice-presidente dos EUA, JD Vance, na Casa Branca nesta quarta-feira (14), de acordo com a ag\u00eancia de not\u00edcias Reuters. A reuni\u00e3o vem ap\u00f3s semanas de amea\u00e7as do presidente Donald Trump de anexar ou comprar a Groenl\u00e2ndia, um territ\u00f3rio aut\u00f4nomo da Dinamarca. A Groenl\u00e2ndia e a Dinamarca afirmam que","canonical_url":"https:\/\/minutobahia24h.com.br\/?p=40215","robots":"max-image-preview:large","keywords":"","webmasterTools":{"miscellaneous":""},"schema":{"@context":"https:\/\/schema.org","@graph":[{"@type":"BlogPosting","@id":"https:\/\/minutobahia24h.com.br\/?p=40215#blogposting","name":"Dinamarca e Groenl\u00e2ndia se encontram com JD Vance em reuni\u00e3o decisiva nesta quarta (14) - Minuto Bahia 24h","headline":"Dinamarca e Groenl\u00e2ndia se encontram com JD Vance em reuni\u00e3o decisiva nesta quarta (14)","author":{"@id":"https:\/\/minutobahia24h.com.br\/?author=2#author"},"publisher":{"@id":"https:\/\/minutobahia24h.com.br\/#organization"},"image":{"@type":"ImageObject","url":"https:\/\/i0.wp.com\/minutobahia24h.com.br\/wp-content\/uploads\/2026\/01\/Sem-titulo-127.jpg?fit=888%2C591&ssl=1","width":888,"height":591},"datePublished":"2026-01-14T08:22:52-03:00","dateModified":"2026-01-14T08:22:53-03:00","inLanguage":"pt-BR","mainEntityOfPage":{"@id":"https:\/\/minutobahia24h.com.br\/?p=40215#webpage"},"isPartOf":{"@id":"https:\/\/minutobahia24h.com.br\/?p=40215#webpage"},"articleSection":"Mundo"},{"@type":"BreadcrumbList","@id":"https:\/\/minutobahia24h.com.br\/?p=40215#breadcrumblist","itemListElement":[{"@type":"ListItem","@id":"https:\/\/minutobahia24h.com.br#listItem","position":1,"name":"In\u00edcio","item":"https:\/\/minutobahia24h.com.br","nextItem":{"@type":"ListItem","@id":"https:\/\/minutobahia24h.com.br\/?cat=15#listItem","name":"Mundo"}},{"@type":"ListItem","@id":"https:\/\/minutobahia24h.com.br\/?cat=15#listItem","position":2,"name":"Mundo","item":"https:\/\/minutobahia24h.com.br\/?cat=15","nextItem":{"@type":"ListItem","@id":"https:\/\/minutobahia24h.com.br\/?p=40215#listItem","name":"Dinamarca e Groenl\u00e2ndia se encontram com JD Vance em reuni\u00e3o decisiva nesta quarta (14)"},"previousItem":{"@type":"ListItem","@id":"https:\/\/minutobahia24h.com.br#listItem","name":"In\u00edcio"}},{"@type":"ListItem","@id":"https:\/\/minutobahia24h.com.br\/?p=40215#listItem","position":3,"name":"Dinamarca e Groenl\u00e2ndia se encontram com JD Vance em reuni\u00e3o decisiva nesta quarta (14)","previousItem":{"@type":"ListItem","@id":"https:\/\/minutobahia24h.com.br\/?cat=15#listItem","name":"Mundo"}}]},{"@type":"Organization","@id":"https:\/\/minutobahia24h.com.br\/#organization","name":"Minuto Bahia 24h","description":"O seu portal de not\u00edcias","url":"https:\/\/minutobahia24h.com.br\/","logo":{"@type":"ImageObject","url":"https:\/\/i0.wp.com\/minutobahia24h.com.br\/wp-content\/uploads\/2023\/09\/cropped-minutoba.png?fit=457%2C119&ssl=1","@id":"https:\/\/minutobahia24h.com.br\/?p=40215\/#organizationLogo","width":457,"height":119},"image":{"@id":"https:\/\/minutobahia24h.com.br\/?p=40215\/#organizationLogo"}},{"@type":"Person","@id":"https:\/\/minutobahia24h.com.br\/?author=2#author","url":"https:\/\/minutobahia24h.com.br\/?author=2","name":"andre","image":{"@type":"ImageObject","@id":"https:\/\/minutobahia24h.com.br\/?p=40215#authorImage","url":"https:\/\/secure.gravatar.com\/avatar\/0ec5eafed5f3925c321625d79a680d589901b94bca787ae396a35f6c4a960922?s=96&d=mm&r=g","width":96,"height":96,"caption":"andre"}},{"@type":"WebPage","@id":"https:\/\/minutobahia24h.com.br\/?p=40215#webpage","url":"https:\/\/minutobahia24h.com.br\/?p=40215","name":"Dinamarca e Groenl\u00e2ndia se encontram com JD Vance em reuni\u00e3o decisiva nesta quarta (14) - Minuto Bahia 24h","description":"Os ministros das Rela\u00e7\u00f5es Exteriores da Dinamarca e da Groenl\u00e2ndia se reunir\u00e3o com o vice-presidente dos EUA, JD Vance, na Casa Branca nesta quarta-feira (14), de acordo com a ag\u00eancia de not\u00edcias Reuters. A reuni\u00e3o vem ap\u00f3s semanas de amea\u00e7as do presidente Donald Trump de anexar ou comprar a Groenl\u00e2ndia, um territ\u00f3rio aut\u00f4nomo da Dinamarca. A Groenl\u00e2ndia e a Dinamarca afirmam que","inLanguage":"pt-BR","isPartOf":{"@id":"https:\/\/minutobahia24h.com.br\/#website"},"breadcrumb":{"@id":"https:\/\/minutobahia24h.com.br\/?p=40215#breadcrumblist"},"author":{"@id":"https:\/\/minutobahia24h.com.br\/?author=2#author"},"creator":{"@id":"https:\/\/minutobahia24h.com.br\/?author=2#author"},"image":{"@type":"ImageObject","url":"https:\/\/i0.wp.com\/minutobahia24h.com.br\/wp-content\/uploads\/2026\/01\/Sem-titulo-127.jpg?fit=888%2C591&ssl=1","@id":"https:\/\/minutobahia24h.com.br\/?p=40215\/#mainImage","width":888,"height":591},"primaryImageOfPage":{"@id":"https:\/\/minutobahia24h.com.br\/?p=40215#mainImage"},"datePublished":"2026-01-14T08:22:52-03:00","dateModified":"2026-01-14T08:22:53-03:00"},{"@type":"WebSite","@id":"https:\/\/minutobahia24h.com.br\/#website","url":"https:\/\/minutobahia24h.com.br\/","name":"Minuto Bahia 24h","description":"O seu portal de not\u00edcias","inLanguage":"pt-BR","publisher":{"@id":"https:\/\/minutobahia24h.com.br\/#organization"}}]},"og:locale":"pt_BR","og:site_name":"Minuto Bahia 24h - O seu portal de not\u00edcias","og:type":"article","og:title":"Dinamarca e Groenl\u00e2ndia se encontram com JD Vance em reuni\u00e3o decisiva nesta quarta (14) - Minuto Bahia 24h","og:description":"Os ministros das Rela\u00e7\u00f5es Exteriores da Dinamarca e da Groenl\u00e2ndia se reunir\u00e3o com o vice-presidente dos EUA, JD Vance, na Casa Branca nesta quarta-feira (14), de acordo com a ag\u00eancia de not\u00edcias Reuters. A reuni\u00e3o vem ap\u00f3s semanas de amea\u00e7as do presidente Donald Trump de anexar ou comprar a Groenl\u00e2ndia, um territ\u00f3rio aut\u00f4nomo da Dinamarca. A Groenl\u00e2ndia e a Dinamarca afirmam que","og:url":"https:\/\/minutobahia24h.com.br\/?p=40215","og:image":"https:\/\/minutobahia24h.com.br\/wp-content\/uploads\/2026\/01\/Sem-titulo-127.jpg","og:image:secure_url":"https:\/\/minutobahia24h.com.br\/wp-content\/uploads\/2026\/01\/Sem-titulo-127.jpg","og:image:width":888,"og:image:height":591,"article:published_time":"2026-01-14T11:22:52+00:00","article:modified_time":"2026-01-14T11:22:53+00:00","twitter:card":"summary_large_image","twitter:title":"Dinamarca e Groenl\u00e2ndia se encontram com JD Vance em reuni\u00e3o decisiva nesta quarta (14) - Minuto Bahia 24h","twitter:description":"Os ministros das Rela\u00e7\u00f5es Exteriores da Dinamarca e da Groenl\u00e2ndia se reunir\u00e3o com o vice-presidente dos EUA, JD Vance, na Casa Branca nesta quarta-feira (14), de acordo com a ag\u00eancia de not\u00edcias Reuters. A reuni\u00e3o vem ap\u00f3s semanas de amea\u00e7as do presidente Donald Trump de anexar ou comprar a Groenl\u00e2ndia, um territ\u00f3rio aut\u00f4nomo da Dinamarca. A Groenl\u00e2ndia e a Dinamarca afirmam que","twitter:image":"https:\/\/minutobahia24h.com.br\/wp-content\/uploads\/2026\/01\/Sem-titulo-127.jpg"},"aioseo_meta_data":{"post_id":"40215","title":null,"description":null,"keywords":null,"keyphrases":{"focus":{"keyphrase":"","score":0,"analysis":{"keyphraseInTitle":{"score":0,"maxScore":9,"error":1}}},"additional":[]},"primary_term":null,"canonical_url":null,"og_title":null,"og_description":null,"og_object_type":"default","og_image_type":"default","og_image_url":null,"og_image_width":null,"og_image_height":null,"og_image_custom_url":null,"og_image_custom_fields":null,"og_video":"","og_custom_url":null,"og_article_section":null,"og_article_tags":null,"twitter_use_og":true,"twitter_card":"default","twitter_image_type":"default","twitter_image_url":null,"twitter_image_custom_url":null,"twitter_image_custom_fields":null,"twitter_title":null,"twitter_description":null,"schema":{"blockGraphs":[],"customGraphs":[],"default":{"data":{"Article":[],"Course":[],"Dataset":[],"FAQPage":[],"Movie":[],"Person":[],"Product":[],"ProductReview":[],"Car":[],"Recipe":[],"Service":[],"SoftwareApplication":[],"WebPage":[]},"graphName":"BlogPosting","isEnabled":true},"graphs":[]},"schema_type":"default","schema_type_options":null,"pillar_content":false,"robots_default":true,"robots_noindex":false,"robots_noarchive":false,"robots_nosnippet":false,"robots_nofollow":false,"robots_noimageindex":false,"robots_noodp":false,"robots_notranslate":false,"robots_max_snippet":"-1","robots_max_videopreview":"-1","robots_max_imagepreview":"large","priority":null,"frequency":"default","local_seo":null,"breadcrumb_settings":null,"limit_modified_date":false,"ai":{"faqs":[],"keyPoints":[],"titles":[],"descriptions":[],"socialPosts":{"email":[],"linkedin":[],"twitter":[],"facebook":[],"instagram":[]}},"created":"2026-01-14 11:22:53","updated":"2026-01-14 11:36:42","seo_analyzer_scan_date":null,"focus_keyword":null,"additional_keywords":null,"truseo_locale":null},"aioseo_breadcrumb":"<div class=\"aioseo-breadcrumbs\"><span class=\"aioseo-breadcrumb\">\n\t\t\t<a href=\"https:\/\/minutobahia24h.com.br\" title=\"In\u00edcio\">In\u00edcio<\/a>\n\t\t<\/span><span class=\"aioseo-breadcrumb-separator\">&raquo;<\/span><span class=\"aioseo-breadcrumb\">\n\t\t\t<a href=\"https:\/\/minutobahia24h.com.br\/?cat=15\" title=\"Mundo\">Mundo<\/a>\n\t\t<\/span><span class=\"aioseo-breadcrumb-separator\">&raquo;<\/span><span class=\"aioseo-breadcrumb\">\n\t\t\tDinamarca e Groenl\u00e2ndia se encontram com JD Vance em reuni\u00e3o decisiva nesta quarta (14)\n\t\t<\/span><\/div>","aioseo_breadcrumb_json":[{"label":"In\u00edcio","link":"https:\/\/minutobahia24h.com.br"},{"label":"Mundo","link":"https:\/\/minutobahia24h.com.br\/?cat=15"},{"label":"Dinamarca e Groenl\u00e2ndia se encontram com JD Vance em reuni\u00e3o decisiva nesta quarta (14)","link":"https:\/\/minutobahia24h.com.br\/?p=40215"}],"jetpack_sharing_enabled":true,"jetpack_featured_media_url":"https:\/\/i0.wp.com\/minutobahia24h.com.br\/wp-content\/uploads\/2026\/01\/Sem-titulo-127.jpg?fit=888%2C591&ssl=1","_links":{"self":[{"href":"https:\/\/minutobahia24h.com.br\/index.php?rest_route=\/wp\/v2\/posts\/40215","targetHints":{"allow":["GET"]}}],"collection":[{"href":"https:\/\/minutobahia24h.com.br\/index.php?rest_route=\/wp\/v2\/posts"}],"about":[{"href":"https:\/\/minutobahia24h.com.br\/index.php?rest_route=\/wp\/v2\/types\/post"}],"author":[{"embeddable":true,"href":"https:\/\/minutobahia24h.com.br\/index.php?rest_route=\/wp\/v2\/users\/2"}],"replies":[{"embeddable":true,"href":"https:\/\/minutobahia24h.com.br\/index.php?rest_route=%2Fwp%2Fv2%2Fcomments&post=40215"}],"version-history":[{"count":1,"href":"https:\/\/minutobahia24h.com.br\/index.php?rest_route=\/wp\/v2\/posts\/40215\/revisions"}],"predecessor-version":[{"id":40217,"href":"https:\/\/minutobahia24h.com.br\/index.php?rest_route=\/wp\/v2\/posts\/40215\/revisions\/40217"}],"wp:featuredmedia":[{"embeddable":true,"href":"https:\/\/minutobahia24h.com.br\/index.php?rest_route=\/wp\/v2\/media\/40216"}],"wp:attachment":[{"href":"https:\/\/minutobahia24h.com.br\/index.php?rest_route=%2Fwp%2Fv2%2Fmedia&parent=40215"}],"wp:term":[{"taxonomy":"category","embeddable":true,"href":"https:\/\/minutobahia24h.com.br\/index.php?rest_route=%2Fwp%2Fv2%2Fcategories&post=40215"},{"taxonomy":"post_tag","embeddable":true,"href":"https:\/\/minutobahia24h.com.br\/index.php?rest_route=%2Fwp%2Fv2%2Ftags&post=40215"}],"curies":[{"name":"wp","href":"https:\/\/api.w.org\/{rel}","templated":true}]}}