{"id":40170,"date":"2026-01-13T09:10:08","date_gmt":"2026-01-13T12:10:08","guid":{"rendered":"https:\/\/minutobahia24h.com.br\/?p=40170"},"modified":"2026-01-13T09:10:10","modified_gmt":"2026-01-13T12:10:10","slug":"matricula-de-novos-estudantes-da-rede-estadual-e-aberta-nesta-segunda-feira-12-com-prioridade-para-pessoas-com-deficiencia-pcds","status":"publish","type":"post","link":"https:\/\/minutobahia24h.com.br\/?p=40170","title":{"rendered":"Matr\u00edcula de novos estudantes da rede estadual \u00e9 aberta nesta segunda-feira (12) com prioridade para Pessoas com Defici\u00eancia (PCDs)"},"content":{"rendered":"<div class=\"wp-block-image\">\n<figure class=\"aligncenter size-full\"><img data-recalc-dims=\"1\" fetchpriority=\"high\" decoding=\"async\" width=\"662\" height=\"427\" src=\"https:\/\/i0.wp.com\/minutobahia24h.com.br\/wp-content\/uploads\/2026\/01\/Sem-titulo-114.jpg?resize=662%2C427&#038;ssl=1\" alt=\"\" class=\"wp-image-40171\" srcset=\"https:\/\/i0.wp.com\/minutobahia24h.com.br\/wp-content\/uploads\/2026\/01\/Sem-titulo-114.jpg?w=662&amp;ssl=1 662w, https:\/\/i0.wp.com\/minutobahia24h.com.br\/wp-content\/uploads\/2026\/01\/Sem-titulo-114.jpg?resize=300%2C194&amp;ssl=1 300w\" sizes=\"(max-width: 662px) 100vw, 662px\" \/><figcaption class=\"wp-element-caption\">Foto: Thuane Maria\/GOVBA<\/figcaption><\/figure>\n<\/div>\n\n\n<p>A rede estadual de educa\u00e7\u00e3o da Bahia inicia, nesta segunda-feira (12), a matr\u00edcula para novos estudantes. O processo foi iniciado com matr\u00edcula priorit\u00e1ria para Pessoas com Defici\u00eancia (PcDs) e deve ser realizado, exclusivamente pela internet, por meio da plataforma https:\/\/ba.gov.br . As matr\u00edculas v\u00e3o seguir um cronograma de escalonamento, que v\u00e3o at\u00e9 o dia 20 de janeiro.<\/p>\n\n\n\n<p>Segundo a secret\u00e1ria da educa\u00e7\u00e3o, Rowenna Brito, cerca de 800 mil estudantes devem se matricular na rede estadual este ano no ensino regular, profissional e na Educa\u00e7\u00e3o de Jovens e Adultos (EJA). \u201cNossa matr\u00edcula come\u00e7ou, na verdade, em novembro, quando a rede estadual fez a renova\u00e7\u00e3o da matr\u00edcula dos estudantes veteranos. Agora, a gente abre para quem n\u00e3o \u00e9 da rede estadual e priorizamos no calend\u00e1rio Pessoas com Defici\u00eancia (PCDs)\u201d, explicou.<\/p>\n\n\n\n<p>No cronograma, estudantes com matr\u00edcula ativa poder\u00e3o realizar transfer\u00eancia para outras unidades escolares a partir desta ter\u00e7a-feira (13). O escalonamento segue para alunos do 5\u00ba ao 9\u00ba ano do Ensino Fundamental dos dias 14 a 16 de janeiro, com oferta destinada apenas a estudantes da rede p\u00fablica municipal cujas escolas n\u00e3o tenham a s\u00e9rie seguinte.<\/p>\n\n\n\n<p>A organiza\u00e7\u00e3o busca ordenar a demanda e evitar sobrecarga no sistema, de acordo com a Secretaria da Educa\u00e7\u00e3o (SEC). As matr\u00edculas para novos alunos do Ensino M\u00e9dio e da Educa\u00e7\u00e3o Profissional ser\u00e3o nos dias 19 e 20 de janeiro. \u201cTodo mundo est\u00e1 vendo a revolu\u00e7\u00e3o que estamos fazendo na educa\u00e7\u00e3o p\u00fablica. Agora temos educa\u00e7\u00e3o integral, estruturas f\u00edsicas incr\u00edveis, com conforto t\u00e9rmico, laborat\u00f3rios, equipamentos esportivos para a gente garantir a melhor educa\u00e7\u00e3o integral, profissional, e de jovens e adultos. Nossa rede est\u00e1 totalmente reestruturada\u201d, acrescentou Rowenna.<\/p>\n\n\n\n<p>Este ano, ser\u00e3o ofertadas 100 mil novas vagas para a Educa\u00e7\u00e3o Profissional T\u00e9cnica de N\u00edvel M\u00e9dio (EPTNM); para o Programa de Educa\u00e7\u00e3o Profissional Integrada \u00e0 Educa\u00e7\u00e3o B\u00e1sica na Modalidade Subsequente (PROSSUB); e para a Educa\u00e7\u00e3o de Jovens e Adultos integrada \u00e0 Educa\u00e7\u00e3o Profissional na Bahia (EjaEPTBahia). Ao todo, ser\u00e3o 91 cursos disponibilizados por 591 unidades escolares em todo estado.<\/p>\n\n\n\n<p><strong>Passo a passo<\/strong><\/p>\n\n\n\n<p>Para realizar a matr\u00edcula, o respons\u00e1vel ou estudante deve acessar o site ou o aplicativo https:\/\/ba.gov.br, dispon\u00edvel para Android e iOS, efetuar login ou criar um cadastro, e buscar pelo servi\u00e7o \u201cMatr\u00edcula Escolar\u201d. Nesta se\u00e7\u00e3o, ser\u00e3o preenchidos os dados do estudante, como nome completo, data de nascimento e CPF, selecionado o munic\u00edpio e a unidade escolar, conforme a disponibilidade de vagas, e finalizada a solicita\u00e7\u00e3o.<\/p>\n\n\n\n<p>Ao concluir o processo, o sistema vai gerar um protocolo, que deve ser salvo ou impresso. O comprovante \u00e9 a confirma\u00e7\u00e3o da matr\u00edcula e pode ser solicitado, posteriormente, pela unidade escolar, que tamb\u00e9m informar\u00e1 sobre a entrega de documenta\u00e7\u00e3o complementar.<\/p>\n\n\n\n<p><strong>Canais de atendimento<\/strong><\/p>\n\n\n\n<p>D\u00favidas sobre o procedimento podem ser esclarecidas pelos telefones 0800 071 5353 ou 4020-5353, canais de atendimento disponibilizados para orientar pais, respons\u00e1veis e estudantes durante o per\u00edodo de matr\u00edcula.<\/p>\n\n\n\n<p><strong><em>Rep\u00f3rter: Milena Fahel\/GOVBA<\/em><\/strong><\/p>\n\n\n\n<ul class=\"wp-block-list\"><\/ul>\n","protected":false},"excerpt":{"rendered":"<p>A rede estadual de educa\u00e7\u00e3o da Bahia inicia, nesta segunda-feira (12), a matr\u00edcula para novos estudantes. O processo foi iniciado com matr\u00edcula priorit\u00e1ria para Pessoas com Defici\u00eancia (PcDs) e deve ser realizado, exclusivamente pela internet, por meio da plataforma https:\/\/ba.gov.br . As matr\u00edculas v\u00e3o seguir um cronograma de escalonamento, que v\u00e3o at\u00e9 o dia 20 [&hellip;]<\/p>\n","protected":false},"author":2,"featured_media":40171,"comment_status":"open","ping_status":"open","sticky":false,"template":"","format":"standard","meta":{"_jetpack_memberships_contains_paid_content":false,"footnotes":""},"categories":[34],"tags":[],"class_list":["post-40170","post","type-post","status-publish","format-standard","has-post-thumbnail","hentry","category-educacao"],"aioseo_notices":[],"jetpack_featured_media_url":"https:\/\/i0.wp.com\/minutobahia24h.com.br\/wp-content\/uploads\/2026\/01\/Sem-titulo-114.jpg?fit=662%2C427&ssl=1","jetpack_sharing_enabled":true,"_links":{"self":[{"href":"https:\/\/minutobahia24h.com.br\/index.php?rest_route=\/wp\/v2\/posts\/40170","targetHints":{"allow":["GET"]}}],"collection":[{"href":"https:\/\/minutobahia24h.com.br\/index.php?rest_route=\/wp\/v2\/posts"}],"about":[{"href":"https:\/\/minutobahia24h.com.br\/index.php?rest_route=\/wp\/v2\/types\/post"}],"author":[{"embeddable":true,"href":"https:\/\/minutobahia24h.com.br\/index.php?rest_route=\/wp\/v2\/users\/2"}],"replies":[{"embeddable":true,"href":"https:\/\/minutobahia24h.com.br\/index.php?rest_route=%2Fwp%2Fv2%2Fcomments&post=40170"}],"version-history":[{"count":1,"href":"https:\/\/minutobahia24h.com.br\/index.php?rest_route=\/wp\/v2\/posts\/40170\/revisions"}],"predecessor-version":[{"id":40172,"href":"https:\/\/minutobahia24h.com.br\/index.php?rest_route=\/wp\/v2\/posts\/40170\/revisions\/40172"}],"wp:featuredmedia":[{"embeddable":true,"href":"https:\/\/minutobahia24h.com.br\/index.php?rest_route=\/wp\/v2\/media\/40171"}],"wp:attachment":[{"href":"https:\/\/minutobahia24h.com.br\/index.php?rest_route=%2Fwp%2Fv2%2Fmedia&parent=40170"}],"wp:term":[{"taxonomy":"category","embeddable":true,"href":"https:\/\/minutobahia24h.com.br\/index.php?rest_route=%2Fwp%2Fv2%2Fcategories&post=40170"},{"taxonomy":"post_tag","embeddable":true,"href":"https:\/\/minutobahia24h.com.br\/index.php?rest_route=%2Fwp%2Fv2%2Ftags&post=40170"}],"curies":[{"name":"wp","href":"https:\/\/api.w.org\/{rel}","templated":true}]}}