{"id":40132,"date":"2026-01-13T07:56:49","date_gmt":"2026-01-13T10:56:49","guid":{"rendered":"https:\/\/minutobahia24h.com.br\/?p=40132"},"modified":"2026-01-13T07:56:49","modified_gmt":"2026-01-13T10:56:49","slug":"menino-de-7-anos-morre-e-outras-tres-pessoas-da-mesma-familia-ficam-feridas-apos-acidente-entre-carreta-e-carro-na-bahia","status":"publish","type":"post","link":"https:\/\/minutobahia24h.com.br\/?p=40132","title":{"rendered":"Menino de 7 anos morre e outras tr\u00eas pessoas da mesma fam\u00edlia ficam feridas ap\u00f3s acidente entre carreta e carro na Bahia"},"content":{"rendered":"<div class=\"wp-block-image\">\n<figure class=\"aligncenter size-full\"><img data-recalc-dims=\"1\" fetchpriority=\"high\" decoding=\"async\" width=\"800\" height=\"565\" src=\"https:\/\/i0.wp.com\/minutobahia24h.com.br\/wp-content\/uploads\/2026\/01\/Sem-titulo-102.jpg?resize=800%2C565&#038;ssl=1\" alt=\"\" class=\"wp-image-40133\" srcset=\"https:\/\/i0.wp.com\/minutobahia24h.com.br\/wp-content\/uploads\/2026\/01\/Sem-titulo-102.jpg?w=984&amp;ssl=1 984w, https:\/\/i0.wp.com\/minutobahia24h.com.br\/wp-content\/uploads\/2026\/01\/Sem-titulo-102.jpg?resize=300%2C212&amp;ssl=1 300w, https:\/\/i0.wp.com\/minutobahia24h.com.br\/wp-content\/uploads\/2026\/01\/Sem-titulo-102.jpg?resize=768%2C542&amp;ssl=1 768w, https:\/\/i0.wp.com\/minutobahia24h.com.br\/wp-content\/uploads\/2026\/01\/Sem-titulo-102.jpg?resize=120%2C86&amp;ssl=1 120w, https:\/\/i0.wp.com\/minutobahia24h.com.br\/wp-content\/uploads\/2026\/01\/Sem-titulo-102.jpg?resize=750%2C530&amp;ssl=1 750w\" sizes=\"(max-width: 800px) 100vw, 800px\" \/><figcaption class=\"wp-element-caption\">Menino de 7 anos morre ap\u00f3s acidente entre carreta e carro na Bahia \u2014 Foto: Reprodu\u00e7\u00e3o\/Redes Sociais<br><\/figcaption><\/figure>\n<\/div>\n\n\n<p>Um menino de 7 anos morreu ap\u00f3s um grave acidente envolvendo um carro e uma carreta na tarde do \u00faltimo domingo (11), na BR-116, no munic\u00edpio de Tucano, no nordeste da Bahia. Outras tr\u00eas pessoas da mesma fam\u00edlia ficaram feridas.<\/p>\n\n\n\n<p>Segundo informa\u00e7\u00f5es iniciais apuradas pela TV Bahia, a fam\u00edlia seguia em dire\u00e7\u00e3o \u00e0 zona rural do munic\u00edpio de Euclides da Cunha quando uma carreta que trafegava pela rodovia apresentou um problema mec\u00e2nico. O tambor de freio do ve\u00edculo se desprendeu, atingiu o carro da fam\u00edlia e provocou o acidente.<\/p>\n\n\n\n<p>A v\u00edtima foi identificada como Mois\u00e9s Ara\u00fajo dos Santos. Ele estava no autom\u00f3vel junto com os pais e as irm\u00e3s no momento da colis\u00e3o. A crian\u00e7a sofreu o impacto mais forte, com graves ferimentos no peito e na cabe\u00e7a, e morreu ainda no local.<\/p>\n\n\n\n<p>O pai do menino teve fratura em um dos bra\u00e7os. A m\u00e3e e as irm\u00e3s de Mois\u00e9s sofreram ferimentos leves.<\/p>\n\n\n\n<p>Em nota, a Pol\u00edcia Civil informou que guias de per\u00edcia e de remo\u00e7\u00e3o do corpo foram expedidas. Dilig\u00eancias est\u00e3o em andamento para apurar as circunst\u00e2ncias do acidente, que seguir\u00e1 sob investiga\u00e7\u00e3o.<\/p>\n\n\n\n<p><em>Com informa\u00e7\u00f5es do G1 Bahia<\/em><\/p>\n","protected":false},"excerpt":{"rendered":"<p>Um menino de 7 anos morreu ap\u00f3s um grave acidente envolvendo um carro e uma carreta na tarde do \u00faltimo domingo (11), na BR-116, no munic\u00edpio de Tucano, no nordeste da Bahia. Outras tr\u00eas pessoas da mesma fam\u00edlia ficaram feridas. Segundo informa\u00e7\u00f5es iniciais apuradas pela TV Bahia, a fam\u00edlia seguia em dire\u00e7\u00e3o \u00e0 zona rural [&hellip;]<\/p>\n","protected":false},"author":2,"featured_media":40133,"comment_status":"open","ping_status":"open","sticky":false,"template":"","format":"standard","meta":{"_jetpack_memberships_contains_paid_content":false,"footnotes":""},"categories":[3],"tags":[],"class_list":["post-40132","post","type-post","status-publish","format-standard","has-post-thumbnail","hentry","category-regional"],"aioseo_notices":[],"jetpack_featured_media_url":"https:\/\/i0.wp.com\/minutobahia24h.com.br\/wp-content\/uploads\/2026\/01\/Sem-titulo-102.jpg?fit=984%2C695&ssl=1","jetpack_sharing_enabled":true,"_links":{"self":[{"href":"https:\/\/minutobahia24h.com.br\/index.php?rest_route=\/wp\/v2\/posts\/40132","targetHints":{"allow":["GET"]}}],"collection":[{"href":"https:\/\/minutobahia24h.com.br\/index.php?rest_route=\/wp\/v2\/posts"}],"about":[{"href":"https:\/\/minutobahia24h.com.br\/index.php?rest_route=\/wp\/v2\/types\/post"}],"author":[{"embeddable":true,"href":"https:\/\/minutobahia24h.com.br\/index.php?rest_route=\/wp\/v2\/users\/2"}],"replies":[{"embeddable":true,"href":"https:\/\/minutobahia24h.com.br\/index.php?rest_route=%2Fwp%2Fv2%2Fcomments&post=40132"}],"version-history":[{"count":1,"href":"https:\/\/minutobahia24h.com.br\/index.php?rest_route=\/wp\/v2\/posts\/40132\/revisions"}],"predecessor-version":[{"id":40134,"href":"https:\/\/minutobahia24h.com.br\/index.php?rest_route=\/wp\/v2\/posts\/40132\/revisions\/40134"}],"wp:featuredmedia":[{"embeddable":true,"href":"https:\/\/minutobahia24h.com.br\/index.php?rest_route=\/wp\/v2\/media\/40133"}],"wp:attachment":[{"href":"https:\/\/minutobahia24h.com.br\/index.php?rest_route=%2Fwp%2Fv2%2Fmedia&parent=40132"}],"wp:term":[{"taxonomy":"category","embeddable":true,"href":"https:\/\/minutobahia24h.com.br\/index.php?rest_route=%2Fwp%2Fv2%2Fcategories&post=40132"},{"taxonomy":"post_tag","embeddable":true,"href":"https:\/\/minutobahia24h.com.br\/index.php?rest_route=%2Fwp%2Fv2%2Ftags&post=40132"}],"curies":[{"name":"wp","href":"https:\/\/api.w.org\/{rel}","templated":true}]}}