{"id":3956,"date":"2023-11-14T08:29:21","date_gmt":"2023-11-14T11:29:21","guid":{"rendered":"https:\/\/minutobahia24h.com.br\/?p=3956"},"modified":"2023-11-14T08:29:22","modified_gmt":"2023-11-14T11:29:22","slug":"mesmo-apos-presidente-da-camara-de-vereadores-de-uaua-denunciar-situacao-de-abandono-de-onibus-escolar-nada-foi-feito-pela-prefeitura","status":"publish","type":"post","link":"https:\/\/minutobahia24h.com.br\/?p=3956","title":{"rendered":"Mesmo ap\u00f3s Presidente da C\u00e2mara de Vereadores de Uau\u00e1 denunciar situa\u00e7\u00e3o de abandono de \u00f4nibus escolar nada foi feito pela prefeitura"},"content":{"rendered":"\n<p>Na \u00faltima quarta-feira (08), o vereador e Presidente da C\u00e2mara de Vereadores e Uau\u00e1 Deusdete Ferreira, mais conhecido como Gugu, fez graves den\u00fancias a respeito do estado de conserva\u00e7\u00e3o de um \u00f4nibus escolar que traz alunos da localidade de Serra da Canabrava para a sede do munic\u00edpio de Uau\u00e1. Em seu pronunciamento o edil falou que o transporte n\u00e3o possui janelas e que os alunos estavam se molhando com uma simples garoa que caiu na cidade.<\/p>\n\n\n\n<figure class=\"wp-block-video\"><video height=\"480\" style=\"aspect-ratio: 852 \/ 480;\" width=\"852\" controls src=\"https:\/\/minutobahia24h.com.br\/wp-content\/uploads\/2023\/11\/WhatsApp-Video-2023-11-13-at-15.50.38.mp4\"><\/video><\/figure>\n\n\n\n<p>\u201cQuero que os colegas averiguem essa situa\u00e7\u00e3o do transporte que traz os alunos da Serra da Canabrava. H\u00e1 um m\u00eas atr\u00e1s vimos nas redes sociais as condi\u00e7\u00f5es do carro da Travessa. O \u00f4nibus estava vindo pra Uau\u00e1 e parou em Caldeir\u00e3o da Serra e estava chuviscando. Os alunos me chamaram para ver que eles estavam se molhando. Quando olhei o \u00f4nibus n\u00e3o tinha janelas. Um absurdo\u201d, relatou o vereador Gugu.<\/p>\n\n\n\n<figure class=\"wp-block-video\"><video height=\"864\" style=\"aspect-ratio: 480 \/ 864;\" width=\"480\" controls src=\"https:\/\/minutobahia24h.com.br\/wp-content\/uploads\/2023\/11\/WhatsApp-Video-2023-11-13-at-15.52.29.mp4\"><\/video><\/figure>\n\n\n\n<p>Mesmo ap\u00f3s as den\u00fancias feitas pelo vereador na \u00faltima quarta-feira (08), nenhuma provid\u00eancia foi tomada pela gest\u00e3o municipal para resolver a situa\u00e7\u00e3o do \u00f4nibus e garantir a qualidade do transporte escolar aos alunos da localidade de Serra da Canabrava e regi\u00e3o. E nesta segunda-feira (13), durante o trajeto dos alunos para a sede do munic\u00edpio, dois pneus do \u00f4nibus estouraram e por pouco n\u00e3o acontece uma trag\u00e9dia. Segundo os alunos, al\u00e9m da falta de janela, o farol \u00e9 amarrado com liga.<\/p>\n\n\n<div class=\"wp-block-image\">\n<figure class=\"aligncenter size-full\"><img data-recalc-dims=\"1\" fetchpriority=\"high\" decoding=\"async\" width=\"716\" height=\"955\" src=\"https:\/\/i0.wp.com\/minutobahia24h.com.br\/wp-content\/uploads\/2023\/11\/Sem-titulo-166.jpg?resize=716%2C955&#038;ssl=1\" alt=\"\" class=\"wp-image-3959\" srcset=\"https:\/\/i0.wp.com\/minutobahia24h.com.br\/wp-content\/uploads\/2023\/11\/Sem-titulo-166.jpg?w=716&amp;ssl=1 716w, https:\/\/i0.wp.com\/minutobahia24h.com.br\/wp-content\/uploads\/2023\/11\/Sem-titulo-166.jpg?resize=225%2C300&amp;ssl=1 225w\" sizes=\"(max-width: 716px) 100vw, 716px\" \/><\/figure>\n<\/div>\n\n\n<p>A gest\u00e3o municipal vai esperar acontecer uma trag\u00e9dia para agir? Onde est\u00e3o os vereadores da base do prefeito que n\u00e3o conseguem ver essa situa\u00e7\u00e3o, j\u00e1 que os vereadores de oposi\u00e7\u00e3o fazem cobran\u00e7as de forma constante e n\u00e3o s\u00e3o atendidos? Esperamos que o Minist\u00e9rio P\u00fablico apure e cobre dos respons\u00e1veis a solu\u00e7\u00e3o definitiva desse problema.<\/p>\n","protected":false},"excerpt":{"rendered":"<p>Na \u00faltima quarta-feira (08), o vereador e Presidente da C\u00e2mara de Vereadores e Uau\u00e1 Deusdete Ferreira, mais conhecido como Gugu, fez graves den\u00fancias a respeito do estado de conserva\u00e7\u00e3o de um \u00f4nibus escolar que traz alunos da localidade de Serra da Canabrava para a sede do munic\u00edpio de Uau\u00e1. Em seu pronunciamento o edil falou [&hellip;]<\/p>\n","protected":false},"author":2,"featured_media":3959,"comment_status":"open","ping_status":"open","sticky":false,"template":"","format":"standard","meta":{"_jetpack_memberships_contains_paid_content":false,"footnotes":""},"categories":[3],"tags":[],"class_list":["post-3956","post","type-post","status-publish","format-standard","has-post-thumbnail","hentry","category-regional"],"aioseo_notices":[],"jetpack_featured_media_url":"https:\/\/i0.wp.com\/minutobahia24h.com.br\/wp-content\/uploads\/2023\/11\/Sem-titulo-166.jpg?fit=716%2C955&ssl=1","jetpack_sharing_enabled":true,"_links":{"self":[{"href":"https:\/\/minutobahia24h.com.br\/index.php?rest_route=\/wp\/v2\/posts\/3956","targetHints":{"allow":["GET"]}}],"collection":[{"href":"https:\/\/minutobahia24h.com.br\/index.php?rest_route=\/wp\/v2\/posts"}],"about":[{"href":"https:\/\/minutobahia24h.com.br\/index.php?rest_route=\/wp\/v2\/types\/post"}],"author":[{"embeddable":true,"href":"https:\/\/minutobahia24h.com.br\/index.php?rest_route=\/wp\/v2\/users\/2"}],"replies":[{"embeddable":true,"href":"https:\/\/minutobahia24h.com.br\/index.php?rest_route=%2Fwp%2Fv2%2Fcomments&post=3956"}],"version-history":[{"count":1,"href":"https:\/\/minutobahia24h.com.br\/index.php?rest_route=\/wp\/v2\/posts\/3956\/revisions"}],"predecessor-version":[{"id":3961,"href":"https:\/\/minutobahia24h.com.br\/index.php?rest_route=\/wp\/v2\/posts\/3956\/revisions\/3961"}],"wp:featuredmedia":[{"embeddable":true,"href":"https:\/\/minutobahia24h.com.br\/index.php?rest_route=\/wp\/v2\/media\/3959"}],"wp:attachment":[{"href":"https:\/\/minutobahia24h.com.br\/index.php?rest_route=%2Fwp%2Fv2%2Fmedia&parent=3956"}],"wp:term":[{"taxonomy":"category","embeddable":true,"href":"https:\/\/minutobahia24h.com.br\/index.php?rest_route=%2Fwp%2Fv2%2Fcategories&post=3956"},{"taxonomy":"post_tag","embeddable":true,"href":"https:\/\/minutobahia24h.com.br\/index.php?rest_route=%2Fwp%2Fv2%2Ftags&post=3956"}],"curies":[{"name":"wp","href":"https:\/\/api.w.org\/{rel}","templated":true}]}}