{"id":3936,"date":"2023-11-14T07:59:13","date_gmt":"2023-11-14T10:59:13","guid":{"rendered":"https:\/\/minutobahia24h.com.br\/?p=3936"},"modified":"2023-11-14T08:02:18","modified_gmt":"2023-11-14T11:02:18","slug":"acm-neto-confirma-apoio-a-rueda-para-presidencia-do-uniao-e-aponta-para-enfrentamento-interno-contra-bivar","status":"publish","type":"post","link":"https:\/\/minutobahia24h.com.br\/?p=3936","title":{"rendered":"ACM Neto confirma apoio a Rueda para presid\u00eancia do Uni\u00e3o e aponta para &#8220;enfrentamento interno&#8221; contra Bivar"},"content":{"rendered":"<div class=\"wp-block-image\">\n<figure class=\"aligncenter size-large\"><img data-recalc-dims=\"1\" fetchpriority=\"high\" decoding=\"async\" width=\"800\" height=\"420\" src=\"https:\/\/i0.wp.com\/minutobahia24h.com.br\/wp-content\/uploads\/2023\/11\/Sem-titulo-161-1024x538.jpg?resize=800%2C420&#038;ssl=1\" alt=\"\" class=\"wp-image-3938\" srcset=\"https:\/\/i0.wp.com\/minutobahia24h.com.br\/wp-content\/uploads\/2023\/11\/Sem-titulo-161.jpg?resize=1024%2C538&amp;ssl=1 1024w, https:\/\/i0.wp.com\/minutobahia24h.com.br\/wp-content\/uploads\/2023\/11\/Sem-titulo-161.jpg?resize=300%2C158&amp;ssl=1 300w, https:\/\/i0.wp.com\/minutobahia24h.com.br\/wp-content\/uploads\/2023\/11\/Sem-titulo-161.jpg?resize=768%2C403&amp;ssl=1 768w, https:\/\/i0.wp.com\/minutobahia24h.com.br\/wp-content\/uploads\/2023\/11\/Sem-titulo-161.jpg?resize=750%2C394&amp;ssl=1 750w, https:\/\/i0.wp.com\/minutobahia24h.com.br\/wp-content\/uploads\/2023\/11\/Sem-titulo-161.jpg?resize=1140%2C599&amp;ssl=1 1140w, https:\/\/i0.wp.com\/minutobahia24h.com.br\/wp-content\/uploads\/2023\/11\/Sem-titulo-161.jpg?w=1200&amp;ssl=1 1200w\" sizes=\"(max-width: 800px) 100vw, 800px\" \/><figcaption class=\"wp-element-caption\">Foto: Reprodu\u00e7\u00e3o \/ Instagram<br><\/figcaption><\/figure>\n<\/div>\n\n\n<p class=\"has-text-align-justify\">A disputa pela presid\u00eancia do Uni\u00e3o Brasil pode tomar contornos diferentes caso o atual presidente, deputado federal Luciano Bivar queira mais um mandato. Rival do grupo liderado pelo ex-prefeito de Salvador, ACM Neto, o pernambucano ainda n\u00e3o descartou a possibilidade, podendo gerar um &#8220;enfrentamento interno&#8221;.\u00a0<\/p>\n\n\n\n<p class=\"has-text-align-justify\">Ao Bahia Not\u00edcias, Neto indicou que j\u00e1 tem um nome para o pleito: o atual vice-presidente Ant\u00f4nio de Rueda. &#8220;N\u00e3o h\u00e1 hip\u00f3tese de acordo entorno do nome do Luciano. Se ele insistir em ser candidato, teremos um enfrentamento interno&#8221;, revelou.\u00a0<\/p>\n\n\n\n<p class=\"has-text-align-justify\">Segundo Neto, em novembro, ocorrer\u00e1 uma reuni\u00e3o da executiva nacional para deliberar sobre a antecipa\u00e7\u00e3o das elei\u00e7\u00f5es da sigla para o m\u00eas de fevereiro. O novo mandato da dire\u00e7\u00e3o do partido ter\u00e1 a dura\u00e7\u00e3o de quatro anos, terminando apenas em maio de 2028.\u00a0<\/p>\n\n\n\n<p class=\"has-text-align-justify\">O edital convocando a comiss\u00e3o executiva do Uni\u00e3o Brasil foi publicado recentemente, marcando uma reuni\u00e3o para o dia 20 de novembro em Bras\u00edlia. Embora a elei\u00e7\u00e3o ocorra de forma antecipada, o mandato de Bivar n\u00e3o ser\u00e1 encurtado e s\u00f3 terminar\u00e1 mesmo em maio.\u00a0<\/p>\n\n\n\n<p class=\"has-text-align-justify\">ACM Neto e Bivar t\u00eam disputado espa\u00e7o interno desde as \u00faltimas elei\u00e7\u00f5es, principalmente pelo comando de alguns diret\u00f3rios. Os estados do Amazonas, Maranh\u00e3o, Pernambuco, Rio de Janeiro, Mato Grosso do Sul e Acre tiveram embates. Os entraves, inclusive, fizeram com que a senadora Soraya Thronicke (MS) sa\u00edsse da sigla e migrasse ao Podemos ap\u00f3s perder a presid\u00eancia estadual.<\/p>\n\n\n\n<p><strong>UNI\u00c3O FICA COMO?<\/strong><\/p>\n\n\n\n<p class=\"has-text-align-justify\">Marcado por ter integrantes diretos, onde ao mesmo tempo em que d\u00e1 guarida a opositores do governo Lula, como o casal Sergio e Ros\u00e2ngela Moro, a legenda integra o governo do atual presidente. O partido est\u00e1 a frente das pastas das Comunica\u00e7\u00f5es, do Turismo e, de forma indireta, do Minist\u00e9rio da Integra\u00e7\u00e3o e do Desenvolvimento Regional, nas m\u00e3os de Waldez G\u00f3es, que, embora do PDT, foi indicado por Davi Alcolumbre, um dos caciques da agremia\u00e7\u00e3o.\u00a0<\/p>\n\n\n\n<p class=\"has-text-align-justify\">Existe ent\u00e3o uma expectativa interna para que a legenda esteja alocada de forma mais &#8220;central&#8221;. Mesmo com integrantes na gest\u00e3o, a chegada de Rueda pode colocar o partido sem tantos &#8220;dedos&#8221; na atual gest\u00e3o, facilitando a cr\u00edtica ao atual governo.\u00a0<\/p>\n\n\n\n<p>BN<\/p>\n","protected":false},"excerpt":{"rendered":"<p>A disputa pela presid\u00eancia do Uni\u00e3o Brasil pode tomar contornos diferentes caso o atual presidente, deputado federal Luciano Bivar queira mais um mandato. Rival do grupo liderado pelo ex-prefeito de Salvador, ACM Neto, o pernambucano ainda n\u00e3o descartou a possibilidade, podendo gerar um &#8220;enfrentamento interno&#8221;.\u00a0 Ao Bahia Not\u00edcias, Neto indicou que j\u00e1 tem um nome [&hellip;]<\/p>\n","protected":false},"author":2,"featured_media":3938,"comment_status":"open","ping_status":"open","sticky":false,"template":"","format":"standard","meta":{"_jetpack_memberships_contains_paid_content":false,"footnotes":""},"categories":[21],"tags":[],"class_list":["post-3936","post","type-post","status-publish","format-standard","has-post-thumbnail","hentry","category-bahia"],"aioseo_notices":[],"jetpack_featured_media_url":"https:\/\/i0.wp.com\/minutobahia24h.com.br\/wp-content\/uploads\/2023\/11\/Sem-titulo-161.jpg?fit=1200%2C630&ssl=1","jetpack_sharing_enabled":true,"_links":{"self":[{"href":"https:\/\/minutobahia24h.com.br\/index.php?rest_route=\/wp\/v2\/posts\/3936","targetHints":{"allow":["GET"]}}],"collection":[{"href":"https:\/\/minutobahia24h.com.br\/index.php?rest_route=\/wp\/v2\/posts"}],"about":[{"href":"https:\/\/minutobahia24h.com.br\/index.php?rest_route=\/wp\/v2\/types\/post"}],"author":[{"embeddable":true,"href":"https:\/\/minutobahia24h.com.br\/index.php?rest_route=\/wp\/v2\/users\/2"}],"replies":[{"embeddable":true,"href":"https:\/\/minutobahia24h.com.br\/index.php?rest_route=%2Fwp%2Fv2%2Fcomments&post=3936"}],"version-history":[{"count":1,"href":"https:\/\/minutobahia24h.com.br\/index.php?rest_route=\/wp\/v2\/posts\/3936\/revisions"}],"predecessor-version":[{"id":3939,"href":"https:\/\/minutobahia24h.com.br\/index.php?rest_route=\/wp\/v2\/posts\/3936\/revisions\/3939"}],"wp:featuredmedia":[{"embeddable":true,"href":"https:\/\/minutobahia24h.com.br\/index.php?rest_route=\/wp\/v2\/media\/3938"}],"wp:attachment":[{"href":"https:\/\/minutobahia24h.com.br\/index.php?rest_route=%2Fwp%2Fv2%2Fmedia&parent=3936"}],"wp:term":[{"taxonomy":"category","embeddable":true,"href":"https:\/\/minutobahia24h.com.br\/index.php?rest_route=%2Fwp%2Fv2%2Fcategories&post=3936"},{"taxonomy":"post_tag","embeddable":true,"href":"https:\/\/minutobahia24h.com.br\/index.php?rest_route=%2Fwp%2Fv2%2Ftags&post=3936"}],"curies":[{"name":"wp","href":"https:\/\/api.w.org\/{rel}","templated":true}]}}