{"id":39201,"date":"2025-12-15T07:08:06","date_gmt":"2025-12-15T10:08:06","guid":{"rendered":"https:\/\/minutobahia24h.com.br\/?p=39201"},"modified":"2025-12-15T07:08:08","modified_gmt":"2025-12-15T10:08:08","slug":"servidores-da-educacao-de-caem-irao-receber-salario-um-terco-de-ferias-e-abono-salarial-a-partir-do-dia-19-de-dezembro","status":"publish","type":"post","link":"https:\/\/minutobahia24h.com.br\/?p=39201","title":{"rendered":"Servidores da Educa\u00e7\u00e3o de Ca\u00e9m ir\u00e3o receber sal\u00e1rio, um ter\u00e7o de f\u00e9rias e abono salarial a partir do dia 19 de dezembro"},"content":{"rendered":"<div class=\"wp-block-image\">\n<figure class=\"aligncenter size-full\"><img data-recalc-dims=\"1\" fetchpriority=\"high\" decoding=\"async\" width=\"747\" height=\"814\" src=\"https:\/\/i0.wp.com\/minutobahia24h.com.br\/wp-content\/uploads\/2025\/12\/Sem-titulo-191.jpg?resize=747%2C814&#038;ssl=1\" alt=\"\" class=\"wp-image-39202\" srcset=\"https:\/\/i0.wp.com\/minutobahia24h.com.br\/wp-content\/uploads\/2025\/12\/Sem-titulo-191.jpg?w=747&amp;ssl=1 747w, https:\/\/i0.wp.com\/minutobahia24h.com.br\/wp-content\/uploads\/2025\/12\/Sem-titulo-191.jpg?resize=275%2C300&amp;ssl=1 275w\" sizes=\"(max-width: 747px) 100vw, 747px\" \/><\/figure>\n<\/div>\n\n\n<p>O prefeito de Ca\u00e9m, Arnaldinho Oliveira, anunciou o cronograma especial de pagamentos para o final de ano, visando valorizar os profissionais da Educa\u00e7\u00e3o e movimentar a economia local. Conforme o gestor, ser\u00e3o realizados dois repasses importantes nas pr\u00f3ximas semanas: a antecipa\u00e7\u00e3o do sal\u00e1rio de dezembro e do ter\u00e7o de f\u00e9rias, e, em seguida, o rateio do abono salarial do Fundo de Manuten\u00e7\u00e3o e Desenvolvimento da Educa\u00e7\u00e3o B\u00e1sica (Fundeb).<\/p>\n\n\n\n<p>O primeiro pagamento ocorrer\u00e1 j\u00e1 na pr\u00f3xima quinta-feira, 19 de dezembro, quando ser\u00e3o creditados os valores referentes ao sal\u00e1rio do m\u00eas de dezembro e ao adicional de um ter\u00e7o de f\u00e9rias para todos os profissionais da Rede Municipal de Ensino. A medida, segundo o prefeito, refor\u00e7a o compromisso da gest\u00e3o municipal com o servidor.<\/p>\n\n\n\n<p>Poucos dias depois, na segunda-feira, 23 de dezembro, a Prefeitura realizar\u00e1, pelo segundo ano consecutivo, o pagamento do abono salarial de final de ano, proveniente do rateio das sobras dos recursos do Fundeb. A distribui\u00e7\u00e3o desse saldo remanescente \u00e9 feita anualmente, conforme previsto em lei, para garantir o cumprimento do percentual m\u00ednimo de investimento na remunera\u00e7\u00e3o dos profissionais da educa\u00e7\u00e3o b\u00e1sica em efetivo exerc\u00edcio. Conforme Arnaldinho, \u2018um compromisso discutido com a representante da categoria, a Aplb Sindicato\u201d<\/p>\n\n\n\n<p>\u201cEstamos cumprindo nosso compromisso de manter os pagamentos em dia e, sempre que poss\u00edvel, antecip\u00e1-los. Essas a\u00e7\u00f5es n\u00e3o apenas valorizam o trabalho essencial dos nossos educadores, que se dedicam diariamente \u00e0 forma\u00e7\u00e3o dos nossos alunos, mas tamb\u00e9m garantem um final de ano mais tranquilo para suas fam\u00edlias\u201d, destacou Arnaldinho.<\/p>\n\n\n\n<p>A administra\u00e7\u00e3o municipal ressalta que a antecipa\u00e7\u00e3o e o abono s\u00e3o resultados do planejamento financeiro e da responsabilidade fiscal da gest\u00e3o, que permitem a inje\u00e7\u00e3o de recursos adicionais na economia do munic\u00edpio neste per\u00edodo festivo.<br>Cronograma de Pagamentos (Educa\u00e7\u00e3o):<br>\u2022 19 de Dezembro: Sal\u00e1rio de Dezembro e 1\/3 de F\u00e9rias.<br>\u2022 23 de Dezembro: Rateio do Abono Salarial do Fundeb.<\/p>\n\n\n\n<p>jacobina24horas<\/p>\n","protected":false},"excerpt":{"rendered":"<p>O prefeito de Ca\u00e9m, Arnaldinho Oliveira, anunciou o cronograma especial de pagamentos para o final de ano, visando valorizar os profissionais da Educa\u00e7\u00e3o e movimentar a economia local. Conforme o gestor, ser\u00e3o realizados dois repasses importantes nas pr\u00f3ximas semanas: a antecipa\u00e7\u00e3o do sal\u00e1rio de dezembro e do ter\u00e7o de f\u00e9rias, e, em seguida, o rateio [&hellip;]<\/p>\n","protected":false},"author":2,"featured_media":39202,"comment_status":"open","ping_status":"open","sticky":false,"template":"","format":"standard","meta":{"_jetpack_memberships_contains_paid_content":false,"footnotes":""},"categories":[3],"tags":[],"class_list":["post-39201","post","type-post","status-publish","format-standard","has-post-thumbnail","hentry","category-regional"],"aioseo_notices":[],"jetpack_featured_media_url":"https:\/\/i0.wp.com\/minutobahia24h.com.br\/wp-content\/uploads\/2025\/12\/Sem-titulo-191.jpg?fit=747%2C814&ssl=1","jetpack_sharing_enabled":true,"_links":{"self":[{"href":"https:\/\/minutobahia24h.com.br\/index.php?rest_route=\/wp\/v2\/posts\/39201","targetHints":{"allow":["GET"]}}],"collection":[{"href":"https:\/\/minutobahia24h.com.br\/index.php?rest_route=\/wp\/v2\/posts"}],"about":[{"href":"https:\/\/minutobahia24h.com.br\/index.php?rest_route=\/wp\/v2\/types\/post"}],"author":[{"embeddable":true,"href":"https:\/\/minutobahia24h.com.br\/index.php?rest_route=\/wp\/v2\/users\/2"}],"replies":[{"embeddable":true,"href":"https:\/\/minutobahia24h.com.br\/index.php?rest_route=%2Fwp%2Fv2%2Fcomments&post=39201"}],"version-history":[{"count":1,"href":"https:\/\/minutobahia24h.com.br\/index.php?rest_route=\/wp\/v2\/posts\/39201\/revisions"}],"predecessor-version":[{"id":39203,"href":"https:\/\/minutobahia24h.com.br\/index.php?rest_route=\/wp\/v2\/posts\/39201\/revisions\/39203"}],"wp:featuredmedia":[{"embeddable":true,"href":"https:\/\/minutobahia24h.com.br\/index.php?rest_route=\/wp\/v2\/media\/39202"}],"wp:attachment":[{"href":"https:\/\/minutobahia24h.com.br\/index.php?rest_route=%2Fwp%2Fv2%2Fmedia&parent=39201"}],"wp:term":[{"taxonomy":"category","embeddable":true,"href":"https:\/\/minutobahia24h.com.br\/index.php?rest_route=%2Fwp%2Fv2%2Fcategories&post=39201"},{"taxonomy":"post_tag","embeddable":true,"href":"https:\/\/minutobahia24h.com.br\/index.php?rest_route=%2Fwp%2Fv2%2Ftags&post=39201"}],"curies":[{"name":"wp","href":"https:\/\/api.w.org\/{rel}","templated":true}]}}