{"id":39097,"date":"2025-12-11T07:54:31","date_gmt":"2025-12-11T10:54:31","guid":{"rendered":"https:\/\/minutobahia24h.com.br\/?p=39097"},"modified":"2025-12-11T07:54:33","modified_gmt":"2025-12-11T10:54:33","slug":"camara-dos-deputados-rejeita-cassacao-do-mandato-de-carla-zambelli-por-condenacao-pelo-stf","status":"publish","type":"post","link":"https:\/\/minutobahia24h.com.br\/?p=39097","title":{"rendered":"C\u00e2mara dos Deputados rejeita cassa\u00e7\u00e3o do mandato de Carla Zambelli por condena\u00e7\u00e3o pelo STF"},"content":{"rendered":"<div class=\"wp-block-image\">\n<figure class=\"aligncenter size-full\"><img data-recalc-dims=\"1\" fetchpriority=\"high\" decoding=\"async\" width=\"800\" height=\"600\" src=\"https:\/\/i0.wp.com\/minutobahia24h.com.br\/wp-content\/uploads\/2025\/12\/Sem-titulo-162.jpg?resize=800%2C600&#038;ssl=1\" alt=\"\" class=\"wp-image-39098\" srcset=\"https:\/\/i0.wp.com\/minutobahia24h.com.br\/wp-content\/uploads\/2025\/12\/Sem-titulo-162.jpg?w=984&amp;ssl=1 984w, https:\/\/i0.wp.com\/minutobahia24h.com.br\/wp-content\/uploads\/2025\/12\/Sem-titulo-162.jpg?resize=300%2C225&amp;ssl=1 300w, https:\/\/i0.wp.com\/minutobahia24h.com.br\/wp-content\/uploads\/2025\/12\/Sem-titulo-162.jpg?resize=768%2C576&amp;ssl=1 768w, https:\/\/i0.wp.com\/minutobahia24h.com.br\/wp-content\/uploads\/2025\/12\/Sem-titulo-162.jpg?resize=750%2C563&amp;ssl=1 750w\" sizes=\"(max-width: 800px) 100vw, 800px\" \/><figcaption class=\"wp-element-caption\">Presa na It\u00e1lia, Carla Zambelli participa remotamente de reuni\u00e3o da CCJ da C\u00e2mara que discute a sua cassa\u00e7\u00e3o \u2014 Foto: Kevin Lima\/g1<br><br><\/figcaption><\/figure>\n<\/div>\n\n\n<p>O plen\u00e1rio da\u00a0<a class=\"\" href=\"https:\/\/g1.globo.com\/tudo-sobre\/camara-dos-deputados\/\">C\u00e2mara<\/a>\u00a0dos Deputados decidiu nesta quarta-feira (10)\u00a0<strong>rejeitar\u00a0<\/strong>a cassa\u00e7\u00e3o do mandato parlamentar de\u00a0<a class=\"\" href=\"https:\/\/g1.globo.com\/tudo-sobre\/carla-zambelli\/\">Carla Zambelli<\/a>\u00a0(PL-SP). Foram 227 votos a favor, 170 contr\u00e1rios e 10 absten\u00e7\u00f5es \u2013 seriam necess\u00e1rios 257 votos para a cassa\u00e7\u00e3o. <\/p>\n\n\n\n<p>A cassa\u00e7\u00e3o seria uma consequ\u00eancia da condena\u00e7\u00e3o da deputada pelo Supremo Tribunal Federal (<a class=\"\" href=\"https:\/\/g1.globo.com\/tudo-sobre\/supremo-tribunal-federal\/\">STF<\/a>) por ter comandado uma invas\u00e3o a sistemas do Conselho Nacional de Justi\u00e7a (CNJ).&nbsp;<a class=\"\" href=\"https:\/\/g1.globo.com\/politica\/noticia\/2025\/05\/14\/stf-tem-unanimidade-para-condenar-zambelli.ghtml\">A senten\u00e7a, de 10 anos de pris\u00e3o<\/a>, se tornou&nbsp;<a class=\"\" href=\"https:\/\/g1.globo.com\/politica\/noticia\/2025\/06\/07\/zambelli-moraes-prisao.ghtml\">definitiva e sem possibilidade de recurso em junho.<\/a><\/p>\n\n\n\n<p>A decis\u00e3o dos deputados cria um impasse que envolve a interpreta\u00e7\u00e3o da Constitui\u00e7\u00e3o.&nbsp;<strong>Por isso, o tema pode voltar a ser discutido pelo STF.<\/strong><\/p>\n\n\n\n<p><strong>Os deputados entenderam que a deputada poderia permanecer no cargo<\/strong>. A situa\u00e7\u00e3o se assemelha \u00e0 ocorrida com o ex-deputado federal Natan Donadon, em 2013, que foi condenado pelo STF mas teve o mandato preservado pelos colegas da C\u00e2mara (<em>entenda mais abaixo<\/em>).<\/p>\n\n\n\n<p>O resultado contrariou&nbsp;<a class=\"\" href=\"https:\/\/g1.globo.com\/politica\/noticia\/2025\/12\/10\/ccj-da-camara-cassacao-zambelli-plenario.ghtml\">a recomenda\u00e7\u00e3o da Comiss\u00e3o de Constitui\u00e7\u00e3o e Justi\u00e7a (CCJ)<\/a>, que aprovou por 32 votos a 2 a recomenda\u00e7\u00e3o de perda do mandato.<\/p>\n\n\n\n<h2 class=\"wp-block-heading\">Condena\u00e7\u00e3o por invas\u00e3o de sistemas do CNJ<\/h2>\n\n\n\n<p>A condena\u00e7\u00e3o de Zambelli pela Primeira Turma do STF&nbsp;<a class=\"\" href=\"https:\/\/g1.globo.com\/politica\/noticia\/2025\/05\/14\/stf-tem-unanimidade-para-condenar-zambelli.ghtml\">se deu por unanimidade em maio.<\/a><\/p>\n\n\n\n<blockquote class=\"wp-block-quote is-layout-flow wp-block-quote-is-layout-flow\">\n<p>Os ministros acataram os argumentos da Procuradoria-Geral da Rep\u00fablica (PGR) de que Zambelli atuou em parceria com o hacker Walter Delgatti Neto para inserir documentos falsos na base de dados do CNJ \u2013 incluindo um suposto mandado de pris\u00e3o contra o ministro Alexandre de Moraes.<\/p>\n<\/blockquote>\n\n\n\n<figure class=\"wp-block-image\"><img data-recalc-dims=\"1\" decoding=\"async\" src=\"https:\/\/i0.wp.com\/s2-g1.glbimg.com\/7-eaNlVnr05m_5IP_v4AbAiKgOw%3D\/0x0%3A566x316\/984x0\/smart\/filters%3Astrip_icc%28%29\/i.s3.glbimg.com\/v1\/AUTH_59edd422c0c84a879bd37670ae4f538a\/internal_photos\/bs\/2022\/A\/Y\/d034bbTKWgizOV0Bh6lg\/walter-delgatti-carla-zambelli.jpg?w=800&#038;ssl=1\" alt=\"A deputada Carla Zambelli postou foto de encontro com Walter Delgatti \u2014 Foto: Reprodu\u00e7\u00e3o\/Twitter\"\/><\/figure>\n\n\n\n<p>A deputada Carla Zambelli postou foto de encontro com Walter Delgatti \u2014 Foto: Reprodu\u00e7\u00e3o\/Twitter<\/p>\n\n\n\n<p>Segundo a PGR,&nbsp;<strong>a inten\u00e7\u00e3o era &#8220;colocar em d\u00favida a legitimidade da Justi\u00e7a&#8221; e fomentar manifesta\u00e7\u00f5es contra as institui\u00e7\u00f5es republicanas.<\/strong><\/p>\n\n\n\n<p><a class=\"\" href=\"https:\/\/g1.globo.com\/politica\/noticia\/2025\/06\/06\/carla-zambelli-stf-mantem-por-unanimidade-condenacao-a-10-anos-por-invasao-a-sistema-do-cnj.ghtml\">Em junho, a decis\u00e3o foi mantida pela Primeira Turma \u2013 tamb\u00e9m por unanimidade<\/a>&nbsp;\u2013 ao analisar os recursos apresentados pela parlamentar.<\/p>\n\n\n\n<ul class=\"wp-block-list\">\n<li>Al\u00e9m da pris\u00e3o, o\u00a0<strong>STF tamb\u00e9m determinou a perda imediata do mandato de Zambelli<\/strong>. A Constitui\u00e7\u00e3o prev\u00ea a cassa\u00e7\u00e3o de parlamentares condenados criminalmente e sem possibilidade de recurso.<\/li>\n<\/ul>\n\n\n\n<p>A&nbsp;<a class=\"\" href=\"https:\/\/g1.globo.com\/politica\/noticia\/2025\/06\/03\/zambelli-deixou-o-brasil-pela-fronteira-com-a-argentina-e-seguiu-de-buenos-aires-rumo-a-europa.ghtml\">parlamentar fugiu para a It\u00e1lia<\/a>. Dias depois de ser considerada fugitiva e procurada pela Interpol, Zambelli foi presa nos arredores de Roma. O governo brasileiro pediu a extradi\u00e7\u00e3o da deputada, que&nbsp;<a class=\"\" href=\"https:\/\/g1.globo.com\/mundo\/noticia\/2025\/12\/04\/audiencia-carla-zambelli-extradicao-italia-adiada-novamente.ghtml\">ainda n\u00e3o foi analisada pela justi\u00e7a italiana.<\/a><\/p>\n\n\n\n<p>Zambelli tamb\u00e9m foi condenada de forma definitiva pelo STF a&nbsp;<a class=\"\" href=\"https:\/\/g1.globo.com\/politica\/noticia\/2025\/10\/30\/carla-zambelli-transito-em-julgado-uso-de-arma.ghtml\">5 anos e 3 meses de pris\u00e3o por porte ilegal de arma<\/a>&nbsp;e constrangimento ilegal com emprego de arma de fogo em 2022.<\/p>\n\n\n\n<h2 class=\"wp-block-heading\">Impasse C\u00e2mara x STF<\/h2>\n\n\n\n<p>O debate sobre a interpreta\u00e7\u00e3o da Constitui\u00e7\u00e3o pode ocorrer, por exemplo, a partir de uma a\u00e7\u00e3o que questione a validade do procedimento adotado pela C\u00e2mara ou por meio de pedidos feitos no pr\u00f3prio processo penal contra&nbsp;<a class=\"\" href=\"https:\/\/g1.globo.com\/politica\/politico\/carla-zambelli\/\">Carla Zambelli<\/a>.<\/p>\n\n\n\n<p>O l\u00edder do PT na C\u00e2mara, deputado Lindbergh (RJ), disse logo ap\u00f3s a vota\u00e7\u00e3o que&nbsp;<strong>o partido vai ingressar com um mandado de seguran\u00e7a no STF para questionar a decis\u00e3o do plen\u00e1rio.<\/strong><\/p>\n\n\n\n<blockquote class=\"wp-block-quote is-layout-flow wp-block-quote-is-layout-flow\">\n<p>&#8220;A decis\u00e3o do Supremo \u00e9 uma decis\u00e3o muito clara. (&#8230;) N\u00e3o era para ter ido \u00e0 CCJ, e o presidente Hugo Motta acabou criando um problema para si pr\u00f3prio. N\u00e3o era para ter ido para o plen\u00e1rio&#8221;, disse.<\/p>\n<\/blockquote>\n\n\n\n<p>A situa\u00e7\u00e3o de aproxima do precedente criado pelo processo contra o ent\u00e3o deputado federal Natan Donadon em 2013. \u00c0 \u00e9poca, a evolu\u00e7\u00e3o do tema no Congresso levantou a discuss\u00e3o sobre a perda de mandato de parlamentar alvo de processo penal.<\/p>\n\n\n\n<p><strong>Na ocasi\u00e3o, a C\u00e2mara tamb\u00e9m levou \u00e0 delibera\u00e7\u00e3o do plen\u00e1rio a situa\u00e7\u00e3o de Donadon, que teve o mandato preservado pelos colegas.<\/strong><\/p>\n\n\n\n<figure class=\"wp-block-image\"><img data-recalc-dims=\"1\" decoding=\"async\" src=\"https:\/\/i0.wp.com\/s2-g1.glbimg.com\/8taezvZ_PiOb3Mwb-VybWIn-IXQ%3D\/0x0%3A2003x1312\/984x0\/smart\/filters%3Astrip_icc%28%29\/i.s3.glbimg.com\/v1\/AUTH_59edd422c0c84a879bd37670ae4f538a\/internal_photos\/bs\/2019\/o\/x\/Fa3HPBRNWamarFxwzE0w\/natandonadon.jpg?w=800&#038;ssl=1\" alt=\"O ent\u00e3o deputado federal Natan Donadon em discurso na C\u00e2mara dos Deputados, em 2013 \u2014 Foto: EBC\"\/><\/figure>\n\n\n\n<p>O ent\u00e3o deputado federal Natan Donadon em discurso na C\u00e2mara dos Deputados, em 2013 \u2014 Foto: EBC<\/p>\n\n\n\n<blockquote class=\"wp-block-quote is-layout-flow wp-block-quote-is-layout-flow\">\n<p>O tema, ent\u00e3o, foi novamente parar no Supremo: um mandado de seguran\u00e7a do deputado Carlos Sampaio (PSD-SP) questionou a validade do processo legislativo adotado pelos parlamentares. Relator do caso,&nbsp;<a class=\"\" href=\"https:\/\/g1.globo.com\/politica\/noticia\/2013\/09\/ministro-anula-sessao-da-camara-que-evitou-cassacao-de-donadon.html\">o ministro Lu\u00eds Roberto Barroso suspendeu a decis\u00e3o da C\u00e2mara.<\/a><\/p>\n<\/blockquote>\n\n\n\n<p>Posteriormente, a Casa cassou o mandato de Donadon, mas por outro caminho:&nbsp;<strong>a partir de um procedimento aberto no Conselho de \u00c9tica.<\/strong>&nbsp;Em 2019,&nbsp;<a class=\"\" href=\"https:\/\/g1.globo.com\/politica\/noticia\/2019\/10\/17\/ex-deputado-natan-donadon-obtem-perdao-da-pena-no-supremo-com-base-em-indulto-de-temer.ghtml\">a pena de Donadon foi extinta por um indulto natalino do ex-presidente Michel Temer.<\/a><\/p>\n\n\n\n<h2 class=\"wp-block-heading\"><strong>Entenda o que diz a Constitui\u00e7\u00e3o<\/strong><\/h2>\n\n\n\n<p>A Constitui\u00e7\u00e3o prev\u00ea um conjunto de situa\u00e7\u00f5es em que um parlamentar pode perder o mandato.<\/p>\n\n\n\n<p>Entre elas, destacam-se duas situa\u00e7\u00f5es:<\/p>\n\n\n\n<ul class=\"wp-block-list\">\n<li>\u25b6\ufe0fquando o pol\u00edtico falta a mais de um ter\u00e7o das sess\u00f5es da Casa Legislativa. Neste caso, a perda \u00e9 autom\u00e1tica, declarada pelo comando da C\u00e2mara ou do Senado.<\/li>\n\n\n\n<li>\u25b6\ufe0f quando o pol\u00edtico \u00e9 alvo de condena\u00e7\u00e3o criminal definitiva. Neste caso, a perda do mandato \u00e9 decidida pela C\u00e2mara ou o Senado, por maioria absoluta.<\/li>\n<\/ul>\n\n\n\n<p>Quando decidiu pela condena\u00e7\u00e3o de Zambelli,&nbsp;<strong>a Primeira Turma do STF determinou a perda de mandato de forma autom\u00e1tica, ou seja, com uma declara\u00e7\u00e3o da Mesa da C\u00e2mara.<\/strong><\/p>\n\n\n\n<ul class=\"wp-block-list\">\n<li><strong>\ud83d\udd0e<\/strong><strong><em>Por que o colegiado do Supremo segue esta linha?<\/em><\/strong><em>\u00a0A interpreta\u00e7\u00e3o envolve o excesso de faltas. A deputada foi condenada a uma pena superior a 120 dias, em regime fechado, a ser cumprido na pris\u00e3o. Ou seja, ela fica impedida de exercer suas atividades e, inevitavelmente, vai ultrapassar o limite de aus\u00eancias.<\/em><strong><em>\u00a0<\/em><\/strong><em>Por isso,\u00a0<\/em><em>a Turma entende que a perda de mandato \u00e9 autom\u00e1tica, adotando-se o procedimento da primeira situa\u00e7\u00e3o.<\/em><\/li>\n\n\n\n<li><strong>\ud83d\udd0e<\/strong><strong><em>Qual a posi\u00e7\u00e3o seguida pela C\u00e2mara?<\/em><\/strong><em>\u00a0Os deputados deram um tratamento diferente ao tema. Seguiram a segunda situa\u00e7\u00e3o, aplicando a perda de mandato para parlamentar que sofre condena\u00e7\u00e3o penal. Ou seja,\u00a0<\/em><em>consideraram que \u00e9 cab\u00edvel uma an\u00e1lise do caso pelo plen\u00e1rio da C\u00e2mara, rebatendo a tese de que a perda seria autom\u00e1tica.<\/em><\/li>\n<\/ul>\n","protected":false},"excerpt":{"rendered":"<p>O plen\u00e1rio da\u00a0C\u00e2mara\u00a0dos Deputados decidiu nesta quarta-feira (10)\u00a0rejeitar\u00a0a cassa\u00e7\u00e3o do mandato parlamentar de\u00a0Carla Zambelli\u00a0(PL-SP). Foram 227 votos a favor, 170 contr\u00e1rios e 10 absten\u00e7\u00f5es \u2013 seriam necess\u00e1rios 257 votos para a cassa\u00e7\u00e3o. A cassa\u00e7\u00e3o seria uma consequ\u00eancia da condena\u00e7\u00e3o da deputada pelo Supremo Tribunal Federal (STF) por ter comandado uma invas\u00e3o a sistemas do Conselho [&hellip;]<\/p>\n","protected":false},"author":2,"featured_media":39098,"comment_status":"open","ping_status":"open","sticky":false,"template":"","format":"standard","meta":{"_jetpack_memberships_contains_paid_content":false,"footnotes":""},"categories":[39],"tags":[],"class_list":["post-39097","post","type-post","status-publish","format-standard","has-post-thumbnail","hentry","category-politica"],"aioseo_notices":[],"jetpack_featured_media_url":"https:\/\/i0.wp.com\/minutobahia24h.com.br\/wp-content\/uploads\/2025\/12\/Sem-titulo-162.jpg?fit=984%2C738&ssl=1","jetpack_sharing_enabled":true,"_links":{"self":[{"href":"https:\/\/minutobahia24h.com.br\/index.php?rest_route=\/wp\/v2\/posts\/39097","targetHints":{"allow":["GET"]}}],"collection":[{"href":"https:\/\/minutobahia24h.com.br\/index.php?rest_route=\/wp\/v2\/posts"}],"about":[{"href":"https:\/\/minutobahia24h.com.br\/index.php?rest_route=\/wp\/v2\/types\/post"}],"author":[{"embeddable":true,"href":"https:\/\/minutobahia24h.com.br\/index.php?rest_route=\/wp\/v2\/users\/2"}],"replies":[{"embeddable":true,"href":"https:\/\/minutobahia24h.com.br\/index.php?rest_route=%2Fwp%2Fv2%2Fcomments&post=39097"}],"version-history":[{"count":1,"href":"https:\/\/minutobahia24h.com.br\/index.php?rest_route=\/wp\/v2\/posts\/39097\/revisions"}],"predecessor-version":[{"id":39099,"href":"https:\/\/minutobahia24h.com.br\/index.php?rest_route=\/wp\/v2\/posts\/39097\/revisions\/39099"}],"wp:featuredmedia":[{"embeddable":true,"href":"https:\/\/minutobahia24h.com.br\/index.php?rest_route=\/wp\/v2\/media\/39098"}],"wp:attachment":[{"href":"https:\/\/minutobahia24h.com.br\/index.php?rest_route=%2Fwp%2Fv2%2Fmedia&parent=39097"}],"wp:term":[{"taxonomy":"category","embeddable":true,"href":"https:\/\/minutobahia24h.com.br\/index.php?rest_route=%2Fwp%2Fv2%2Fcategories&post=39097"},{"taxonomy":"post_tag","embeddable":true,"href":"https:\/\/minutobahia24h.com.br\/index.php?rest_route=%2Fwp%2Fv2%2Ftags&post=39097"}],"curies":[{"name":"wp","href":"https:\/\/api.w.org\/{rel}","templated":true}]}}