{"id":39094,"date":"2025-12-11T07:51:41","date_gmt":"2025-12-11T10:51:41","guid":{"rendered":"https:\/\/minutobahia24h.com.br\/?p=39094"},"modified":"2025-12-11T07:51:42","modified_gmt":"2025-12-11T10:51:42","slug":"partidos-do-centrao-defenderam-nome-de-tarcisio-em-reuniao-e-deram-ultimato-a-flavio-e-dosimetria-ou-nada","status":"publish","type":"post","link":"https:\/\/minutobahia24h.com.br\/?p=39094","title":{"rendered":"Partidos do Centr\u00e3o defenderam nome de Tarc\u00edsio em reuni\u00e3o e deram ultimato a Flavio: &#8216;\u00c9 Dosimetria ou nada&#8217;"},"content":{"rendered":"<div class=\"wp-block-image\">\n<figure class=\"aligncenter size-full\"><img data-recalc-dims=\"1\" fetchpriority=\"high\" decoding=\"async\" width=\"800\" height=\"567\" src=\"https:\/\/i0.wp.com\/minutobahia24h.com.br\/wp-content\/uploads\/2025\/12\/Sem-titulo-161.jpg?resize=800%2C567&#038;ssl=1\" alt=\"\" class=\"wp-image-39095\" srcset=\"https:\/\/i0.wp.com\/minutobahia24h.com.br\/wp-content\/uploads\/2025\/12\/Sem-titulo-161.jpg?w=888&amp;ssl=1 888w, https:\/\/i0.wp.com\/minutobahia24h.com.br\/wp-content\/uploads\/2025\/12\/Sem-titulo-161.jpg?resize=300%2C213&amp;ssl=1 300w, https:\/\/i0.wp.com\/minutobahia24h.com.br\/wp-content\/uploads\/2025\/12\/Sem-titulo-161.jpg?resize=768%2C544&amp;ssl=1 768w, https:\/\/i0.wp.com\/minutobahia24h.com.br\/wp-content\/uploads\/2025\/12\/Sem-titulo-161.jpg?resize=120%2C86&amp;ssl=1 120w, https:\/\/i0.wp.com\/minutobahia24h.com.br\/wp-content\/uploads\/2025\/12\/Sem-titulo-161.jpg?resize=750%2C531&amp;ssl=1 750w\" sizes=\"(max-width: 800px) 100vw, 800px\" \/><figcaption class=\"wp-element-caption\">O senador Fl\u00e1vio Bolsonaro visita o ex-presidente Jair Bolsonaro na pris\u00e3o \u2014 Foto: Cristiano Mariz<br><\/figcaption><\/figure>\n<\/div>\n\n\n<p>O encontro entre caciques do Centr\u00e3o e o senador Fl\u00e1vio Bolsonaro (PL-RJ), realizado nesta segunda-feira, em Bras\u00edlia, teve momentos de tens\u00e3o em fun\u00e7\u00e3o do an\u00fancio feito dias antes por ordem do ex-presidente Jair Bolsonaro (PL), que escolheu o filho primog\u00eanito para concorrer ao Pal\u00e1cio do Planalto em 2026. Contrariados por n\u00e3o terem sido avisados previamente da movimenta\u00e7\u00e3o, os presidentes do Uni\u00e3o Brasil, Ant\u00f4nio de Rueda, e do PP, o senador Ciro Nogueira (PI), questionaram a Fl\u00e1vio o motivo pelo qual n\u00e3o houve di\u00e1logo pr\u00e9vio e afirmaram que seguem tendo o governador de S\u00e3o Paulo, Tarc\u00edsio de Freitas (Republicanos), como nome favorito.&nbsp;<\/p>\n\n\n\n<p>Pessoas que participaram do encontro relataram que Fl\u00e1vio foi questionado se queria &#8220;trazer para si&#8221; o ativo da direita e construir uma candidatura sem alian\u00e7as. Ao contr\u00e1rio do que o senador afirmou na ter\u00e7a-feira, ao visitar o pai na Superintend\u00eancia da Pol\u00edcia Federal, estudos que mostram a viabilidade do seu nome n\u00e3o teriam sido apresentados \u00e0s lideran\u00e7as do Centr\u00e3o.<\/p>\n\n\n\n<p>Rueda e Ciro lembraram movimenta\u00e7\u00f5es que representaram &#8220;ren\u00fancias&#8221; aos dois partidos em nome da parceria, como o desembarque do governo e a expuls\u00e3o de membros que seguiram ao lado do presidente Luiz In\u00e1cio Lula da Silva (PT), e disseram n\u00e3o enxergar viabilidade no projeto encabe\u00e7ado por Fl\u00e1vio. Principal bandeira levantada pelos bolsonaristas&nbsp;no Congresso, a anistia das penas aos condenados pelos atos antidemocr\u00e1ticos foi sepultada no encontro.&nbsp;<\/p>\n\n\n\n<p>Os dois dirigentes comunicaram a Fl\u00e1vio que n\u00e3o trabalhariam pelo projeto nos termos defendidos por Bolsonaro e que, caso ele quisesse, os partidos apoiariam, no m\u00e1ximo, a dosimetria das penas. A express\u00e3o usada teria sido &#8220;\u00e9 dosimetria ou nada&#8221;.&nbsp;<\/p>\n\n\n\n<p>Na ter\u00e7a, dia seguinte ao encontro, a C\u00e2mara aprovou o projeto de lei, que altera o c\u00e1lculo de penas aplicadas a crimes contra o Estado Democr\u00e1tico de Direito. O l\u00edder do partido na C\u00e2mara, S\u00f3stenes Cavalcante (PL-RJ), disse que Bolsonaro havia dito a Fl\u00e1vio, horas antes, &#8220;que aceitava passar o natal na cadeia, em nomes das pessoas que seguem presas injustamente&#8221;. A expectativa \u00e9 que o projeto seja votado no Senado, ainda neste ano.&nbsp;<\/p>\n\n\n\n<p>Procurado pelo GLOBO, Rueda deixa a alian\u00e7a em torno de Fl\u00e1vio em aberto.<\/p>\n\n\n\n<p>\u2014 Fl\u00e1vio tem legitimidade, mas ainda n\u00e3o temos nada fechado. Ele representa a direita, mas o partido segue tendo um nome colocado para a presid\u00eancia, o governador de Goi\u00e1s, Ronaldo Caiado&nbsp;\u2014 disse.<\/p>\n\n\n\n<p>Horas depois do encontro com Fl\u00e1vio, os dois presidentes de partido se reuniram com Marcos Pereira, que comanda o Republicanos. O presidente do partido de Tarc\u00edsio n\u00e3o foi \u00e0 reuni\u00e3o da v\u00e9spera por irrita\u00e7\u00e3o com a decis\u00e3o da fam\u00edlia Bolsonaro, dizem aliados.&nbsp;<\/p>\n\n\n\n<p>Ao final desta reuni\u00e3o, os tr\u00eas caciques do Centr\u00e3o tiraram uma foto, que foi publicada nas redes sociais de Pereira. A inten\u00e7\u00e3o era mostrar alinhamento entre as tr\u00eas legendas. Registro semelhante n\u00e3o foi feito no encontro com Fl\u00e1vio.<\/p>\n\n\n\n<h2 class=\"wp-block-heading\">Fl\u00e1vio insiste em candidatura<\/h2>\n\n\n\n<p>Apesar do clima tenso horas antes, Fl\u00e1vio refor\u00e7ou no dia seguinte que Bolsonaro considera a&nbsp;sua entrada na disputa eleitoral &#8220;irrevers\u00edvel&#8221;.&nbsp; O senador confirmou que os dirigentes partid\u00e1rios colocaram d\u00favidas sobre a capacidade de &#8220;tra\u00e7\u00e3o&#8221; da sua candidatura ao Pal\u00e1cio do Planalto em 2026.&nbsp;<\/p>\n\n\n\n<p>\u2014 Minha rela\u00e7\u00e3o com Ciro, Rueda e outros nomes \u00e9 muito boa. Eles se preocuparam com o meu nome, com base em pesquisas, de eu n\u00e3o tracionar. Meu nome est\u00e1 tracionado. Reforcei a eles que minha candidatura \u00e9 irrevers\u00edvel&nbsp;e ouvi a mesma mensagem do meu pai, Jair Bolsonaro, na visita de hoje: \u00e9 um movimento irrevers\u00edvel \u2014 disse.<\/p>\n","protected":false},"excerpt":{"rendered":"<p>O encontro entre caciques do Centr\u00e3o e o senador Fl\u00e1vio Bolsonaro (PL-RJ), realizado nesta segunda-feira, em Bras\u00edlia, teve momentos de tens\u00e3o em fun\u00e7\u00e3o do an\u00fancio feito dias antes por ordem do ex-presidente Jair Bolsonaro (PL), que escolheu o filho primog\u00eanito para concorrer ao Pal\u00e1cio do Planalto em 2026. Contrariados por n\u00e3o terem sido avisados previamente [&hellip;]<\/p>\n","protected":false},"author":2,"featured_media":39095,"comment_status":"open","ping_status":"open","sticky":false,"template":"","format":"standard","meta":{"_jetpack_memberships_contains_paid_content":false,"footnotes":""},"categories":[39],"tags":[],"class_list":["post-39094","post","type-post","status-publish","format-standard","has-post-thumbnail","hentry","category-politica"],"aioseo_notices":[],"jetpack_featured_media_url":"https:\/\/i0.wp.com\/minutobahia24h.com.br\/wp-content\/uploads\/2025\/12\/Sem-titulo-161.jpg?fit=888%2C629&ssl=1","jetpack_sharing_enabled":true,"_links":{"self":[{"href":"https:\/\/minutobahia24h.com.br\/index.php?rest_route=\/wp\/v2\/posts\/39094","targetHints":{"allow":["GET"]}}],"collection":[{"href":"https:\/\/minutobahia24h.com.br\/index.php?rest_route=\/wp\/v2\/posts"}],"about":[{"href":"https:\/\/minutobahia24h.com.br\/index.php?rest_route=\/wp\/v2\/types\/post"}],"author":[{"embeddable":true,"href":"https:\/\/minutobahia24h.com.br\/index.php?rest_route=\/wp\/v2\/users\/2"}],"replies":[{"embeddable":true,"href":"https:\/\/minutobahia24h.com.br\/index.php?rest_route=%2Fwp%2Fv2%2Fcomments&post=39094"}],"version-history":[{"count":1,"href":"https:\/\/minutobahia24h.com.br\/index.php?rest_route=\/wp\/v2\/posts\/39094\/revisions"}],"predecessor-version":[{"id":39096,"href":"https:\/\/minutobahia24h.com.br\/index.php?rest_route=\/wp\/v2\/posts\/39094\/revisions\/39096"}],"wp:featuredmedia":[{"embeddable":true,"href":"https:\/\/minutobahia24h.com.br\/index.php?rest_route=\/wp\/v2\/media\/39095"}],"wp:attachment":[{"href":"https:\/\/minutobahia24h.com.br\/index.php?rest_route=%2Fwp%2Fv2%2Fmedia&parent=39094"}],"wp:term":[{"taxonomy":"category","embeddable":true,"href":"https:\/\/minutobahia24h.com.br\/index.php?rest_route=%2Fwp%2Fv2%2Fcategories&post=39094"},{"taxonomy":"post_tag","embeddable":true,"href":"https:\/\/minutobahia24h.com.br\/index.php?rest_route=%2Fwp%2Fv2%2Ftags&post=39094"}],"curies":[{"name":"wp","href":"https:\/\/api.w.org\/{rel}","templated":true}]}}