{"id":39088,"date":"2025-12-11T07:47:58","date_gmt":"2025-12-11T10:47:58","guid":{"rendered":"https:\/\/minutobahia24h.com.br\/?p=39088"},"modified":"2025-12-11T07:47:59","modified_gmt":"2025-12-11T10:47:59","slug":"senado-aprova-projeto-antifaccao-para-endurecer-combate-ao-crime-organizado","status":"publish","type":"post","link":"https:\/\/minutobahia24h.com.br\/?p=39088","title":{"rendered":"Senado aprova Projeto Antifac\u00e7\u00e3o para endurecer combate ao crime organizado"},"content":{"rendered":"<div class=\"wp-block-image\">\n<figure class=\"aligncenter size-full\"><img data-recalc-dims=\"1\" fetchpriority=\"high\" decoding=\"async\" width=\"602\" height=\"418\" src=\"https:\/\/i0.wp.com\/minutobahia24h.com.br\/wp-content\/uploads\/2025\/12\/Sem-titulo-159.jpg?resize=602%2C418&#038;ssl=1\" alt=\"\" class=\"wp-image-39089\" srcset=\"https:\/\/i0.wp.com\/minutobahia24h.com.br\/wp-content\/uploads\/2025\/12\/Sem-titulo-159.jpg?w=602&amp;ssl=1 602w, https:\/\/i0.wp.com\/minutobahia24h.com.br\/wp-content\/uploads\/2025\/12\/Sem-titulo-159.jpg?resize=300%2C208&amp;ssl=1 300w\" sizes=\"(max-width: 602px) 100vw, 602px\" \/><figcaption class=\"wp-element-caption\">Foto: Roque de S\u00e1\/Ag\u00eancia Senado<br><\/figcaption><\/figure>\n<\/div>\n\n\n<p>O Senado Federal aprovou, nesta quarta-feira (10), o chamado Projeto Antifac\u00e7\u00e3o, iniciativa que estabelece um novo marco legal para o combate ao crime organizado no pa\u00eds. A proposta passou com ampla maioria: foram 64 votos favor\u00e1veis e nenhum voto contr\u00e1rio.<\/p>\n\n\n\n<p>Relator da mat\u00e9ria no Senado, Alessandro Vieira (MDB-SE) apresentou um texto que reformula a vers\u00e3o aprovada pela C\u00e2mara dos Deputados em novembro. Em vez de criar uma legisla\u00e7\u00e3o paralela para punir integrantes de fac\u00e7\u00f5es criminosas, o parecer opta por atualizar a Lei das Organiza\u00e7\u00f5es Criminosas, considerada mais robusta e menos suscet\u00edvel a brechas jur\u00eddicas. A mudan\u00e7a atendia a uma demanda do Minist\u00e9rio da Justi\u00e7a e da Pol\u00edcia Federal, que temiam que a proposta original pudesse acabar favorecendo criminosos em disputas judiciais.<\/p>\n\n\n\n<p>Pelo projeto, o pa\u00eds passa a contar com o Marco Legal de Combate ao Crime Organizado, que endurece penas e cria regras espec\u00edficas para l\u00edderes e membros de fac\u00e7\u00f5es e mil\u00edcias.<\/p>\n\n\n\n<p>As puni\u00e7\u00f5es poder\u00e3o chegar a at\u00e9 60 anos de pris\u00e3o para chefes de organiza\u00e7\u00f5es criminosas, com a previs\u00e3o de agravantes conforme o grau de participa\u00e7\u00e3o e influ\u00eancia. A progress\u00e3o de regime tamb\u00e9m ficar\u00e1 mais dif\u00edcil para integrantes dessas estruturas, restringindo benef\u00edcios penais.<\/p>\n\n\n\n<p>O texto determina ainda que lideran\u00e7as de fac\u00e7\u00f5es e mil\u00edcias cumpram pena obrigatoriamente em pres\u00eddios federais de seguran\u00e7a m\u00e1xima, refor\u00e7ando o isolamento desses grupos e dificultando a manuten\u00e7\u00e3o de atividades criminosas de dentro das unidades.<\/p>\n\n\n\n<p>A proposta tamb\u00e9m amplia puni\u00e7\u00f5es relacionadas \u00e0 infiltra\u00e7\u00e3o de fac\u00e7\u00f5es no sistema financeiro. Caso haja participa\u00e7\u00e3o de organiza\u00e7\u00f5es criminosas na administra\u00e7\u00e3o de institui\u00e7\u00f5es financeiras, as penas poder\u00e3o ser aumentadas, fortalecendo instrumentos de repress\u00e3o ao uso do setor para lavagem de dinheiro e outras pr\u00e1ticas il\u00edcitas.<\/p>\n\n\n\n<p>A mat\u00e9ria segue agora para nova an\u00e1lise da C\u00e2mara, que decidir\u00e1 se acata integralmente as mudan\u00e7as feitas pelo Senado.<\/p>\n\n\n\n<p>bahia.ba<\/p>\n","protected":false},"excerpt":{"rendered":"<p>O Senado Federal aprovou, nesta quarta-feira (10), o chamado Projeto Antifac\u00e7\u00e3o, iniciativa que estabelece um novo marco legal para o combate ao crime organizado no pa\u00eds. A proposta passou com ampla maioria: foram 64 votos favor\u00e1veis e nenhum voto contr\u00e1rio. Relator da mat\u00e9ria no Senado, Alessandro Vieira (MDB-SE) apresentou um texto que reformula a vers\u00e3o [&hellip;]<\/p>\n","protected":false},"author":2,"featured_media":39089,"comment_status":"open","ping_status":"open","sticky":false,"template":"","format":"standard","meta":{"_jetpack_memberships_contains_paid_content":false,"footnotes":""},"categories":[39],"tags":[],"class_list":["post-39088","post","type-post","status-publish","format-standard","has-post-thumbnail","hentry","category-politica"],"aioseo_notices":[],"jetpack_featured_media_url":"https:\/\/i0.wp.com\/minutobahia24h.com.br\/wp-content\/uploads\/2025\/12\/Sem-titulo-159.jpg?fit=602%2C418&ssl=1","jetpack_sharing_enabled":true,"_links":{"self":[{"href":"https:\/\/minutobahia24h.com.br\/index.php?rest_route=\/wp\/v2\/posts\/39088","targetHints":{"allow":["GET"]}}],"collection":[{"href":"https:\/\/minutobahia24h.com.br\/index.php?rest_route=\/wp\/v2\/posts"}],"about":[{"href":"https:\/\/minutobahia24h.com.br\/index.php?rest_route=\/wp\/v2\/types\/post"}],"author":[{"embeddable":true,"href":"https:\/\/minutobahia24h.com.br\/index.php?rest_route=\/wp\/v2\/users\/2"}],"replies":[{"embeddable":true,"href":"https:\/\/minutobahia24h.com.br\/index.php?rest_route=%2Fwp%2Fv2%2Fcomments&post=39088"}],"version-history":[{"count":1,"href":"https:\/\/minutobahia24h.com.br\/index.php?rest_route=\/wp\/v2\/posts\/39088\/revisions"}],"predecessor-version":[{"id":39090,"href":"https:\/\/minutobahia24h.com.br\/index.php?rest_route=\/wp\/v2\/posts\/39088\/revisions\/39090"}],"wp:featuredmedia":[{"embeddable":true,"href":"https:\/\/minutobahia24h.com.br\/index.php?rest_route=\/wp\/v2\/media\/39089"}],"wp:attachment":[{"href":"https:\/\/minutobahia24h.com.br\/index.php?rest_route=%2Fwp%2Fv2%2Fmedia&parent=39088"}],"wp:term":[{"taxonomy":"category","embeddable":true,"href":"https:\/\/minutobahia24h.com.br\/index.php?rest_route=%2Fwp%2Fv2%2Fcategories&post=39088"},{"taxonomy":"post_tag","embeddable":true,"href":"https:\/\/minutobahia24h.com.br\/index.php?rest_route=%2Fwp%2Fv2%2Ftags&post=39088"}],"curies":[{"name":"wp","href":"https:\/\/api.w.org\/{rel}","templated":true}]}}