{"id":39082,"date":"2025-12-11T07:43:02","date_gmt":"2025-12-11T10:43:02","guid":{"rendered":"https:\/\/minutobahia24h.com.br\/?p=39082"},"modified":"2025-12-11T07:43:04","modified_gmt":"2025-12-11T10:43:04","slug":"capitao-da-pm-e-preso-durante-megaoperacao-que-mira-grupo-criminoso-especializado-em-trafico-de-drogas-na-bahia","status":"publish","type":"post","link":"https:\/\/minutobahia24h.com.br\/?p=39082","title":{"rendered":"Capit\u00e3o da PM \u00e9 preso durante megaopera\u00e7\u00e3o que mira grupo criminoso especializado em tr\u00e1fico de drogas na Bahia"},"content":{"rendered":"<div class=\"wp-block-image\">\n<figure class=\"aligncenter size-large\"><img data-recalc-dims=\"1\" fetchpriority=\"high\" decoding=\"async\" width=\"800\" height=\"420\" src=\"https:\/\/i0.wp.com\/minutobahia24h.com.br\/wp-content\/uploads\/2025\/12\/Sem-titulo-157-1024x538.jpg?resize=800%2C420&#038;ssl=1\" alt=\"\" class=\"wp-image-39083\" srcset=\"https:\/\/i0.wp.com\/minutobahia24h.com.br\/wp-content\/uploads\/2025\/12\/Sem-titulo-157.jpg?resize=1024%2C538&amp;ssl=1 1024w, https:\/\/i0.wp.com\/minutobahia24h.com.br\/wp-content\/uploads\/2025\/12\/Sem-titulo-157.jpg?resize=300%2C158&amp;ssl=1 300w, https:\/\/i0.wp.com\/minutobahia24h.com.br\/wp-content\/uploads\/2025\/12\/Sem-titulo-157.jpg?resize=768%2C403&amp;ssl=1 768w, https:\/\/i0.wp.com\/minutobahia24h.com.br\/wp-content\/uploads\/2025\/12\/Sem-titulo-157.jpg?resize=750%2C394&amp;ssl=1 750w, https:\/\/i0.wp.com\/minutobahia24h.com.br\/wp-content\/uploads\/2025\/12\/Sem-titulo-157.jpg?resize=1140%2C599&amp;ssl=1 1140w, https:\/\/i0.wp.com\/minutobahia24h.com.br\/wp-content\/uploads\/2025\/12\/Sem-titulo-157.jpg?w=1200&amp;ssl=1 1200w\" sizes=\"(max-width: 800px) 100vw, 800px\" \/><figcaption class=\"wp-element-caption\">Foto: Reprodu\u00e7\u00e3o \/<br><\/figcaption><\/figure>\n<\/div>\n\n\n<p>A\u00a0<a href=\"https:\/\/www.bahianoticias.com.br\/noticia\/311441-liderancas-do-crime-sao-alvos-de-megaoperacao-deflagrada-na-bahia-e-mais-cinco-estados\">megaopera\u00e7\u00e3o deflagrada<\/a>\u00a0na manh\u00e3 desta quinta-feira (11) na Bahia e outros cinco estados resultou na pris\u00e3o de 34 pessoas suspeitas de integrar um grupo criminoso envolvido em tr\u00e1fico de drogas, crimes patrimoniais, lavagem de dinheiro e disputa de territ\u00f3rios.<\/p>\n\n\n\n<p>Entre os detidos est\u00e1 o capit\u00e3o da Pol\u00edcia Militar Mauro Grunfeld. Ele j\u00e1 havia sido\u00a0<a href=\"https:\/\/www.bahianoticias.com.br\/municipios\/noticia\/40485-operacao-fogo-amigo-capitao-da-pm-e-preso-novamente-apos-recurso-do-mp\">preso em maio e julho deste ano<\/a>, sob suspeita de participar de um esquema de compra e venda de armas destinado ao abastecimento de fac\u00e7\u00f5es criminosas na Bahia.<\/p>\n\n\n\n<p>No estado, as a\u00e7\u00f5es ocorreram nos bairros da Gra\u00e7a, Engomadeira, S\u00e3o Marcos e Stella Maris, em Salvador, al\u00e9m dos munic\u00edpios de Cama\u00e7ari, Lauro de Freitas, Feira de Santana e Porto Seguro.<\/p>\n\n\n\n<p>Com efetivo de cerca de 400 policiais, entre civis, militares, do Departamento de Pol\u00edcia T\u00e9cnica (DPT) e federais, s\u00e3o cumpridos mais 90 mandados judiciais contra criminosos respons\u00e1veis pelos n\u00facleos operacionais, de log\u00edstica e de finan\u00e7as do grupo.<\/p>\n\n\n\n<p>Uma complexa associa\u00e7\u00e3o criminosa foi identificada no curso das apura\u00e7\u00f5es. Ela \u00e9 respons\u00e1vel pelo abastecimento, produ\u00e7\u00e3o e prepara\u00e7\u00e3o de entorpecentes, como tamb\u00e9m a utiliza\u00e7\u00e3o de pessoas f\u00edsicas e jur\u00eddicas para dissimular a origem il\u00edcita dos valores movimentados. Foi solicitado ao Poder Judici\u00e1rio o bloqueio de R$ 100 milh\u00f5es, al\u00e9m do sequestro de bens dos investigados.<\/p>\n\n\n\n<p>BN<\/p>\n","protected":false},"excerpt":{"rendered":"<p>A\u00a0megaopera\u00e7\u00e3o deflagrada\u00a0na manh\u00e3 desta quinta-feira (11) na Bahia e outros cinco estados resultou na pris\u00e3o de 34 pessoas suspeitas de integrar um grupo criminoso envolvido em tr\u00e1fico de drogas, crimes patrimoniais, lavagem de dinheiro e disputa de territ\u00f3rios. Entre os detidos est\u00e1 o capit\u00e3o da Pol\u00edcia Militar Mauro Grunfeld. Ele j\u00e1 havia sido\u00a0preso em maio [&hellip;]<\/p>\n","protected":false},"author":2,"featured_media":39083,"comment_status":"open","ping_status":"open","sticky":false,"template":"","format":"standard","meta":{"_jetpack_memberships_contains_paid_content":false,"footnotes":""},"categories":[46],"tags":[],"class_list":["post-39082","post","type-post","status-publish","format-standard","has-post-thumbnail","hentry","category-noticia"],"aioseo_notices":[],"jetpack_featured_media_url":"https:\/\/i0.wp.com\/minutobahia24h.com.br\/wp-content\/uploads\/2025\/12\/Sem-titulo-157.jpg?fit=1200%2C630&ssl=1","jetpack_sharing_enabled":true,"_links":{"self":[{"href":"https:\/\/minutobahia24h.com.br\/index.php?rest_route=\/wp\/v2\/posts\/39082","targetHints":{"allow":["GET"]}}],"collection":[{"href":"https:\/\/minutobahia24h.com.br\/index.php?rest_route=\/wp\/v2\/posts"}],"about":[{"href":"https:\/\/minutobahia24h.com.br\/index.php?rest_route=\/wp\/v2\/types\/post"}],"author":[{"embeddable":true,"href":"https:\/\/minutobahia24h.com.br\/index.php?rest_route=\/wp\/v2\/users\/2"}],"replies":[{"embeddable":true,"href":"https:\/\/minutobahia24h.com.br\/index.php?rest_route=%2Fwp%2Fv2%2Fcomments&post=39082"}],"version-history":[{"count":1,"href":"https:\/\/minutobahia24h.com.br\/index.php?rest_route=\/wp\/v2\/posts\/39082\/revisions"}],"predecessor-version":[{"id":39084,"href":"https:\/\/minutobahia24h.com.br\/index.php?rest_route=\/wp\/v2\/posts\/39082\/revisions\/39084"}],"wp:featuredmedia":[{"embeddable":true,"href":"https:\/\/minutobahia24h.com.br\/index.php?rest_route=\/wp\/v2\/media\/39083"}],"wp:attachment":[{"href":"https:\/\/minutobahia24h.com.br\/index.php?rest_route=%2Fwp%2Fv2%2Fmedia&parent=39082"}],"wp:term":[{"taxonomy":"category","embeddable":true,"href":"https:\/\/minutobahia24h.com.br\/index.php?rest_route=%2Fwp%2Fv2%2Fcategories&post=39082"},{"taxonomy":"post_tag","embeddable":true,"href":"https:\/\/minutobahia24h.com.br\/index.php?rest_route=%2Fwp%2Fv2%2Ftags&post=39082"}],"curies":[{"name":"wp","href":"https:\/\/api.w.org\/{rel}","templated":true}]}}