{"id":39079,"date":"2025-12-11T07:41:06","date_gmt":"2025-12-11T10:41:06","guid":{"rendered":"https:\/\/minutobahia24h.com.br\/?p=39079"},"modified":"2025-12-11T07:41:07","modified_gmt":"2025-12-11T10:41:07","slug":"ccj-da-alba-aprova-otto-alencar-filho-para-vaga-no-tce","status":"publish","type":"post","link":"https:\/\/minutobahia24h.com.br\/?p=39079","title":{"rendered":"CCJ da Alba aprova Otto Alencar Filho para vaga no TCE"},"content":{"rendered":"\n<ul class=\"wp-block-list\"><\/ul>\n\n\n<div class=\"wp-block-image\">\n<figure class=\"aligncenter size-full\"><img data-recalc-dims=\"1\" fetchpriority=\"high\" decoding=\"async\" width=\"800\" height=\"376\" src=\"https:\/\/i0.wp.com\/minutobahia24h.com.br\/wp-content\/uploads\/2025\/12\/Sem-titulo-156.jpg?resize=800%2C376&#038;ssl=1\" alt=\"\" class=\"wp-image-39080\" srcset=\"https:\/\/i0.wp.com\/minutobahia24h.com.br\/wp-content\/uploads\/2025\/12\/Sem-titulo-156.jpg?w=1024&amp;ssl=1 1024w, https:\/\/i0.wp.com\/minutobahia24h.com.br\/wp-content\/uploads\/2025\/12\/Sem-titulo-156.jpg?resize=300%2C141&amp;ssl=1 300w, https:\/\/i0.wp.com\/minutobahia24h.com.br\/wp-content\/uploads\/2025\/12\/Sem-titulo-156.jpg?resize=768%2C361&amp;ssl=1 768w, https:\/\/i0.wp.com\/minutobahia24h.com.br\/wp-content\/uploads\/2025\/12\/Sem-titulo-156.jpg?resize=750%2C352&amp;ssl=1 750w\" sizes=\"(max-width: 800px) 100vw, 800px\" \/><figcaption class=\"wp-element-caption\">Foto:\u00a0<strong>M\u00e1rio Agra\/C\u00e2mara dos Deputados<\/strong><br><\/figcaption><\/figure>\n<\/div>\n\n\n<p>Em reuni\u00e3o extraordin\u00e1ria realizada na manh\u00e3 desta quarta-feira (10), a Comiss\u00e3o de Constitui\u00e7\u00e3o e Justi\u00e7a da Assembleia Legislativa da Bahia aprovou, por unanimidade, o nome do deputado federal Otto Alencar Filho (PSD) para o cargo de conselheiro do Tribunal de Contas do Estado. A indica\u00e7\u00e3o foi feita pelo governador Jer\u00f4nimo Rodrigues ap\u00f3s a aposentadoria do ex-conselheiro Antonio Honorato de Castro Neto.<\/p>\n\n\n\n<p>A sess\u00e3o foi conduzida pelo presidente da CCJ, deputado Robinson Almeida (PT), que franqueou a palavra ao deputado Otto Alencar Filho logo no in\u00edcio dos trabalhos. Em sua apresenta\u00e7\u00e3o, o indicado agradeceu a confian\u00e7a do governador e destacou sua forma\u00e7\u00e3o acad\u00eamica e experi\u00eancias no setor privado e na gest\u00e3o p\u00fablica.<\/p>\n\n\n\n<p>\u201cA trajet\u00f3ria como empres\u00e1rio me ensinou a valorizar as pessoas, a responsabilidade fiscal, o planejamento, a \u00e9tica na gest\u00e3o e a import\u00e2ncia do desenvolvimento econ\u00f4mico, social e sustent\u00e1vel. Esses aprendizados moldaram minha vis\u00e3o de mundo e consolidaram em mim a convic\u00e7\u00e3o de que o setor p\u00fablico e o setor produtivo precisam caminhar juntos, com respeito \u00e0s regras, \u00e0s institui\u00e7\u00f5es e, sobretudo, \u00e0s pessoas\u201d, afirmou.<\/p>\n\n\n\n<p><strong>Metro1<\/strong><\/p>\n","protected":false},"excerpt":{"rendered":"<p>Em reuni\u00e3o extraordin\u00e1ria realizada na manh\u00e3 desta quarta-feira (10), a Comiss\u00e3o de Constitui\u00e7\u00e3o e Justi\u00e7a da Assembleia Legislativa da Bahia aprovou, por unanimidade, o nome do deputado federal Otto Alencar Filho (PSD) para o cargo de conselheiro do Tribunal de Contas do Estado. A indica\u00e7\u00e3o foi feita pelo governador Jer\u00f4nimo Rodrigues ap\u00f3s a aposentadoria do [&hellip;]<\/p>\n","protected":false},"author":2,"featured_media":39080,"comment_status":"open","ping_status":"open","sticky":false,"template":"","format":"standard","meta":{"_jetpack_memberships_contains_paid_content":false,"footnotes":""},"categories":[39],"tags":[],"class_list":["post-39079","post","type-post","status-publish","format-standard","has-post-thumbnail","hentry","category-politica"],"aioseo_notices":[],"jetpack_featured_media_url":"https:\/\/i0.wp.com\/minutobahia24h.com.br\/wp-content\/uploads\/2025\/12\/Sem-titulo-156.jpg?fit=1024%2C481&ssl=1","jetpack_sharing_enabled":true,"_links":{"self":[{"href":"https:\/\/minutobahia24h.com.br\/index.php?rest_route=\/wp\/v2\/posts\/39079","targetHints":{"allow":["GET"]}}],"collection":[{"href":"https:\/\/minutobahia24h.com.br\/index.php?rest_route=\/wp\/v2\/posts"}],"about":[{"href":"https:\/\/minutobahia24h.com.br\/index.php?rest_route=\/wp\/v2\/types\/post"}],"author":[{"embeddable":true,"href":"https:\/\/minutobahia24h.com.br\/index.php?rest_route=\/wp\/v2\/users\/2"}],"replies":[{"embeddable":true,"href":"https:\/\/minutobahia24h.com.br\/index.php?rest_route=%2Fwp%2Fv2%2Fcomments&post=39079"}],"version-history":[{"count":1,"href":"https:\/\/minutobahia24h.com.br\/index.php?rest_route=\/wp\/v2\/posts\/39079\/revisions"}],"predecessor-version":[{"id":39081,"href":"https:\/\/minutobahia24h.com.br\/index.php?rest_route=\/wp\/v2\/posts\/39079\/revisions\/39081"}],"wp:featuredmedia":[{"embeddable":true,"href":"https:\/\/minutobahia24h.com.br\/index.php?rest_route=\/wp\/v2\/media\/39080"}],"wp:attachment":[{"href":"https:\/\/minutobahia24h.com.br\/index.php?rest_route=%2Fwp%2Fv2%2Fmedia&parent=39079"}],"wp:term":[{"taxonomy":"category","embeddable":true,"href":"https:\/\/minutobahia24h.com.br\/index.php?rest_route=%2Fwp%2Fv2%2Fcategories&post=39079"},{"taxonomy":"post_tag","embeddable":true,"href":"https:\/\/minutobahia24h.com.br\/index.php?rest_route=%2Fwp%2Fv2%2Ftags&post=39079"}],"curies":[{"name":"wp","href":"https:\/\/api.w.org\/{rel}","templated":true}]}}