{"id":39073,"date":"2025-12-11T07:07:17","date_gmt":"2025-12-11T10:07:17","guid":{"rendered":"https:\/\/minutobahia24h.com.br\/?p=39073"},"modified":"2025-12-11T07:07:19","modified_gmt":"2025-12-11T10:07:19","slug":"aumento-de-525-em-tributo-gera-revolta-em-jequie","status":"publish","type":"post","link":"https:\/\/minutobahia24h.com.br\/?p=39073","title":{"rendered":"Aumento de 525% em tributo gera revolta em Jequi\u00e9"},"content":{"rendered":"<div class=\"wp-block-image\">\n<figure class=\"aligncenter size-full\"><img data-recalc-dims=\"1\" fetchpriority=\"high\" decoding=\"async\" width=\"750\" height=\"523\" src=\"https:\/\/i0.wp.com\/minutobahia24h.com.br\/wp-content\/uploads\/2025\/12\/Sem-titulo-154.jpg?resize=750%2C523&#038;ssl=1\" alt=\"\" class=\"wp-image-39074\" srcset=\"https:\/\/i0.wp.com\/minutobahia24h.com.br\/wp-content\/uploads\/2025\/12\/Sem-titulo-154.jpg?w=750&amp;ssl=1 750w, https:\/\/i0.wp.com\/minutobahia24h.com.br\/wp-content\/uploads\/2025\/12\/Sem-titulo-154.jpg?resize=300%2C209&amp;ssl=1 300w\" sizes=\"(max-width: 750px) 100vw, 750px\" \/><figcaption class=\"wp-element-caption\">Z\u00e9 Coc\u00e1 (PP), prefeito de Jequi\u00e9 &#8211;\u00a0Foto: Rodrigo Tardio<br><br><\/figcaption><\/figure>\n<\/div>\n\n\n<p>A proposta do prefeito de\u00a0<a href=\"https:\/\/atarde.com.br\/tags\/jequie\" target=\"_blank\" rel=\"noreferrer noopener\">Jequi\u00e9<\/a>, Vale do Jiquiri\u00e7\u00e1, Z\u00e9 Coc\u00e1 (PP), que \u00e9 de aumentar a Contribui\u00e7\u00e3o para o Custeio dos Servi\u00e7os de Ilumina\u00e7\u00e3o P\u00fablica (COSIP) gerou grande pol\u00eamica e repercuss\u00e3o negativa na popula\u00e7\u00e3o. O projeto de lei complementar, enviado \u00e0 C\u00e2mara Municipal, prop\u00f5e um aumento significativo, o qual chega a 525% em alguns casos, e inclui a cobran\u00e7a na carga bruta produzida por quem gera energia renov\u00e1vel, como a solar.<\/p>\n\n\n\n<p>Alguns consumidores residenciais sem energia solar, que consomem acima de 651 Kw, sairiam do valor de R$ 35,00 para R$ 120,00\/m\u00eas.&nbsp;A proposta tem gerado tamb\u00e9m um desconforto pol\u00edtico entre o prefeito e a pr\u00f3pria base de parlamentares.<\/p>\n\n\n\n<p>A COSIP em Jequi\u00e9 j\u00e1 vinha apresentando um aumento expressivo na arrecada\u00e7\u00e3o nos anos anteriores, o que representou um crescimento de 360% entre 2021 e 2024. O fato levanta questionamentos sobre a necessidade do aumento acentuado.&nbsp;A decis\u00e3o final sobre a aprova\u00e7\u00e3o ou n\u00e3o do projeto est\u00e1 na m\u00e3o dos parlamentares de Jequi\u00e9.<\/p>\n\n\n\n<h2 class=\"wp-block-heading\">Decora\u00e7\u00e3o de Natal<\/h2>\n\n\n\n<p>Para complicar, em meio ao fogo cruzado da COSIP, eis que vem a sugest\u00e3o de gastar quase R$ 5 milh\u00f5es somente em decora\u00e7\u00e3o de Natal. A empresa vencedora da licita\u00e7\u00e3o, no valor de R$ 3.767.790,52 (tr\u00eas milh\u00f5es, setecentos e sessenta e sete mil, setecentos e noventa reais e cinquenta e dois centavos) \u00e9 de Lafaiete Coutinho, munic\u00edpio onde&nbsp;<a href=\"https:\/\/atarde.com.br\/tags\/ze-coca\" target=\"_blank\" rel=\"noreferrer noopener\">Z\u00e9 Coc\u00e1&nbsp;<\/a>foi prefeito por dois mandatos e atualmente tem como gestor municipal, o irm\u00e3o Fl\u00e1vio Santana.<\/p>\n\n\n\n<p>Houve tamb\u00e9m um Preg\u00e3o eletr\u00f4nico para a contrata\u00e7\u00e3o de empresas com objetivo de fornecer mangueiras de led, no valor de R$ 468.600,00, o que totaliza R$ 4.236.390,52 (quatro milh\u00f5es, duzentos e trinta e seis mil, trezentos e noventa reais e cinquenta e dois centavos).<\/p>\n\n\n\n<p>Se for considerado valor de R$ 2.812.327,04 (dois milh\u00f5es, oitocentos e doze mil, trezentos e vinte e sete reais e quatro centavos) que corresponde \u00e0s contrata\u00e7\u00f5es de bandas, artistas e apresenta\u00e7\u00f5es, conforme preg\u00e3o, os gastos envolvidos na festa de Natal de Jequi\u00e9 podem chegar ao total de R$ 7.048.717,56 (sete milh\u00f5es, quarenta e oito mil, setecentos e dezessete reais e cinquenta e seis centavos).<\/p>\n\n\n<div class=\"wp-block-image\">\n<figure class=\"aligncenter\"><img data-recalc-dims=\"1\" decoding=\"async\" data-src=\"https:\/\/i0.wp.com\/cdn.atarde.com.br\/img\/inline\/1370000\/724x0\/Aumento-de-525-em-tributo-gera-revolta-em-Jequie0137179500202512101015-1.webp?w=800&#038;ssl=1\" alt=\"Imagem ilustrativa da imagem Aumento de 525% em tributo gera revolta em Jequi\u00e9\" src=\"data:image\/gif;base64,R0lGODlhAQABAAAAACH5BAEKAAEALAAAAAABAAEAAAICTAEAOw==\" class=\"lazyload\" \/><noscript><img data-recalc-dims=\"1\" decoding=\"async\" src=\"https:\/\/i0.wp.com\/cdn.atarde.com.br\/img\/inline\/1370000\/724x0\/Aumento-de-525-em-tributo-gera-revolta-em-Jequie0137179500202512101015-1.webp?w=800&#038;ssl=1\" alt=\"Imagem ilustrativa da imagem Aumento de 525% em tributo gera revolta em Jequi\u00e9\"\/><\/noscript><\/figure>\n<\/div>\n\n<div class=\"wp-block-image\">\n<figure class=\"aligncenter\"><img data-recalc-dims=\"1\" decoding=\"async\" data-src=\"https:\/\/i0.wp.com\/cdn.atarde.com.br\/img\/inline\/1370000\/724x0\/Aumento-de-525-em-tributo-gera-revolta-em-Jequie0137179501202512101015-1.webp?w=800&#038;ssl=1\" alt=\"Imagem ilustrativa da imagem Aumento de 525% em tributo gera revolta em Jequi\u00e9\" src=\"data:image\/gif;base64,R0lGODlhAQABAAAAACH5BAEKAAEALAAAAAABAAEAAAICTAEAOw==\" class=\"lazyload\" \/><noscript><img data-recalc-dims=\"1\" decoding=\"async\" src=\"https:\/\/i0.wp.com\/cdn.atarde.com.br\/img\/inline\/1370000\/724x0\/Aumento-de-525-em-tributo-gera-revolta-em-Jequie0137179501202512101015-1.webp?w=800&#038;ssl=1\" alt=\"Imagem ilustrativa da imagem Aumento de 525% em tributo gera revolta em Jequi\u00e9\"\/><\/noscript><\/figure>\n<\/div>\n\n\n<p><strong>Revolta<\/strong><\/p>\n\n\n\n<p>Diante das in\u00fameras demandas n\u00e3o atendidas em segmentos criticados pela popula\u00e7\u00e3o de Jequi\u00e9, como sa\u00fade, educa\u00e7\u00e3o, transporte p\u00fablico, cultura, servi\u00e7os p\u00fablicos e desenvolvimento social, os atuais gastos t\u00eam sido reprovados veementemente pela popula\u00e7\u00e3o.<\/p>\n\n\n\n<p>A prefeitura nega a cria\u00e7\u00e3o de um &#8220;novo imposto sobre energia solar&#8221;, alegando que \u00e9 apenas uma atualiza\u00e7\u00e3o necess\u00e1ria da legisla\u00e7\u00e3o da COSIP para incluir regras espec\u00edficas aos contribuintes que usam energia solar.<\/p>\n\n\n\n<p>O argumento \u00e9 que a COSIP utiliza o consumo bruto como crit\u00e9rio de rateio para garantir que todos contribuam para a manuten\u00e7\u00e3o da rede, j\u00e1 que mesmo quem gera energia solar continua conectado e se beneficia da ilumina\u00e7\u00e3o p\u00fablica.<\/p>\n\n\n\n<p>atarde<\/p>\n","protected":false},"excerpt":{"rendered":"<p>A proposta do prefeito de\u00a0Jequi\u00e9, Vale do Jiquiri\u00e7\u00e1, Z\u00e9 Coc\u00e1 (PP), que \u00e9 de aumentar a Contribui\u00e7\u00e3o para o Custeio dos Servi\u00e7os de Ilumina\u00e7\u00e3o P\u00fablica (COSIP) gerou grande pol\u00eamica e repercuss\u00e3o negativa na popula\u00e7\u00e3o. O projeto de lei complementar, enviado \u00e0 C\u00e2mara Municipal, prop\u00f5e um aumento significativo, o qual chega a 525% em alguns casos, [&hellip;]<\/p>\n","protected":false},"author":2,"featured_media":39074,"comment_status":"open","ping_status":"open","sticky":false,"template":"","format":"standard","meta":{"_jetpack_memberships_contains_paid_content":false,"footnotes":""},"categories":[3],"tags":[],"class_list":["post-39073","post","type-post","status-publish","format-standard","has-post-thumbnail","hentry","category-regional"],"aioseo_notices":[],"jetpack_featured_media_url":"https:\/\/i0.wp.com\/minutobahia24h.com.br\/wp-content\/uploads\/2025\/12\/Sem-titulo-154.jpg?fit=750%2C523&ssl=1","jetpack_sharing_enabled":true,"_links":{"self":[{"href":"https:\/\/minutobahia24h.com.br\/index.php?rest_route=\/wp\/v2\/posts\/39073","targetHints":{"allow":["GET"]}}],"collection":[{"href":"https:\/\/minutobahia24h.com.br\/index.php?rest_route=\/wp\/v2\/posts"}],"about":[{"href":"https:\/\/minutobahia24h.com.br\/index.php?rest_route=\/wp\/v2\/types\/post"}],"author":[{"embeddable":true,"href":"https:\/\/minutobahia24h.com.br\/index.php?rest_route=\/wp\/v2\/users\/2"}],"replies":[{"embeddable":true,"href":"https:\/\/minutobahia24h.com.br\/index.php?rest_route=%2Fwp%2Fv2%2Fcomments&post=39073"}],"version-history":[{"count":1,"href":"https:\/\/minutobahia24h.com.br\/index.php?rest_route=\/wp\/v2\/posts\/39073\/revisions"}],"predecessor-version":[{"id":39075,"href":"https:\/\/minutobahia24h.com.br\/index.php?rest_route=\/wp\/v2\/posts\/39073\/revisions\/39075"}],"wp:featuredmedia":[{"embeddable":true,"href":"https:\/\/minutobahia24h.com.br\/index.php?rest_route=\/wp\/v2\/media\/39074"}],"wp:attachment":[{"href":"https:\/\/minutobahia24h.com.br\/index.php?rest_route=%2Fwp%2Fv2%2Fmedia&parent=39073"}],"wp:term":[{"taxonomy":"category","embeddable":true,"href":"https:\/\/minutobahia24h.com.br\/index.php?rest_route=%2Fwp%2Fv2%2Fcategories&post=39073"},{"taxonomy":"post_tag","embeddable":true,"href":"https:\/\/minutobahia24h.com.br\/index.php?rest_route=%2Fwp%2Fv2%2Ftags&post=39073"}],"curies":[{"name":"wp","href":"https:\/\/api.w.org\/{rel}","templated":true}]}}