{"id":39051,"date":"2025-12-11T06:51:46","date_gmt":"2025-12-11T09:51:46","guid":{"rendered":"https:\/\/minutobahia24h.com.br\/?p=39051"},"modified":"2025-12-11T06:51:48","modified_gmt":"2025-12-11T09:51:48","slug":"prefeito-de-dias-davila-e-obrigado-a-nomear-aprovados-em-concurso","status":"publish","type":"post","link":"https:\/\/minutobahia24h.com.br\/?p=39051","title":{"rendered":"Prefeito de Dias d&#8217;\u00c1vila \u00e9 obrigado a nomear aprovados em concurso"},"content":{"rendered":"<div class=\"wp-block-image\">\n<figure class=\"aligncenter size-full\"><img data-recalc-dims=\"1\" fetchpriority=\"high\" decoding=\"async\" width=\"750\" height=\"513\" src=\"https:\/\/i0.wp.com\/minutobahia24h.com.br\/wp-content\/uploads\/2025\/12\/Sem-titulo-147.jpg?resize=750%2C513&#038;ssl=1\" alt=\"\" class=\"wp-image-39052\" srcset=\"https:\/\/i0.wp.com\/minutobahia24h.com.br\/wp-content\/uploads\/2025\/12\/Sem-titulo-147.jpg?w=750&amp;ssl=1 750w, https:\/\/i0.wp.com\/minutobahia24h.com.br\/wp-content\/uploads\/2025\/12\/Sem-titulo-147.jpg?resize=300%2C205&amp;ssl=1 300w\" sizes=\"(max-width: 750px) 100vw, 750px\" \/><figcaption class=\"wp-element-caption\">Alberto Castro (PSDB), prefeito de Dias D\u00b4\u00c1vila &#8211;\u00a0Foto: Reprodu\u00e7\u00e3o | Instagram<br><br><\/figcaption><\/figure>\n<\/div>\n\n\n<p>O prefeito de&nbsp;<a href=\"https:\/\/atarde.com.br\/tags\/dias-d-avila\" target=\"_blank\" rel=\"noreferrer noopener\">Dias d\u2019\u00c1vila<\/a>, Regi\u00e3o Metropolitana de Salvador, Alberto Castro (PSDB), vai ser obrigado a nomear&nbsp;os candidatos que foram aprovados em um concurso p\u00fablico para a Secretaria Municipal da Fazenda (ISS)&nbsp;e que se enquadram no n\u00famero de vagas que estava previsto no edital do certame.<\/p>\n\n\n\n<p>De acordo com o \u00f3rg\u00e3o, a recomenda\u00e7\u00e3o visa garantir o cumprimento do princ\u00edpio constitucional do&nbsp;<a href=\"https:\/\/atarde.com.br\/tags\/concurso-publico\" target=\"_blank\" rel=\"noreferrer noopener\">concurso p\u00fablico<\/a>, evitando que cargos efetivos permane\u00e7am vagos ou sejam preenchidos por contrata\u00e7\u00f5es tempor\u00e1rias, pr\u00e1tica considerada excepcional pela legisla\u00e7\u00e3o.<\/p>\n\n\n\n<p>O&nbsp;MP-BA deu prazo de cinco dias corridos, contados do recebimento do documento, para que a gest\u00e3o municipal realize as convoca\u00e7\u00f5es.<\/p>\n\n\n\n<p>O \u00f3rg\u00e3o destaca ainda que, embora a nomea\u00e7\u00e3o deva ocorrer dentro do prazo determinado, o prefeito pode agendar as posses para o momento que considerar administrativamente mais adequado, desde que dentro dos limites da discricionariedade legal.<\/p>\n\n\n\n<p>Os candidatos aprovados e setores da sociedade civil cobram maior celeridade nas convoca\u00e7\u00f5es.<\/p>\n\n\n\n<p>A reportagem entrou em contato com a gest\u00e3o municipal e ainda aguarda resposta ao questionamento.<\/p>\n\n\n\n<h2 class=\"wp-block-heading\">Decis\u00e3o anterior<\/h2>\n\n\n\n<p>Em dezembro de 2023, a Justi\u00e7a j\u00e1 tinha atendido a um pedido do MP-BA no munic\u00edpio e determinou que a C\u00e2mara Municipal nomeasse nove candidatos aprovados no concurso de 2022, classificados dentro do n\u00famero de vagas oferecidas no edital.<\/p>\n\n\n\n<p>O MPBA relatou que a C\u00e2mara havia realizado diversas nomea\u00e7\u00f5es para cargos em comiss\u00e3o em detrimento dos candidatos aprovados no concurso, o que levou \u00e0 a\u00e7\u00e3o judicial.<\/p>\n\n\n\n<p>Atarde<\/p>\n","protected":false},"excerpt":{"rendered":"<p>O prefeito de&nbsp;Dias d\u2019\u00c1vila, Regi\u00e3o Metropolitana de Salvador, Alberto Castro (PSDB), vai ser obrigado a nomear&nbsp;os candidatos que foram aprovados em um concurso p\u00fablico para a Secretaria Municipal da Fazenda (ISS)&nbsp;e que se enquadram no n\u00famero de vagas que estava previsto no edital do certame. De acordo com o \u00f3rg\u00e3o, a recomenda\u00e7\u00e3o visa garantir o [&hellip;]<\/p>\n","protected":false},"author":2,"featured_media":39052,"comment_status":"open","ping_status":"open","sticky":false,"template":"","format":"standard","meta":{"_jetpack_memberships_contains_paid_content":false,"footnotes":""},"categories":[3],"tags":[],"class_list":["post-39051","post","type-post","status-publish","format-standard","has-post-thumbnail","hentry","category-regional"],"aioseo_notices":[],"jetpack_featured_media_url":"https:\/\/i0.wp.com\/minutobahia24h.com.br\/wp-content\/uploads\/2025\/12\/Sem-titulo-147.jpg?fit=750%2C513&ssl=1","jetpack_sharing_enabled":true,"_links":{"self":[{"href":"https:\/\/minutobahia24h.com.br\/index.php?rest_route=\/wp\/v2\/posts\/39051","targetHints":{"allow":["GET"]}}],"collection":[{"href":"https:\/\/minutobahia24h.com.br\/index.php?rest_route=\/wp\/v2\/posts"}],"about":[{"href":"https:\/\/minutobahia24h.com.br\/index.php?rest_route=\/wp\/v2\/types\/post"}],"author":[{"embeddable":true,"href":"https:\/\/minutobahia24h.com.br\/index.php?rest_route=\/wp\/v2\/users\/2"}],"replies":[{"embeddable":true,"href":"https:\/\/minutobahia24h.com.br\/index.php?rest_route=%2Fwp%2Fv2%2Fcomments&post=39051"}],"version-history":[{"count":1,"href":"https:\/\/minutobahia24h.com.br\/index.php?rest_route=\/wp\/v2\/posts\/39051\/revisions"}],"predecessor-version":[{"id":39053,"href":"https:\/\/minutobahia24h.com.br\/index.php?rest_route=\/wp\/v2\/posts\/39051\/revisions\/39053"}],"wp:featuredmedia":[{"embeddable":true,"href":"https:\/\/minutobahia24h.com.br\/index.php?rest_route=\/wp\/v2\/media\/39052"}],"wp:attachment":[{"href":"https:\/\/minutobahia24h.com.br\/index.php?rest_route=%2Fwp%2Fv2%2Fmedia&parent=39051"}],"wp:term":[{"taxonomy":"category","embeddable":true,"href":"https:\/\/minutobahia24h.com.br\/index.php?rest_route=%2Fwp%2Fv2%2Fcategories&post=39051"},{"taxonomy":"post_tag","embeddable":true,"href":"https:\/\/minutobahia24h.com.br\/index.php?rest_route=%2Fwp%2Fv2%2Ftags&post=39051"}],"curies":[{"name":"wp","href":"https:\/\/api.w.org\/{rel}","templated":true}]}}