{"id":3900,"date":"2023-11-13T07:43:38","date_gmt":"2023-11-13T10:43:38","guid":{"rendered":"https:\/\/minutobahia24h.com.br\/?p=3900"},"modified":"2023-11-13T07:43:39","modified_gmt":"2023-11-13T10:43:39","slug":"cantor-preto-da-laranjeira-anuncia-sua-pre-candidatura-a-vereador-em-andorinha-nas-eleicoes-de-2024","status":"publish","type":"post","link":"https:\/\/minutobahia24h.com.br\/?p=3900","title":{"rendered":"Cantor Preto da Laranjeira Anuncia sua Pr\u00e9-Candidatura a Vereador em Andorinha nas Elei\u00e7\u00f5es de 2024"},"content":{"rendered":"<div class=\"wp-block-image\">\n<figure class=\"aligncenter size-full\"><img data-recalc-dims=\"1\" fetchpriority=\"high\" decoding=\"async\" width=\"641\" height=\"477\" src=\"https:\/\/i0.wp.com\/minutobahia24h.com.br\/wp-content\/uploads\/2023\/11\/Sem-titulo-152.jpg?resize=641%2C477&#038;ssl=1\" alt=\"\" class=\"wp-image-3902\" srcset=\"https:\/\/i0.wp.com\/minutobahia24h.com.br\/wp-content\/uploads\/2023\/11\/Sem-titulo-152.jpg?w=641&amp;ssl=1 641w, https:\/\/i0.wp.com\/minutobahia24h.com.br\/wp-content\/uploads\/2023\/11\/Sem-titulo-152.jpg?resize=300%2C223&amp;ssl=1 300w\" sizes=\"(max-width: 641px) 100vw, 641px\" \/><\/figure>\n<\/div>\n\n\n<p class=\"has-text-align-justify\">Em um comunicado\u00a0exclusivo\u00a0ao\u00a0Portal Andorinha News, o\u00a0cantor Preto da Laranjeira\u00a0revelou sua decis\u00e3o de ingressar na corrida\u00a0pol\u00edtica<em>.<\/em> Sem filia\u00e7\u00e3o a nenhum partido,\u00a0Preto\u00a0anuncia sua\u00a0pr\u00e9-candidatura\u00a0a\u00a0<em>vereador<\/em>\u00a0nas elei\u00e7\u00f5es municipais de\u00a02024\u00a0em Andorinha. Essa not\u00edcia marca uma nova fase na vida do artista, que agora se prop\u00f5e a trazer sua paix\u00e3o e compromisso para o \u00e2mbito pol\u00edtico da cidade.<\/p>\n\n\n\n<p>andorinhanews<\/p>\n","protected":false},"excerpt":{"rendered":"<p>Em um comunicado\u00a0exclusivo\u00a0ao\u00a0Portal Andorinha News, o\u00a0cantor Preto da Laranjeira\u00a0revelou sua decis\u00e3o de ingressar na corrida\u00a0pol\u00edtica. Sem filia\u00e7\u00e3o a nenhum partido,\u00a0Preto\u00a0anuncia sua\u00a0pr\u00e9-candidatura\u00a0a\u00a0vereador\u00a0nas elei\u00e7\u00f5es municipais de\u00a02024\u00a0em Andorinha. Essa not\u00edcia marca uma nova fase na vida do artista, que agora se prop\u00f5e a trazer sua paix\u00e3o e compromisso para o \u00e2mbito pol\u00edtico da cidade. andorinhanews<\/p>\n","protected":false},"author":2,"featured_media":3902,"comment_status":"open","ping_status":"open","sticky":false,"template":"","format":"standard","meta":{"_jetpack_memberships_contains_paid_content":false,"footnotes":""},"categories":[47],"tags":[],"class_list":["post-3900","post","type-post","status-publish","format-standard","has-post-thumbnail","hentry","category-andorinha"],"aioseo_notices":[],"jetpack_featured_media_url":"https:\/\/i0.wp.com\/minutobahia24h.com.br\/wp-content\/uploads\/2023\/11\/Sem-titulo-152.jpg?fit=641%2C477&ssl=1","jetpack_sharing_enabled":true,"_links":{"self":[{"href":"https:\/\/minutobahia24h.com.br\/index.php?rest_route=\/wp\/v2\/posts\/3900","targetHints":{"allow":["GET"]}}],"collection":[{"href":"https:\/\/minutobahia24h.com.br\/index.php?rest_route=\/wp\/v2\/posts"}],"about":[{"href":"https:\/\/minutobahia24h.com.br\/index.php?rest_route=\/wp\/v2\/types\/post"}],"author":[{"embeddable":true,"href":"https:\/\/minutobahia24h.com.br\/index.php?rest_route=\/wp\/v2\/users\/2"}],"replies":[{"embeddable":true,"href":"https:\/\/minutobahia24h.com.br\/index.php?rest_route=%2Fwp%2Fv2%2Fcomments&post=3900"}],"version-history":[{"count":1,"href":"https:\/\/minutobahia24h.com.br\/index.php?rest_route=\/wp\/v2\/posts\/3900\/revisions"}],"predecessor-version":[{"id":3903,"href":"https:\/\/minutobahia24h.com.br\/index.php?rest_route=\/wp\/v2\/posts\/3900\/revisions\/3903"}],"wp:featuredmedia":[{"embeddable":true,"href":"https:\/\/minutobahia24h.com.br\/index.php?rest_route=\/wp\/v2\/media\/3902"}],"wp:attachment":[{"href":"https:\/\/minutobahia24h.com.br\/index.php?rest_route=%2Fwp%2Fv2%2Fmedia&parent=3900"}],"wp:term":[{"taxonomy":"category","embeddable":true,"href":"https:\/\/minutobahia24h.com.br\/index.php?rest_route=%2Fwp%2Fv2%2Fcategories&post=3900"},{"taxonomy":"post_tag","embeddable":true,"href":"https:\/\/minutobahia24h.com.br\/index.php?rest_route=%2Fwp%2Fv2%2Ftags&post=3900"}],"curies":[{"name":"wp","href":"https:\/\/api.w.org\/{rel}","templated":true}]}}