{"id":38837,"date":"2025-12-05T07:11:47","date_gmt":"2025-12-05T10:11:47","guid":{"rendered":"https:\/\/minutobahia24h.com.br\/?p=38837"},"modified":"2025-12-05T07:11:49","modified_gmt":"2025-12-05T10:11:49","slug":"alcolumbre-se-irrita-com-declaracao-de-lula-sobre-sequestro-do-orcamento-e-reclama-com-palacio","status":"publish","type":"post","link":"https:\/\/minutobahia24h.com.br\/?p=38837","title":{"rendered":"Alcolumbre se irrita com declara\u00e7\u00e3o de Lula sobre sequestro do Or\u00e7amento e reclama com Pal\u00e1cio"},"content":{"rendered":"<div class=\"wp-block-image\">\n<figure class=\"aligncenter size-large\"><img data-recalc-dims=\"1\" fetchpriority=\"high\" decoding=\"async\" width=\"800\" height=\"420\" src=\"https:\/\/i0.wp.com\/minutobahia24h.com.br\/wp-content\/uploads\/2025\/12\/Sem-titulo-90-1024x537.jpg?resize=800%2C420&#038;ssl=1\" alt=\"\" class=\"wp-image-38838\" srcset=\"https:\/\/i0.wp.com\/minutobahia24h.com.br\/wp-content\/uploads\/2025\/12\/Sem-titulo-90.jpg?resize=1024%2C537&amp;ssl=1 1024w, https:\/\/i0.wp.com\/minutobahia24h.com.br\/wp-content\/uploads\/2025\/12\/Sem-titulo-90.jpg?resize=300%2C157&amp;ssl=1 300w, https:\/\/i0.wp.com\/minutobahia24h.com.br\/wp-content\/uploads\/2025\/12\/Sem-titulo-90.jpg?resize=768%2C403&amp;ssl=1 768w, https:\/\/i0.wp.com\/minutobahia24h.com.br\/wp-content\/uploads\/2025\/12\/Sem-titulo-90.jpg?resize=750%2C393&amp;ssl=1 750w, https:\/\/i0.wp.com\/minutobahia24h.com.br\/wp-content\/uploads\/2025\/12\/Sem-titulo-90.jpg?resize=1140%2C598&amp;ssl=1 1140w, https:\/\/i0.wp.com\/minutobahia24h.com.br\/wp-content\/uploads\/2025\/12\/Sem-titulo-90.jpg?w=1200&amp;ssl=1 1200w\" sizes=\"(max-width: 800px) 100vw, 800px\" \/><figcaption class=\"wp-element-caption\">Foto: Fabio Rodrigues-Pozzebom \/ Ag\u00eancia Brasil<br><\/figcaption><\/figure>\n<\/div>\n\n\n<p>O presidente do Senado Federal, Davi Alcolumbre (Uni\u00e3o Brasil-AP), se irritou com a fala do presidente Lula (PT), de que o Congresso teria sequestrado o Or\u00e7amento por meio das emendas parlamentares, e reclamou com integrantes do Pal\u00e1cio do Planalto. A liga\u00e7\u00e3o ocorreu em frente a outros congressistas, enquanto ele ainda presidia a sess\u00e3o.\u00a0<\/p>\n\n\n\n<p>Lula criticou o volume de emendas parlamentares durante a 6\u00aa reuni\u00e3o do Conselh\u00e3o nesta quinta, com empres\u00e1rios e representantes da sociedade civil. &#8220;N\u00e3o concordo com as emendas impositivas. Eu acho que o fato de o Congresso Nacional sequestrar 50% do Or\u00e7amento da Uni\u00e3o \u00e9 um grave erro hist\u00f3rico. Mas voc\u00ea s\u00f3 vai acabar com isso quando mudar as pessoas que governam e que aprovam isso&#8221;, declarou o petista.\u00a0<\/p>\n\n\n\n<p>A fala incomodou deputados e senadores da base aliada que estavam no plen\u00e1rio da C\u00e2mara dos Deputados para uma sess\u00e3o do Congresso. Um deputado ligou para o secret\u00e1rio especial de Assuntos Parlamentares da SRI (Secretaria de Rela\u00e7\u00f5es Institucionais), Andr\u00e9 Ceciliano, e repassou o telefone para o presidente do Senado.\u00a0<\/p>\n\n\n\n<p>De acordo com parlamentares, Alcolumbre questionou, em frente aos demais, &#8220;que sequestro&#8221; seria este, j\u00e1 que estava trabalhando para aprovar a LDO (Lei de Diretrizes Or\u00e7ament\u00e1rias) como queria o governo e ainda atuado para ajudar os Correios, com uma mudan\u00e7a na meta fiscal das estatais que permite que o Executivo n\u00e3o tenha que cortar despesas para compensar o preju\u00edzo maior que a empresa deve registrar em 2026.\u00a0<\/p>\n\n\n\n<p>As emendas parlamentares s\u00e3o motivo de atritos entre os Poderes ao longo do atual mandato de Lula. O ministro do STF Fl\u00e1vio Dino chegou a bloquear a execu\u00e7\u00e3o desses recursos, exigindo mais transpar\u00eancia, o que os congressistas viram como uma atua\u00e7\u00e3o do pr\u00f3prio Planalto para enfraquec\u00ea-los.\u00a0<\/p>\n\n\n\n<p>Procurados pela reportagem, Alcolumbre e Ceciliano n\u00e3o comentaram.\u00a0<\/p>\n\n\n\n<p>Congressistas afirmaram \u00e0 Folha de S.Paulo que a fala de Lula piora o clima no Legislativo e que poderia ser relevada em um momento de maior tranquilidade na rela\u00e7\u00e3o, mas que a atual conjuntura faz com que os \u00e2nimos estejam mais tensos.\u00a0<\/p>\n\n\n\n<p>Alcolumbre est\u00e1 afastado do Pal\u00e1cio do Planalto desde que o presidente escolheu o ministro da AGU (Advocacia-Geral da Uni\u00e3o), Jorge Messias, para a vaga do STF (Supremo Tribunal Federal). O presidente do Senado defendia que o indicado fosse o senador Rodrigo Pacheco (PSD-MG), um de seus principais aliados.\u00a0<\/p>\n\n\n\n<p>Ele passou a atuar diretamente para derrotar Lula na vota\u00e7\u00e3o, o que fez o presidente adiar a formaliza\u00e7\u00e3o do escolhido para segurar a sabatina para o pr\u00f3ximo ano. A sess\u00e3o desta quinta-feira foi a primeira de maior reconcilia\u00e7\u00e3o entre o governo e o presidente do Senado, com a LDO aprovada por consenso e negociada com o Pal\u00e1cio do Planalto.\u00a0<\/p>\n\n\n\n<p>O presidente da Rep\u00fablica tem dito a aliados que pretende encontrar com Alcolumbre para conversar e acertar a rela\u00e7\u00e3o. At\u00e9 a indica\u00e7\u00e3o de Messias, o presidente do Senado era o principal aliado do petista dentro do Congresso e fazia um contraponto com o presidente da C\u00e2mara, Hugo Motta (Republicanos-PB), com quem o Planalto vive uma rela\u00e7\u00e3o de desconfian\u00e7a.<\/p>\n\n\n\n<p>BN<\/p>\n","protected":false},"excerpt":{"rendered":"<p>O presidente do Senado Federal, Davi Alcolumbre (Uni\u00e3o Brasil-AP), se irritou com a fala do presidente Lula (PT), de que o Congresso teria sequestrado o Or\u00e7amento por meio das emendas parlamentares, e reclamou com integrantes do Pal\u00e1cio do Planalto. A liga\u00e7\u00e3o ocorreu em frente a outros congressistas, enquanto ele ainda presidia a sess\u00e3o.\u00a0 Lula criticou [&hellip;]<\/p>\n","protected":false},"author":2,"featured_media":38838,"comment_status":"open","ping_status":"open","sticky":false,"template":"","format":"standard","meta":{"_jetpack_memberships_contains_paid_content":false,"footnotes":""},"categories":[39],"tags":[],"class_list":["post-38837","post","type-post","status-publish","format-standard","has-post-thumbnail","hentry","category-politica"],"aioseo_notices":[],"jetpack_featured_media_url":"https:\/\/i0.wp.com\/minutobahia24h.com.br\/wp-content\/uploads\/2025\/12\/Sem-titulo-90.jpg?fit=1200%2C629&ssl=1","jetpack_sharing_enabled":true,"_links":{"self":[{"href":"https:\/\/minutobahia24h.com.br\/index.php?rest_route=\/wp\/v2\/posts\/38837","targetHints":{"allow":["GET"]}}],"collection":[{"href":"https:\/\/minutobahia24h.com.br\/index.php?rest_route=\/wp\/v2\/posts"}],"about":[{"href":"https:\/\/minutobahia24h.com.br\/index.php?rest_route=\/wp\/v2\/types\/post"}],"author":[{"embeddable":true,"href":"https:\/\/minutobahia24h.com.br\/index.php?rest_route=\/wp\/v2\/users\/2"}],"replies":[{"embeddable":true,"href":"https:\/\/minutobahia24h.com.br\/index.php?rest_route=%2Fwp%2Fv2%2Fcomments&post=38837"}],"version-history":[{"count":1,"href":"https:\/\/minutobahia24h.com.br\/index.php?rest_route=\/wp\/v2\/posts\/38837\/revisions"}],"predecessor-version":[{"id":38839,"href":"https:\/\/minutobahia24h.com.br\/index.php?rest_route=\/wp\/v2\/posts\/38837\/revisions\/38839"}],"wp:featuredmedia":[{"embeddable":true,"href":"https:\/\/minutobahia24h.com.br\/index.php?rest_route=\/wp\/v2\/media\/38838"}],"wp:attachment":[{"href":"https:\/\/minutobahia24h.com.br\/index.php?rest_route=%2Fwp%2Fv2%2Fmedia&parent=38837"}],"wp:term":[{"taxonomy":"category","embeddable":true,"href":"https:\/\/minutobahia24h.com.br\/index.php?rest_route=%2Fwp%2Fv2%2Fcategories&post=38837"},{"taxonomy":"post_tag","embeddable":true,"href":"https:\/\/minutobahia24h.com.br\/index.php?rest_route=%2Fwp%2Fv2%2Ftags&post=38837"}],"curies":[{"name":"wp","href":"https:\/\/api.w.org\/{rel}","templated":true}]}}