{"id":3876,"date":"2023-11-13T07:19:52","date_gmt":"2023-11-13T10:19:52","guid":{"rendered":"https:\/\/minutobahia24h.com.br\/?p=3876"},"modified":"2023-11-13T07:19:53","modified_gmt":"2023-11-13T10:19:53","slug":"associacao-dos-reassentados-realiza-assembleia-e-aprova-alteracao-estatutaria","status":"publish","type":"post","link":"https:\/\/minutobahia24h.com.br\/?p=3876","title":{"rendered":"Associa\u00e7\u00e3o dos Reassentados realiza assembleia e aprova altera\u00e7\u00e3o estatut\u00e1ria"},"content":{"rendered":"<div class=\"wp-block-image\">\n<figure class=\"aligncenter size-full\"><img data-recalc-dims=\"1\" fetchpriority=\"high\" decoding=\"async\" width=\"800\" height=\"600\" src=\"https:\/\/i0.wp.com\/minutobahia24h.com.br\/wp-content\/uploads\/2023\/11\/Sem-titulo-146.jpg?resize=800%2C600&#038;ssl=1\" alt=\"\" class=\"wp-image-3878\" srcset=\"https:\/\/i0.wp.com\/minutobahia24h.com.br\/wp-content\/uploads\/2023\/11\/Sem-titulo-146.jpg?w=1024&amp;ssl=1 1024w, https:\/\/i0.wp.com\/minutobahia24h.com.br\/wp-content\/uploads\/2023\/11\/Sem-titulo-146.jpg?resize=300%2C225&amp;ssl=1 300w, https:\/\/i0.wp.com\/minutobahia24h.com.br\/wp-content\/uploads\/2023\/11\/Sem-titulo-146.jpg?resize=768%2C576&amp;ssl=1 768w, https:\/\/i0.wp.com\/minutobahia24h.com.br\/wp-content\/uploads\/2023\/11\/Sem-titulo-146.jpg?resize=750%2C563&amp;ssl=1 750w\" sizes=\"(max-width: 800px) 100vw, 800px\" \/><\/figure>\n<\/div>\n\n\n<p>A Associa\u00e7\u00e3o dos Reassentados realizou uma assembleia no dia 30 de outubro, na qual foi aprovada por unanimidade uma altera\u00e7\u00e3o estatut\u00e1ria significativa. Al\u00e9m disso, a atual gest\u00e3o teve seu mandato prorrogado at\u00e9 fevereiro de 2026, decis\u00e3o que contou com o apoio de todos os presentes.<\/p>\n\n\n\n<p>Com essa mudan\u00e7a estatut\u00e1ria, a composi\u00e7\u00e3o da diretoria permanece a mesma, mantendo-se comprometida com o desenvolvimento e representa\u00e7\u00e3o dos reassentados. A equipe \u00e9 liderada por Joelson Silva Santos como presidente, acompanhado por Ivonete Silva Costa como vice-presidente, Amilton Barbosa da Silva como secret\u00e1rio, Edson Lopes da Silva como 2\u00ba secret\u00e1rio, Jailson Almeida dos Santos como 1\u00ba tesoureiro, Gilberto Gama de Oliveira como 2\u00ba tesoureiro, e demais membros do Conselho Fiscal.<\/p>\n\n\n\n<figure class=\"wp-block-image\"><a href=\"https:\/\/i0.wp.com\/blogger.googleusercontent.com\/img\/b\/R29vZ2xl\/AVvXsEhflQn6mFQoSQkd8krlzFL3R84sl9gmK5U9hTR6S4yjwjtCZF_pHySlFLtD0Eb1i3INwkL9_ERA8zpK3TbnHqXoBp1v08A9mjX993uWHKatU57NaljafPOybbzmIS4Sm5OqWgSBNlV8zjdm5rUi9EFlPB_tBxi5-KEN6VR2XRXHnFUQe0xmaveAX1X1RJfl\/s1024\/WhatsApp%20Image%202023-11-08%20at%2010.53.08.jpeg?ssl=1\"><img data-recalc-dims=\"1\" decoding=\"async\" src=\"https:\/\/i0.wp.com\/blogger.googleusercontent.com\/img\/b\/R29vZ2xl\/AVvXsEhflQn6mFQoSQkd8krlzFL3R84sl9gmK5U9hTR6S4yjwjtCZF_pHySlFLtD0Eb1i3INwkL9_ERA8zpK3TbnHqXoBp1v08A9mjX993uWHKatU57NaljafPOybbzmIS4Sm5OqWgSBNlV8zjdm5rUi9EFlPB_tBxi5-KEN6VR2XRXHnFUQe0xmaveAX1X1RJfl\/s16000\/WhatsApp%20Image%202023-11-08%20at%2010.53.08.jpeg?w=800&#038;ssl=1\" alt=\"\"\/><\/a><\/figure>\n\n\n\n<p>Essa decis\u00e3o refor\u00e7a o compromisso da associa\u00e7\u00e3o em continuar trabalhando pelo bem-estar e interesses dos reassentados, mantendo a estabilidade e a efici\u00eancia na gest\u00e3o da entidade.<\/p>\n\n\n\n<p>interativapn<\/p>\n","protected":false},"excerpt":{"rendered":"<p>A Associa\u00e7\u00e3o dos Reassentados realizou uma assembleia no dia 30 de outubro, na qual foi aprovada por unanimidade uma altera\u00e7\u00e3o estatut\u00e1ria significativa. Al\u00e9m disso, a atual gest\u00e3o teve seu mandato prorrogado at\u00e9 fevereiro de 2026, decis\u00e3o que contou com o apoio de todos os presentes. Com essa mudan\u00e7a estatut\u00e1ria, a composi\u00e7\u00e3o da diretoria permanece a [&hellip;]<\/p>\n","protected":false},"author":2,"featured_media":3878,"comment_status":"open","ping_status":"open","sticky":false,"template":"","format":"standard","meta":{"_jetpack_memberships_contains_paid_content":false,"footnotes":""},"categories":[3],"tags":[],"class_list":["post-3876","post","type-post","status-publish","format-standard","has-post-thumbnail","hentry","category-regional"],"aioseo_notices":[],"jetpack_featured_media_url":"https:\/\/i0.wp.com\/minutobahia24h.com.br\/wp-content\/uploads\/2023\/11\/Sem-titulo-146.jpg?fit=1024%2C768&ssl=1","jetpack_sharing_enabled":true,"_links":{"self":[{"href":"https:\/\/minutobahia24h.com.br\/index.php?rest_route=\/wp\/v2\/posts\/3876","targetHints":{"allow":["GET"]}}],"collection":[{"href":"https:\/\/minutobahia24h.com.br\/index.php?rest_route=\/wp\/v2\/posts"}],"about":[{"href":"https:\/\/minutobahia24h.com.br\/index.php?rest_route=\/wp\/v2\/types\/post"}],"author":[{"embeddable":true,"href":"https:\/\/minutobahia24h.com.br\/index.php?rest_route=\/wp\/v2\/users\/2"}],"replies":[{"embeddable":true,"href":"https:\/\/minutobahia24h.com.br\/index.php?rest_route=%2Fwp%2Fv2%2Fcomments&post=3876"}],"version-history":[{"count":1,"href":"https:\/\/minutobahia24h.com.br\/index.php?rest_route=\/wp\/v2\/posts\/3876\/revisions"}],"predecessor-version":[{"id":3879,"href":"https:\/\/minutobahia24h.com.br\/index.php?rest_route=\/wp\/v2\/posts\/3876\/revisions\/3879"}],"wp:featuredmedia":[{"embeddable":true,"href":"https:\/\/minutobahia24h.com.br\/index.php?rest_route=\/wp\/v2\/media\/3878"}],"wp:attachment":[{"href":"https:\/\/minutobahia24h.com.br\/index.php?rest_route=%2Fwp%2Fv2%2Fmedia&parent=3876"}],"wp:term":[{"taxonomy":"category","embeddable":true,"href":"https:\/\/minutobahia24h.com.br\/index.php?rest_route=%2Fwp%2Fv2%2Fcategories&post=3876"},{"taxonomy":"post_tag","embeddable":true,"href":"https:\/\/minutobahia24h.com.br\/index.php?rest_route=%2Fwp%2Fv2%2Ftags&post=3876"}],"curies":[{"name":"wp","href":"https:\/\/api.w.org\/{rel}","templated":true}]}}