{"id":3860,"date":"2023-11-13T07:04:16","date_gmt":"2023-11-13T10:04:16","guid":{"rendered":"https:\/\/minutobahia24h.com.br\/?p=3860"},"modified":"2023-11-13T07:04:18","modified_gmt":"2023-11-13T10:04:18","slug":"delegado-preso-apos-dar-tapa-em-mulher-ja-e-reu-por-violencia-domestica-e-embriaguez-ao-volante","status":"publish","type":"post","link":"https:\/\/minutobahia24h.com.br\/?p=3860","title":{"rendered":"Delegado preso ap\u00f3s dar tapa em mulher j\u00e1 \u00e9 r\u00e9u por viol\u00eancia dom\u00e9stica e embriaguez ao volante"},"content":{"rendered":"<div class=\"wp-block-image\">\n<figure class=\"aligncenter size-full\"><img data-recalc-dims=\"1\" fetchpriority=\"high\" decoding=\"async\" width=\"800\" height=\"452\" src=\"https:\/\/i0.wp.com\/minutobahia24h.com.br\/wp-content\/uploads\/2023\/11\/Sem-titulo-142.jpg?resize=800%2C452&#038;ssl=1\" alt=\"\" class=\"wp-image-3862\" srcset=\"https:\/\/i0.wp.com\/minutobahia24h.com.br\/wp-content\/uploads\/2023\/11\/Sem-titulo-142.jpg?w=981&amp;ssl=1 981w, https:\/\/i0.wp.com\/minutobahia24h.com.br\/wp-content\/uploads\/2023\/11\/Sem-titulo-142.jpg?resize=300%2C169&amp;ssl=1 300w, https:\/\/i0.wp.com\/minutobahia24h.com.br\/wp-content\/uploads\/2023\/11\/Sem-titulo-142.jpg?resize=768%2C434&amp;ssl=1 768w, https:\/\/i0.wp.com\/minutobahia24h.com.br\/wp-content\/uploads\/2023\/11\/Sem-titulo-142.jpg?resize=750%2C424&amp;ssl=1 750w\" sizes=\"(max-width: 800px) 100vw, 800px\" \/><figcaption class=\"wp-element-caption\">Delegado da cidade de Aurora agride mulher ap\u00f3s se envolver em acidente de tr\u00e2nsito na madrugada deste s\u00e1bado \u2014 Foto: Reprodu\u00e7\u00e3o<br><\/figcaption><\/figure>\n<\/div>\n\n\n<p>O delegado de Pol\u00edcia Civil\u00a0<strong>Paulo Hernesto Pereira Tavares<\/strong>, preso ap\u00f3s ser\u00a0<a class=\"\" href=\"https:\/\/g1.globo.com\/ce\/ceara\/cariri\/noticia\/2023\/11\/11\/delegado-se-envolve-em-acidente-e-da-tapa-em-mulher-na-frente-de-policiais-no-ceara.ghtml\">flagrado dando tapa no rosto de uma mulher depois um acidente<\/a>\u00a0de tr\u00e2nsito, j\u00e1 \u00e9\u00a0<strong>r\u00e9u pelos crimes de viol\u00eancia dom\u00e9stica e embriaguez ao volante.<\/strong> No s\u00e1bado (11), o delegado se envolveu em um acidente de tr\u00e2nsito depois de perseguir um adolescente e discutiu com moradores, no que foi filmado dando o tapa na mulher. No mesmo dia ele foi detido e\u00a0<a class=\"\" href=\"https:\/\/g1.globo.com\/ce\/ceara\/noticia\/2023\/11\/12\/delegado-que-deu-tapa-no-rosto-de-mulher-e-liberado-apos-pagar-fianca.ghtml\">solto mediante pagamento de fian\u00e7a<\/a>. No domingo (12),\u00a0<a class=\"\" href=\"https:\/\/g1.globo.com\/ce\/ceara\/noticia\/2023\/11\/12\/justica-decreta-prisao-de-delegado-que-deu-tapa-no-rosto-de-mulher.ghtml\">o delegado teve a pris\u00e3o preventiva decretada\u00a0<\/a>pela Justi\u00e7a cearense a pedido do Minist\u00e9rio P\u00fablico do Cear\u00e1 (MPCE).<\/p>\n\n\n\n<p>Conforme despacho da Justi\u00e7a e o pedido de pris\u00e3o, aos quais o&nbsp;<a class=\"\" href=\"http:\/\/g1.com.br\/ce\" target=\"_blank\" rel=\"noreferrer noopener\">g1&nbsp;<\/a>teve acesso, Paulo Hernesto \u00e9&nbsp;r\u00e9u em um processo pelo crime de embriaguez ao volante&nbsp;referente a um acidente de tr\u00e2nsito em que se envolveu em fevereiro de 2022. Desde outubro de 2020, o delegado tamb\u00e9m \u00e9&nbsp;r\u00e9u pelo crime de viol\u00eancia dom\u00e9stica contra a ent\u00e3o companheira.<\/p>\n\n\n\n<blockquote class=\"wp-block-quote is-layout-flow wp-block-quote-is-layout-flow\">\n<p>&#8220;Como se percebe, h\u00e1 reitera\u00e7\u00e3o delitiva, h\u00e1 dois fatos criminosos j\u00e1 apurados em a\u00e7\u00e3o penal em curso, um em 2022, outro em 2020. Agora em 2023, h\u00e1 grave reitera\u00e7\u00e3o&#8221;, aponta o Minist\u00e9rio P\u00fablico no pedido de pris\u00e3o preventiva.<\/p>\n<\/blockquote>\n\n\n\n<p>Al\u00e9m dos processos em que \u00e9 r\u00e9u,&nbsp;o delegado tamb\u00e9m \u00e9 investigado pelo crime de prevarica\u00e7\u00e3o, que \u00e9 um crime praticado quando funcion\u00e1rio p\u00fablico deixar de cumprir sua fun\u00e7\u00e3o ou retarda seus atos de trabalho indevidamente para satisfazer interesses pessoais.<\/p>\n\n\n\n<p>Ap\u00f3s a repercuss\u00e3o do caso, Paulo Hernesto foi afastado das fun\u00e7\u00f5es e impedido de exercer o cargo de delegado durante a investiga\u00e7\u00e3o do caso. Tamb\u00e9m foram retidos a identifica\u00e7\u00e3o funcional, o distintivo, a arma, a algema e instrumentos funcionais.<\/p>\n\n\n\n<h2 class=\"wp-block-heading\">Como foi a agress\u00e3o<\/h2>\n\n\n\n<p>O homem atuava como delegado nas cidades de&nbsp;<a class=\"\" href=\"https:\/\/g1.globo.com\/ce\/ceara\/cidade\/aurora-ce\/\">Aurora<\/a>&nbsp;e Barro. Ele se envolveu em acidente de tr\u00e2nsito e passou a discutir com outras pessoas presentes no local. Conforme apura\u00e7\u00f5es iniciais da Pol\u00edcia, ele estaria perseguindo um adolescente e tentava atropel\u00e1-lo antes de subir a cal\u00e7ada com o carro e bater em uma \u00e1rvore e no muro da resid\u00eancia.<\/p>\n\n\n\n<p>Na sequ\u00eancia, ele se envolveu em uma briga com moradores que estavam no local. Enquanto era filmado por testemunhas, ele agrediu uma das mulheres presentes com um tapa. Ainda conforme a apura\u00e7\u00e3o que baseou o seu afastamento, ele aparentava estar embriagado nesse momento.<\/p>\n\n\n\n<p>Policiais militares da For\u00e7a T\u00e1tica e do Batalh\u00e3o de Rodas e A\u00e7\u00f5es Intensivas e Ostensivas estavam presentes e tentaram acalmar os \u00e2nimos, mas n\u00e3o intervieram diretamente depois da agress\u00e3o.<\/p>\n\n\n\n<figure class=\"wp-block-image\"><img data-recalc-dims=\"1\" decoding=\"async\" src=\"https:\/\/i0.wp.com\/s2-g1.glbimg.com\/66Eqd6Kwc5S_DliImfNgE1IuF98%3D\/0x0%3A1600x900\/984x0\/smart\/filters%3Astrip_icc%28%29\/i.s3.glbimg.com\/v1\/AUTH_59edd422c0c84a879bd37670ae4f538a\/internal_photos\/bs\/2023\/r\/9\/pDGgRVQAWbqpZ1L7Mzhw\/carro-delegado-aurora-acidente-transito.jpg?w=800&#038;ssl=1\" alt=\"Ve\u00edculo envolvido no acidente com o delegado de Aurora na madrugada deste s\u00e1bado (11) \u2014 Foto: Reprodu\u00e7\u00e3o\"\/><\/figure>\n\n\n\n<p>Ve\u00edculo envolvido no acidente com o delegado de Aurora na madrugada deste s\u00e1bado (11) \u2014 Foto: Reprodu\u00e7\u00e3o<\/p>\n\n\n\n<p>Ap\u00f3s dar o tapa na mulher, Paulo Hernesto ainda proferiu v\u00e1rios xingamentos em dire\u00e7\u00e3o \u00e0 v\u00edtima e a um homem, que se identificou como tio dela. O homem questionou o delegado sobre a agress\u00e3o. No v\u00eddeo, \u00e9 poss\u00edvel ver que os policiais tentam evitar que o delegado e o tio da mulher se aproximem.<\/p>\n\n\n\n<p>Uma terceira pessoa, n\u00e3o identificada, acompanhava o delegado e teria tentado agredir os policiais militares presentes, sendo algemada e conduzida \u00e0 Delegacia Regional de Brejo Santo.<\/p>\n\n\n\n<p>Antes de ser conduzido \u00e0 delegacia, Paulo Hernesto ainda foi levado para o posto da Pol\u00edcia Rodovi\u00e1ria Federal para realizar o teste do baf\u00f4metro. Ele se recusou a realizar o exame, mas teria sido filmado pelos policiais afirmando que tinha bebido.<\/p>\n\n\n\n<p>Apesar da agress\u00e3o filmada contra a mulher e as agress\u00f5es contra outras duas pessoas testemunhadas por moradores, na delegacia&nbsp;<strong>o auto de pris\u00e3o em flagrante lavrado contra Paulo Hernesto foi apenas o de embriaguez ao volante.<\/strong><\/p>\n\n\n\n<p>Em nota, a Pol\u00edcia Civil do Estado do Cear\u00e1 informou que repudia os fatos ocorridos, afirmando que eles \u201cn\u00e3o condizem com as diretrizes da institui\u00e7\u00e3o\u201d. Segundo a nota, o delegado-geral M\u00e1rcio Gutierrez determinou apura\u00e7\u00e3o do caso pela Assessoria de Apura\u00e7\u00e3o de Transgress\u00f5es Disciplinares da Pol\u00edcia Civil.<\/p>\n\n\n\n<p>A Controladoria Geral de Disciplina dos \u00d3rg\u00e3os da Seguran\u00e7a P\u00fablica e Sistema Penitenci\u00e1rio (CGD) tamb\u00e9m determinou instaura\u00e7\u00e3o imediata de procedimento disciplinar para devida apura\u00e7\u00e3o. O procedimento est\u00e1 em andamento na Delegacia Municipal de Brejo Santo.<\/p>\n\n\n\n<h2 class=\"wp-block-heading\">Governador determina afastamento<\/h2>\n\n\n\n<p>O governador do Cear\u00e1, Elmano de Freitas, se manifestou nas redes sociais ap\u00f3s a circula\u00e7\u00e3o do v\u00eddeo que mostra a agress\u00e3o e informou que determinou o afastamento do delegado.<\/p>\n\n\n\n<p>&#8220;Determinei o afastamento imediato dele das fun\u00e7\u00f5es e submeti o caso \u00e0 Controladoria Geral de Disciplina dos \u00d3rg\u00e3os de Seguran\u00e7a P\u00fablica (CGD). Um processo disciplinar, inclusive, j\u00e1 foi aberto pelo \u00f3rg\u00e3o. O Governo do Estado do Cear\u00e1 n\u00e3o admite esse tipo de comportamento, principalmente por parte de um agente de seguran\u00e7a, que tem por dever zelar pela seguran\u00e7a da nossa popula\u00e7\u00e3o&#8221;, publicou Elmano de Freitas.<\/p>\n\n\n\n<p>Em nota, o Governo do Cear\u00e1 e suas For\u00e7as de Seguran\u00e7a refor\u00e7aram a mensagem de rep\u00fadio \u00e0 a\u00e7\u00e3o do delegado. &#8220;O respeito ao pr\u00f3ximo e a defesa da sociedade s\u00e3o valores indispens\u00e1veis aos servidores da Seguran\u00e7a P\u00fablica do Cear\u00e1 e desvios n\u00e3o ser\u00e3o tolerados&#8221;, diz a nota, que tamb\u00e9m confirma que&nbsp;Paulo Hernesto j\u00e1 foi afastado de suas fun\u00e7\u00f5es.<\/p>\n\n\n\n<p>Na portaria publicada no Di\u00e1rio Oficial, a CGD instaurou procedimento administrativo-disciplinar e determina que sejam retidos do delegado a identifica\u00e7\u00e3o funcional, o distintivo, a arma, a algema e qualquer outro instrumento funcional.<\/p>\n\n\n\n<h2 class=\"wp-block-heading\">Advogado da v\u00edtima diz ter sido amea\u00e7ado<\/h2>\n\n\n\n<p>Na tarde deste s\u00e1bado (11), o advogado Gl\u00eadson Carlos, contratado para defender v\u00edtimas da agress\u00e3o, relatou que foi amea\u00e7ado pelo delegado. Segundo Gl\u00eadson, isso aconteceu quando chegou \u00e0 delegacia de Brejo Santo, ainda pela manh\u00e3.<\/p>\n\n\n\n<blockquote class=\"wp-block-quote is-layout-flow wp-block-quote-is-layout-flow\">\n<p>&#8220;Ao cumprimentar os clientes e buscar entendimento do que estava acontecendo, fomos interpelados pelo pr\u00f3prio delegado de Pol\u00edcia, que circulava nas depend\u00eancias da delegacia livremente e que tentou nos encostar na parede, fazendo algumas explana\u00e7\u00f5es de amea\u00e7a&#8230; Perguntando se (eu) j\u00e1 tinha andado de viatura. Ao responder negativamente, ele disse que, na pr\u00f3xima semana, eu iria andar de viatura numa viagem bem conturbada&#8221;, relatou o advogado.<\/p>\n<\/blockquote>\n\n\n\n<p>Gl\u00eadson afirmou que Paulo Hernesto ainda seguiu proferindo xingamentos contra ele e contra as v\u00edtimas, com palavras como &#8220;vagabundo&#8221; e &#8220;pilantras&#8221;.<\/p>\n\n\n\n<p>Ainda de acordo com o advogado, algumas v\u00edtimas estavam em estado de choque. Uma das pessoas que estava nesta condi\u00e7\u00e3o era a mulher que levou o tapa do delegado. Ela preferiu n\u00e3o ter a identidade revelada por temer pela pr\u00f3pria seguran\u00e7a.<\/p>\n\n\n\n<p>Diante da tentativa de intimida\u00e7\u00e3o, o advogado solicitou a presen\u00e7a de representantes da OAB Cear\u00e1 &#8211; Subsec\u00e7\u00e3o Cariri Oriental, que foram at\u00e9 a delegacia e est\u00e3o acompanhando o caso.<\/p>\n\n\n\n<p>O advogado detalha que o delegado poder\u00e1 responder pelos crimes de amea\u00e7a, cal\u00fania, inj\u00faria, difama\u00e7\u00e3o, viola\u00e7\u00e3o \u00e0s prerrogativas da advocacia e at\u00e9 tentativa de homic\u00eddio, com base no relato de testemunhas de que ele teria tentado atropelar um adolescente antes do acidente.<\/p>\n","protected":false},"excerpt":{"rendered":"<p>O delegado de Pol\u00edcia Civil\u00a0Paulo Hernesto Pereira Tavares, preso ap\u00f3s ser\u00a0flagrado dando tapa no rosto de uma mulher depois um acidente\u00a0de tr\u00e2nsito, j\u00e1 \u00e9\u00a0r\u00e9u pelos crimes de viol\u00eancia dom\u00e9stica e embriaguez ao volante. No s\u00e1bado (11), o delegado se envolveu em um acidente de tr\u00e2nsito depois de perseguir um adolescente e discutiu com moradores, no [&hellip;]<\/p>\n","protected":false},"author":2,"featured_media":3862,"comment_status":"open","ping_status":"open","sticky":false,"template":"","format":"standard","meta":{"_jetpack_memberships_contains_paid_content":false,"footnotes":""},"categories":[46],"tags":[],"class_list":["post-3860","post","type-post","status-publish","format-standard","has-post-thumbnail","hentry","category-noticia"],"aioseo_notices":[],"jetpack_featured_media_url":"https:\/\/i0.wp.com\/minutobahia24h.com.br\/wp-content\/uploads\/2023\/11\/Sem-titulo-142.jpg?fit=981%2C554&ssl=1","jetpack_sharing_enabled":true,"_links":{"self":[{"href":"https:\/\/minutobahia24h.com.br\/index.php?rest_route=\/wp\/v2\/posts\/3860","targetHints":{"allow":["GET"]}}],"collection":[{"href":"https:\/\/minutobahia24h.com.br\/index.php?rest_route=\/wp\/v2\/posts"}],"about":[{"href":"https:\/\/minutobahia24h.com.br\/index.php?rest_route=\/wp\/v2\/types\/post"}],"author":[{"embeddable":true,"href":"https:\/\/minutobahia24h.com.br\/index.php?rest_route=\/wp\/v2\/users\/2"}],"replies":[{"embeddable":true,"href":"https:\/\/minutobahia24h.com.br\/index.php?rest_route=%2Fwp%2Fv2%2Fcomments&post=3860"}],"version-history":[{"count":1,"href":"https:\/\/minutobahia24h.com.br\/index.php?rest_route=\/wp\/v2\/posts\/3860\/revisions"}],"predecessor-version":[{"id":3863,"href":"https:\/\/minutobahia24h.com.br\/index.php?rest_route=\/wp\/v2\/posts\/3860\/revisions\/3863"}],"wp:featuredmedia":[{"embeddable":true,"href":"https:\/\/minutobahia24h.com.br\/index.php?rest_route=\/wp\/v2\/media\/3862"}],"wp:attachment":[{"href":"https:\/\/minutobahia24h.com.br\/index.php?rest_route=%2Fwp%2Fv2%2Fmedia&parent=3860"}],"wp:term":[{"taxonomy":"category","embeddable":true,"href":"https:\/\/minutobahia24h.com.br\/index.php?rest_route=%2Fwp%2Fv2%2Fcategories&post=3860"},{"taxonomy":"post_tag","embeddable":true,"href":"https:\/\/minutobahia24h.com.br\/index.php?rest_route=%2Fwp%2Fv2%2Ftags&post=3860"}],"curies":[{"name":"wp","href":"https:\/\/api.w.org\/{rel}","templated":true}]}}