{"id":3852,"date":"2023-11-13T06:57:09","date_gmt":"2023-11-13T09:57:09","guid":{"rendered":"https:\/\/minutobahia24h.com.br\/?p=3852"},"modified":"2023-11-13T06:57:10","modified_gmt":"2023-11-13T09:57:10","slug":"javier-milei-e-sergio-massa-debatem-pela-ultima-vez-antes-da-eleicao-argentina-e-citam-lacos-com-brasil","status":"publish","type":"post","link":"https:\/\/minutobahia24h.com.br\/?p=3852","title":{"rendered":"Javier Milei e Sergio Massa debatem pela \u00faltima vez antes da elei\u00e7\u00e3o argentina e citam la\u00e7os com Brasil"},"content":{"rendered":"<div class=\"wp-block-image\">\n<figure class=\"aligncenter size-full\"><img data-recalc-dims=\"1\" fetchpriority=\"high\" decoding=\"async\" width=\"800\" height=\"449\" src=\"https:\/\/i0.wp.com\/minutobahia24h.com.br\/wp-content\/uploads\/2023\/11\/Sem-titulo-140.jpg?resize=800%2C449&#038;ssl=1\" alt=\"\" class=\"wp-image-3854\" srcset=\"https:\/\/i0.wp.com\/minutobahia24h.com.br\/wp-content\/uploads\/2023\/11\/Sem-titulo-140.jpg?w=1008&amp;ssl=1 1008w, https:\/\/i0.wp.com\/minutobahia24h.com.br\/wp-content\/uploads\/2023\/11\/Sem-titulo-140.jpg?resize=300%2C168&amp;ssl=1 300w, https:\/\/i0.wp.com\/minutobahia24h.com.br\/wp-content\/uploads\/2023\/11\/Sem-titulo-140.jpg?resize=768%2C431&amp;ssl=1 768w, https:\/\/i0.wp.com\/minutobahia24h.com.br\/wp-content\/uploads\/2023\/11\/Sem-titulo-140.jpg?resize=750%2C421&amp;ssl=1 750w\" sizes=\"(max-width: 800px) 100vw, 800px\" \/><figcaption class=\"wp-element-caption\">Javier Milei e Sergio Massa debatem pela \u00faltima vez antes das elei\u00e7\u00f5es argentinas \u2014 Foto: Reprodu\u00e7\u00e3o<br><\/figcaption><\/figure>\n<\/div>\n\n\n<p class=\"has-text-align-justify\">O \u00faltimo debate da campanha presidencial argentina aconteceu neste domingo (12), em Buenos Aires. O segundo turno da elei\u00e7\u00e3o, que ser\u00e1 no dia 19, \u00e9 marcado pela disputa entre\u00a0<a class=\"\" href=\"https:\/\/g1.globo.com\/mundo\/noticia\/2023\/08\/14\/quem-e-javier-milei-candidato-presidencia-argentina.ghtml\">Javier Milei<\/a>, um populista que se define como libert\u00e1rio, e\u00a0<a class=\"\" href=\"https:\/\/g1.globo.com\/mundo\/noticia\/2023\/10\/23\/quem-e-sergio-massa-ministro-da-economia-que-disputa-o-2o-turno-na-argentina.ghtml\">Sergio Massa<\/a>, um peronista, ou seja, um seguidor das pol\u00edticas do ex-presidente Juan Domingo Per\u00f3n. Os candidatos, que\u00a0chegaram a trocar xingamentos como &#8220;Pin\u00f3quio&#8221;, citaram la\u00e7os com o Brasil\u00a0como ponto de diverg\u00eancia.<\/p>\n\n\n\n<p class=\"has-text-align-justify\">&#8220;Voc\u00ea faz parte de um governo onde [o presidente] Alberto Fern\u00e1ndez tamb\u00e9m n\u00e3o falava com Bolsonaro. Ent\u00e3o qual \u00e9 o&nbsp;<a class=\"\" href=\"https:\/\/g1.globo.com\/politica\/noticia\/2023\/10\/21\/eventual-vitoria-de-milei-pode-enfraquecer-relacoes-entre-brasil-e-argentina-dizem-especialistas.ghtml\">problema se eu falo ou deixo de falar com Lula<\/a>?&#8221;, questionou Milei, ap\u00f3s ser criticado pelo advers\u00e1rio por ter dito, na semana passada, que se recusa a encontrar o petista caso seja eleito.<\/p>\n\n\n\n<p class=\"has-text-align-justify\">Em outro momento, Massa acusou Milei de querer romper rela\u00e7\u00f5es com pa\u00eds, o que ele negou. O ultraliberal tamb\u00e9m disse que brasileiros t\u00eam deturpado informa\u00e7\u00f5es para defenderem o ministro nas redes sociais.<\/p>\n\n\n\n<h2 class=\"wp-block-heading\">O desempenho<\/h2>\n\n\n\n<p>Para os comentaristas Ariel Palacios e Guga Chacra, da GloboNews,&nbsp;quem se saiu melhor no debate foi Massa.<\/p>\n\n\n\n<p>Ao contr\u00e1rio do esperado,&nbsp;Milei quase n\u00e3o levou o tema da atual crise econ\u00f4mica do pa\u00eds como t\u00e1tica&nbsp;para confrontar o advers\u00e1rio, que \u00e9 Ministro da Economia.<\/p>\n\n\n\n<figure class=\"wp-block-image\"><img data-recalc-dims=\"1\" decoding=\"async\" src=\"https:\/\/i0.wp.com\/s2-g1.glbimg.com\/9I13BUKVF8RZ2TfJsHsYbNd3JQY%3D\/0x0%3A5500x3520\/984x0\/smart\/filters%3Astrip_icc%28%29\/i.s3.glbimg.com\/v1\/AUTH_59edd422c0c84a879bd37670ae4f538a\/internal_photos\/bs\/2023\/Y\/5\/KKBaAUSZWAyOp52yrUrg\/2023-11-13t005905z-617998062-rc2xb4acgyev-rtrmadp-3-argentina-election-debate.jpg?w=800&#038;ssl=1\" alt=\"Milei e Massa em debate \u2014 Foto: Luis Robayo\/Reuters\"\/><\/figure>\n\n\n\n<p>Milei e Massa em debate \u2014 Foto: Luis Robayo\/Reuters<\/p>\n\n\n\n<p>Em vez disso, o ultraliberal fez declara\u00e7\u00f5es pol\u00eamicas.&nbsp;Defendeu a ex-primeira-ministra brit\u00e2nica Margaret Thatcher&nbsp;\u2014 advers\u00e1ria hist\u00f3rica dos argentinos devido \u00e0 Guerra das Malvinas \u2014, se contradisse sobre o corte de subs\u00eddios do governo e chegou a&nbsp;afirmar que brasileiros editam v\u00eddeos para defender o ministro nas redes sociais.<\/p>\n\n\n\n<p>Massa, por sua vez, acusou o advers\u00e1rio de querer romper rela\u00e7\u00f5es com o Brasil e a China, e chegou a ironizar seu desejo por fechar o Banco Central, atribuindo a isso o fato de Milei, que j\u00e1 trabalhou na institui\u00e7\u00e3o, n\u00e3o ter tido seu contrato renovado na \u00e9poca.<\/p>\n\n\n\n<figure class=\"wp-block-image\"><img data-recalc-dims=\"1\" decoding=\"async\" src=\"https:\/\/i0.wp.com\/s2-g1.glbimg.com\/xlnDnNZB9RQfgIZhbZ1MZpM5KDQ%3D\/0x0%3A7018x4024\/984x0\/smart\/filters%3Astrip_icc%28%29\/i.s3.glbimg.com\/v1\/AUTH_59edd422c0c84a879bd37670ae4f538a\/internal_photos\/bs\/2023\/X\/T\/PpUB0FSHW050UyzFicYg\/000-33z73kd.jpg?w=800&#038;ssl=1\" alt=\"Sergio Massa e Javier Milei \u2014 Foto: Juan Mabromata e Luis Robayo\/AFP\"\/><\/figure>\n\n\n\n<p>Sergio Massa e Javier Milei \u2014 Foto: Juan Mabromata e Luis Robayo\/AFP<\/p>\n\n\n\n<h2 class=\"wp-block-heading\">Momentos acalorados<\/h2>\n\n\n\n<p>\u201cSe voc\u00ea fosse o Pin\u00f3quio, j\u00e1 teria machucado meu olho\u201d, disse Milei a Massa, num momento acalorado do debate.<\/p>\n\n\n\n<p>O peronista tamb\u00e9m chegou a subir o tom e disse ao advers\u00e1rio que para governar o pa\u00eds s\u00e3o necess\u00e1rios \u201cequil\u00edbrio mental\u201d e \u201ccontato com a realidade\u201d. &#8220;Voc\u00ea tem isso?&#8221;, questionou, em seguida.<\/p>\n\n\n\n<h2 class=\"wp-block-heading\">Primeiro turno<\/h2>\n\n\n\n<p>No primeiro turno, o percentual de votos de cada um dos candidatos foi o listado abaixo.<\/p>\n\n\n\n<ul class=\"wp-block-list\">\n<li><strong>Sergio Massa<\/strong>: 36,68%<\/li>\n\n\n\n<li><strong>Javier Milei<\/strong>: 29,98%<\/li>\n<\/ul>\n\n\n\n<p>As pesquisas indicam que a vota\u00e7\u00e3o dos dois ser\u00e1 parecida. Veja abaixo algumas das mais recentes.<\/p>\n\n\n\n<ul class=\"wp-block-list\">\n<li>Atlas Intel (10 de novembro): Milei 52,1% x Massa 47,9%.<\/li>\n\n\n\n<li>Celag (10 de novembro): Massa 50,8% x Milei 49,2 %.<\/li>\n<\/ul>\n\n\n\n<figure class=\"wp-block-image\"><img data-recalc-dims=\"1\" decoding=\"async\" src=\"https:\/\/i0.wp.com\/s2-g1.glbimg.com\/UCwAYVZPzaFjY4WKQp5MEzWkVJA%3D\/0x0%3A3264x1390\/984x0\/smart\/filters%3Astrip_icc%28%29\/i.s3.glbimg.com\/v1\/AUTH_59edd422c0c84a879bd37670ae4f538a\/internal_photos\/bs\/2023\/i\/k\/dBetniS4ATJe2qKkHSug\/milei-e-massa.jpg?w=800&#038;ssl=1\" alt=\"Sergio Massa e Javier Milei \u2014 Foto: Reuters\"\/><\/figure>\n\n\n\n<p>Sergio Massa e Javier Milei \u2014 Foto: Reuters<\/p>\n\n\n\n<h2 class=\"wp-block-heading\">Disputa pelos indecisos<\/h2>\n\n\n\n<p>No primeiro turno, houve dois debates presidenciais, mas ainda havia outros tr\u00eas candidatos, que, somados, tiveram 33,31% dos votos.<\/p>\n\n\n\n<p>A candidata Patricia Bullrich ficou em terceiro lugar, com 23,83% dos votos. Ela declarou apoio a Javier Milei, mas a frente pol\u00edtica da qual faz parte, coliga\u00e7\u00e3o Juntos pela Mudan\u00e7a, rachou. Os principais partidos da coliga\u00e7\u00e3o s\u00e3o:<\/p>\n\n\n\n<ul class=\"wp-block-list\">\n<li>Proposta Republicana.<\/li>\n\n\n\n<li>Uni\u00e3o C\u00edvica Radical.<\/li>\n<\/ul>\n\n\n\n<p>O Proposta Republicana \u00e9 o partido do ex-presidente Mauricio Macri, que tamb\u00e9m apoiou Javier Milei e tem dado entrevistas criticando Sergio Massa.<\/p>\n\n\n\n<p>No entanto, outros l\u00edderes importantes do Proposta Republicana n\u00e3o apoiaram Milei. Foi o caso de Horacio Larreta, atual prefeito de Buenos Aires.<\/p>\n\n\n\n<p>J\u00e1 o outro partido que forma o Juntos pela Mudan\u00e7a, a Uni\u00e3o C\u00edvica Radical, n\u00e3o apoiou Milei. Muitos de seus dirigentes est\u00e3o em campanha por Sergio Massa.<\/p>\n\n\n\n<h2 class=\"wp-block-heading\">Dan\u00e7ando na sala<\/h2>\n\n\n\n<p>Em sua campanha nessa reta final, Sergio Massa tem tentado associar a candidatura dele ao sentimento de ser argentino. Em uma entrevista, o ministro at\u00e9 citou cuarteto, g\u00eanero musical da regi\u00e3o de C\u00f3rdoba, para tentar marcar a diferen\u00e7a entre ele e Milei.<\/p>\n\n\n\n<p>&#8220;O Milei disse que o cuarteto \u00e9 uma merda. Eu dan\u00e7o cuarteto na minha sala de casa. Esses s\u00e3o os dois pa\u00edses que est\u00e3o em jogo&#8221;, disse ele.<\/p>\n\n\n\n<p>Milei respondeu, nas redes sociais: &#8220;Ol\u00e1, mentiroso, veja com que velocidade sua mentira caiu: aqui tem um v\u00eddeo de um de nossos com\u00edcios em C\u00f3rdoba, que tem como m\u00fasica de fundo um cuarteto do grande Rodrigo&#8221;.<\/p>\n","protected":false},"excerpt":{"rendered":"<p>O \u00faltimo debate da campanha presidencial argentina aconteceu neste domingo (12), em Buenos Aires. O segundo turno da elei\u00e7\u00e3o, que ser\u00e1 no dia 19, \u00e9 marcado pela disputa entre\u00a0Javier Milei, um populista que se define como libert\u00e1rio, e\u00a0Sergio Massa, um peronista, ou seja, um seguidor das pol\u00edticas do ex-presidente Juan Domingo Per\u00f3n. Os candidatos, que\u00a0chegaram [&hellip;]<\/p>\n","protected":false},"author":2,"featured_media":3854,"comment_status":"open","ping_status":"open","sticky":false,"template":"","format":"standard","meta":{"_jetpack_memberships_contains_paid_content":false,"footnotes":""},"categories":[15],"tags":[],"class_list":["post-3852","post","type-post","status-publish","format-standard","has-post-thumbnail","hentry","category-mundo"],"aioseo_notices":[],"jetpack_featured_media_url":"https:\/\/i0.wp.com\/minutobahia24h.com.br\/wp-content\/uploads\/2023\/11\/Sem-titulo-140.jpg?fit=1008%2C566&ssl=1","jetpack_sharing_enabled":true,"_links":{"self":[{"href":"https:\/\/minutobahia24h.com.br\/index.php?rest_route=\/wp\/v2\/posts\/3852","targetHints":{"allow":["GET"]}}],"collection":[{"href":"https:\/\/minutobahia24h.com.br\/index.php?rest_route=\/wp\/v2\/posts"}],"about":[{"href":"https:\/\/minutobahia24h.com.br\/index.php?rest_route=\/wp\/v2\/types\/post"}],"author":[{"embeddable":true,"href":"https:\/\/minutobahia24h.com.br\/index.php?rest_route=\/wp\/v2\/users\/2"}],"replies":[{"embeddable":true,"href":"https:\/\/minutobahia24h.com.br\/index.php?rest_route=%2Fwp%2Fv2%2Fcomments&post=3852"}],"version-history":[{"count":1,"href":"https:\/\/minutobahia24h.com.br\/index.php?rest_route=\/wp\/v2\/posts\/3852\/revisions"}],"predecessor-version":[{"id":3855,"href":"https:\/\/minutobahia24h.com.br\/index.php?rest_route=\/wp\/v2\/posts\/3852\/revisions\/3855"}],"wp:featuredmedia":[{"embeddable":true,"href":"https:\/\/minutobahia24h.com.br\/index.php?rest_route=\/wp\/v2\/media\/3854"}],"wp:attachment":[{"href":"https:\/\/minutobahia24h.com.br\/index.php?rest_route=%2Fwp%2Fv2%2Fmedia&parent=3852"}],"wp:term":[{"taxonomy":"category","embeddable":true,"href":"https:\/\/minutobahia24h.com.br\/index.php?rest_route=%2Fwp%2Fv2%2Fcategories&post=3852"},{"taxonomy":"post_tag","embeddable":true,"href":"https:\/\/minutobahia24h.com.br\/index.php?rest_route=%2Fwp%2Fv2%2Ftags&post=3852"}],"curies":[{"name":"wp","href":"https:\/\/api.w.org\/{rel}","templated":true}]}}