{"id":38502,"date":"2025-11-28T07:59:51","date_gmt":"2025-11-28T10:59:51","guid":{"rendered":"https:\/\/minutobahia24h.com.br\/?p=38502"},"modified":"2025-11-28T07:59:53","modified_gmt":"2025-11-28T10:59:53","slug":"trump-diz-que-vai-interromper-a-entrada-de-imigrantes-de-paises-de-terceiro-mundo-nos-eua","status":"publish","type":"post","link":"https:\/\/minutobahia24h.com.br\/?p=38502","title":{"rendered":"Trump diz que vai interromper a entrada de imigrantes de &#8216;pa\u00edses de terceiro mundo&#8217; nos EUA"},"content":{"rendered":"\n<figure class=\"wp-block-image size-full\"><img data-recalc-dims=\"1\" fetchpriority=\"high\" decoding=\"async\" width=\"800\" height=\"533\" src=\"https:\/\/i0.wp.com\/minutobahia24h.com.br\/wp-content\/uploads\/2025\/11\/Sem-titulo-339.jpg?resize=800%2C533&#038;ssl=1\" alt=\"\" class=\"wp-image-38503\" srcset=\"https:\/\/i0.wp.com\/minutobahia24h.com.br\/wp-content\/uploads\/2025\/11\/Sem-titulo-339.jpg?w=984&amp;ssl=1 984w, https:\/\/i0.wp.com\/minutobahia24h.com.br\/wp-content\/uploads\/2025\/11\/Sem-titulo-339.jpg?resize=300%2C200&amp;ssl=1 300w, https:\/\/i0.wp.com\/minutobahia24h.com.br\/wp-content\/uploads\/2025\/11\/Sem-titulo-339.jpg?resize=768%2C512&amp;ssl=1 768w, https:\/\/i0.wp.com\/minutobahia24h.com.br\/wp-content\/uploads\/2025\/11\/Sem-titulo-339.jpg?resize=750%2C500&amp;ssl=1 750w\" sizes=\"(max-width: 800px) 100vw, 800px\" \/><figcaption class=\"wp-element-caption\">Trump participa de evento de A\u00e7\u00e3o de Gra\u00e7as \u2014 Foto: ANDREW CABALLERO-REYNOLDS \/ AFP<br><br><\/figcaption><\/figure>\n\n\n\n<p class=\"wp-block-paragraph\">O presidente dos Estados Unidos, Donald Trump, afirmou, nesta sexta-feira (28), que vai &#8220;pausar permanentemente&#8221; a imigra\u00e7\u00e3o de pessoas vindas de pa\u00edses que ele classifica como &#8220;terceiro mundo&#8221;. O republicano n\u00e3o especificou as na\u00e7\u00f5es afetadas.<\/p>\n\n\n\n<blockquote class=\"wp-block-quote is-layout-flow wp-block-quote-is-layout-flow\">\n<p class=\"wp-block-paragraph\">&#8220;Vou pausar permanentemente a imigra\u00e7\u00e3o de todos os pa\u00edses do terceiro mundo para permitir que o sistema dos EUA se recupere totalmente&#8221;, disse Trump em uma rede social.<\/p>\n<\/blockquote>\n\n\n\n<p class=\"wp-block-paragraph\">Ainda na publica\u00e7\u00e3o, o republicano disse que vai acabar com os benef\u00edcios e subs\u00eddios de todos os n\u00e3o-cidad\u00e3os americanos que est\u00e3o nos EUA. Trump disse, ainda, que pretende &#8220;desnaturalizar imigrantes que minam a tranquilidade dom\u00e9stica e deportar qualquer estrangeiro que seja um encargo p\u00fablico, risco \u00e0 seguran\u00e7a ou incompat\u00edvel com a Civiliza\u00e7\u00e3o Ocidental&#8221;.<\/p>\n\n\n\n<p class=\"wp-block-paragraph\">Trump escolheu a madrugada ap\u00f3s o dia de A\u00e7\u00e3o de Gra\u00e7as para culpar os imigrantes pelo que chamou de &#8220;disfun\u00e7\u00e3o social&#8221; do pa\u00eds.<\/p>\n\n\n\n<p class=\"wp-block-paragraph\">Ele afirmou que milh\u00f5es de imigrantes teriam sido admitidos ilegalmente durante o governo Biden e promete revogar essas admiss\u00f5es, incluindo aquelas que ele atribui a aprova\u00e7\u00f5es feitas por \u201cAutopen\u201d.<\/p>\n\n\n\n<p class=\"wp-block-paragraph\">Trump defendeu ainda a necessidade de uma pol\u00edtica de \u201cmigra\u00e7\u00e3o reversa\u201d, que, segundo ele, seria a \u00fanica solu\u00e7\u00e3o capaz de sanar os problemas que atribui ao atual cen\u00e1rio migrat\u00f3rio. Em suas mensagens, o republicano intensificou cr\u00edticas a comunidades espec\u00edficas de imigrantes, a autoridades estaduais e a parlamentares democratas, associando a chegada de estrangeiros a alta criminalidade, sobrecarga em servi\u00e7os p\u00fablicos e deteriora\u00e7\u00e3o urbana.<\/p>\n\n\n\n<p class=\"wp-block-paragraph\">Nesta quinta-feira (27), Trump j\u00e1 havia pedido a&nbsp;<a class=\"\" href=\"https:\/\/g1.globo.com\/mundo\/noticia\/2025\/11\/27\/trump-ordena-revisao-de-green-cards-concedidos-a-estrangeiros-de-19-paises-veja-a-lista.ghtml\">revis\u00e3o de Green Cards&#8217; concedidos a estrangeiros de 19 pa\u00edses.&nbsp;<\/a>S\u00e3o eles:<\/p>\n\n\n\n<ol class=\"wp-block-list\">\n<li>Afeganist\u00e3o<\/li>\n\n\n\n<li>Chade<\/li>\n\n\n\n<li>Congo<\/li>\n\n\n\n<li>Eritreia<\/li>\n\n\n\n<li>Guin\u00e9 Equatorial<\/li>\n\n\n\n<li>Haiti<\/li>\n\n\n\n<li>Ir\u00e3<\/li>\n\n\n\n<li>I\u00eamen<\/li>\n\n\n\n<li>L\u00edbia<\/li>\n\n\n\n<li>Mianmar<\/li>\n\n\n\n<li>Som\u00e1lia<\/li>\n\n\n\n<li>Sud\u00e3o<\/li>\n\n\n\n<li>Burundi<\/li>\n\n\n\n<li>Cuba<\/li>\n\n\n\n<li>Laos<\/li>\n\n\n\n<li>Serra Leoa<\/li>\n\n\n\n<li>Togo<\/li>\n\n\n\n<li>Turcomenist\u00e3o<\/li>\n\n\n\n<li>Venezuela<\/li>\n<\/ol>\n\n\n\n<ul class=\"wp-block-list\">\n<li><em>\ud83d\udc49 O Green Card \u00e9 o visto de resid\u00eancia permanente nos EUA. O documento permite que estrangeiros trabalhem e vivam no pa\u00eds, al\u00e9m de abrir caminho para a cidadania americana.<\/em><\/li>\n<\/ul>\n\n\n\n<p class=\"wp-block-paragraph\">A ordem e os coment\u00e1rios de Trump ocorrem ap\u00f3s a&nbsp;<a class=\"\" href=\"https:\/\/g1.globo.com\/mundo\/noticia\/2025\/11\/27\/trump-diz-que-militar-que-foi-baleado-em-ataque-perto-da-casa-branca-morreu.ghtml\">morte de uma guarda nacional que ficou ferida em um ataque nas proximidades da Casa Branca<\/a>&nbsp;nesta quarta-feira (26). Na ocasi\u00e3o, dois soldados foram baleados, um deles permanece em estado grave.<\/p>\n\n\n\n<p class=\"wp-block-paragraph\">Um suspeito foi detido pelo crime. Segundo o governo, Rahmanullah Lakanwal, de 29 anos, \u00e9 um imigrante afeg\u00e3o que est\u00e1 irregular nos EUA.<\/p>\n\n\n\n<ul class=\"wp-block-list\">\n<li>Lakanwal chegou ao pa\u00eds em 2021 com um visto especial destinado a afeg\u00e3os que auxiliaram o governo americano durante a guerra.<\/li>\n\n\n\n<li>O benef\u00edcio foi concedido a pessoas consideradas vulner\u00e1veis a repres\u00e1lias do Talib\u00e3 ap\u00f3s a retirada das tropas dos EUA do Afeganist\u00e3o naquele ano.<\/li>\n<\/ul>\n\n\n\n<p class=\"wp-block-paragraph\">Ap\u00f3s a a\u00e7\u00e3o, o presidente j\u00e1 tinha suspendido as solicita\u00e7\u00f5es de imigra\u00e7\u00e3o de residentes do Afeganist\u00e3o.<\/p>\n","protected":false},"excerpt":{"rendered":"<p>O presidente dos Estados Unidos, Donald Trump, afirmou, nesta sexta-feira (28), que vai &#8220;pausar permanentemente&#8221; a imigra\u00e7\u00e3o de pessoas vindas de pa\u00edses que ele classifica como &#8220;terceiro mundo&#8221;. O republicano n\u00e3o especificou as na\u00e7\u00f5es afetadas. &#8220;Vou pausar permanentemente a imigra\u00e7\u00e3o de todos os pa\u00edses do terceiro mundo para permitir que o sistema dos EUA se [&hellip;]<\/p>\n","protected":false},"author":2,"featured_media":38503,"comment_status":"open","ping_status":"open","sticky":false,"template":"","format":"standard","meta":{"_jetpack_newsletter_access":"","_jetpack_dont_email_post_to_subs":false,"_jetpack_newsletter_tier_id":0,"_jetpack_memberships_contains_paywalled_content":false,"_jetpack_feature_clip_id":0,"_jetpack_memberships_contains_paid_content":false,"footnotes":"","jetpack_post_was_ever_published":false},"categories":[15],"tags":[],"class_list":["post-38502","post","type-post","status-publish","format-standard","has-post-thumbnail","hentry","category-mundo"],"aioseo_notices":[],"aioseo_head":"\n\t\t<!-- All in One SEO 5.0.1.1 - aioseo.com -->\n\t<meta name=\"description\" content=\"O presidente dos Estados Unidos, Donald Trump, afirmou, nesta sexta-feira (28), que vai &quot;pausar permanentemente&quot; a imigra\u00e7\u00e3o de pessoas vindas de pa\u00edses que ele classifica como &quot;terceiro mundo&quot;. O republicano n\u00e3o especificou as na\u00e7\u00f5es afetadas. &quot;Vou pausar permanentemente a imigra\u00e7\u00e3o de todos os pa\u00edses do terceiro mundo para permitir que o sistema dos EUA se\" \/>\n\t<meta name=\"robots\" content=\"max-image-preview:large\" \/>\n\t<meta name=\"author\" content=\"andre\"\/>\n\t<link rel=\"canonical\" href=\"https:\/\/minutobahia24h.com.br\/?p=38502\" \/>\n\t<meta name=\"generator\" content=\"All in One SEO (AIOSEO) 5.0.1.1\" \/>\n\t\t<meta property=\"og:locale\" content=\"pt_BR\" \/>\n\t\t<meta property=\"og:site_name\" content=\"Minuto Bahia 24h - O seu portal de not\u00edcias\" \/>\n\t\t<meta property=\"og:type\" content=\"article\" \/>\n\t\t<meta property=\"og:title\" content=\"Trump diz que vai interromper a entrada de imigrantes de \u2018pa\u00edses de terceiro mundo\u2019 nos EUA - Minuto Bahia 24h\" \/>\n\t\t<meta property=\"og:description\" content=\"O presidente dos Estados Unidos, Donald Trump, afirmou, nesta sexta-feira (28), que vai &quot;pausar permanentemente&quot; a imigra\u00e7\u00e3o de pessoas vindas de pa\u00edses que ele classifica como &quot;terceiro mundo&quot;. O republicano n\u00e3o especificou as na\u00e7\u00f5es afetadas. &quot;Vou pausar permanentemente a imigra\u00e7\u00e3o de todos os pa\u00edses do terceiro mundo para permitir que o sistema dos EUA se\" \/>\n\t\t<meta property=\"og:url\" content=\"https:\/\/minutobahia24h.com.br\/?p=38502\" \/>\n\t\t<meta property=\"og:image\" content=\"https:\/\/minutobahia24h.com.br\/wp-content\/uploads\/2025\/11\/Sem-titulo-339.jpg\" \/>\n\t\t<meta property=\"og:image:secure_url\" content=\"https:\/\/minutobahia24h.com.br\/wp-content\/uploads\/2025\/11\/Sem-titulo-339.jpg\" \/>\n\t\t<meta property=\"og:image:width\" content=\"984\" \/>\n\t\t<meta property=\"og:image:height\" content=\"656\" \/>\n\t\t<meta property=\"article:published_time\" content=\"2025-11-28T10:59:51+00:00\" \/>\n\t\t<meta property=\"article:modified_time\" content=\"2025-11-28T10:59:53+00:00\" \/>\n\t\t<meta name=\"twitter:card\" content=\"summary_large_image\" \/>\n\t\t<meta name=\"twitter:title\" content=\"Trump diz que vai interromper a entrada de imigrantes de \u2018pa\u00edses de terceiro mundo\u2019 nos EUA - Minuto Bahia 24h\" \/>\n\t\t<meta name=\"twitter:description\" content=\"O presidente dos Estados Unidos, Donald Trump, afirmou, nesta sexta-feira (28), que vai &quot;pausar permanentemente&quot; a imigra\u00e7\u00e3o de pessoas vindas de pa\u00edses que ele classifica como &quot;terceiro mundo&quot;. O republicano n\u00e3o especificou as na\u00e7\u00f5es afetadas. &quot;Vou pausar permanentemente a imigra\u00e7\u00e3o de todos os pa\u00edses do terceiro mundo para permitir que o sistema dos EUA se\" \/>\n\t\t<meta name=\"twitter:image\" content=\"https:\/\/minutobahia24h.com.br\/wp-content\/uploads\/2025\/11\/Sem-titulo-339.jpg\" \/>\n\t\t<script type=\"application\/ld+json\" class=\"aioseo-schema\">\n\t\t\t{\"@context\":\"https:\\\/\\\/schema.org\",\"@graph\":[{\"@type\":\"BlogPosting\",\"@id\":\"https:\\\/\\\/minutobahia24h.com.br\\\/?p=38502#blogposting\",\"name\":\"Trump diz que vai interromper a entrada de imigrantes de \\u2018pa\\u00edses de terceiro mundo\\u2019 nos EUA - Minuto Bahia 24h\",\"headline\":\"Trump diz que vai interromper a entrada de imigrantes de &#8216;pa\\u00edses de terceiro mundo&#8217; nos EUA\",\"author\":{\"@id\":\"https:\\\/\\\/minutobahia24h.com.br\\\/?author=2#author\"},\"publisher\":{\"@id\":\"https:\\\/\\\/minutobahia24h.com.br\\\/#organization\"},\"image\":{\"@type\":\"ImageObject\",\"url\":\"https:\\\/\\\/i0.wp.com\\\/minutobahia24h.com.br\\\/wp-content\\\/uploads\\\/2025\\\/11\\\/Sem-titulo-339.jpg?fit=984%2C656&ssl=1\",\"width\":984,\"height\":656},\"datePublished\":\"2025-11-28T07:59:51-03:00\",\"dateModified\":\"2025-11-28T07:59:53-03:00\",\"inLanguage\":\"pt-BR\",\"mainEntityOfPage\":{\"@id\":\"https:\\\/\\\/minutobahia24h.com.br\\\/?p=38502#webpage\"},\"isPartOf\":{\"@id\":\"https:\\\/\\\/minutobahia24h.com.br\\\/?p=38502#webpage\"},\"articleSection\":\"Mundo\"},{\"@type\":\"BreadcrumbList\",\"@id\":\"https:\\\/\\\/minutobahia24h.com.br\\\/?p=38502#breadcrumblist\",\"itemListElement\":[{\"@type\":\"ListItem\",\"@id\":\"https:\\\/\\\/minutobahia24h.com.br#listItem\",\"position\":1,\"name\":\"In\\u00edcio\",\"item\":\"https:\\\/\\\/minutobahia24h.com.br\",\"nextItem\":{\"@type\":\"ListItem\",\"@id\":\"https:\\\/\\\/minutobahia24h.com.br\\\/?cat=15#listItem\",\"name\":\"Mundo\"}},{\"@type\":\"ListItem\",\"@id\":\"https:\\\/\\\/minutobahia24h.com.br\\\/?cat=15#listItem\",\"position\":2,\"name\":\"Mundo\",\"item\":\"https:\\\/\\\/minutobahia24h.com.br\\\/?cat=15\",\"nextItem\":{\"@type\":\"ListItem\",\"@id\":\"https:\\\/\\\/minutobahia24h.com.br\\\/?p=38502#listItem\",\"name\":\"Trump diz que vai interromper a entrada de imigrantes de &#8216;pa\\u00edses de terceiro mundo&#8217; nos EUA\"},\"previousItem\":{\"@type\":\"ListItem\",\"@id\":\"https:\\\/\\\/minutobahia24h.com.br#listItem\",\"name\":\"In\\u00edcio\"}},{\"@type\":\"ListItem\",\"@id\":\"https:\\\/\\\/minutobahia24h.com.br\\\/?p=38502#listItem\",\"position\":3,\"name\":\"Trump diz que vai interromper a entrada de imigrantes de &#8216;pa\\u00edses de terceiro mundo&#8217; nos EUA\",\"previousItem\":{\"@type\":\"ListItem\",\"@id\":\"https:\\\/\\\/minutobahia24h.com.br\\\/?cat=15#listItem\",\"name\":\"Mundo\"}}]},{\"@type\":\"Organization\",\"@id\":\"https:\\\/\\\/minutobahia24h.com.br\\\/#organization\",\"name\":\"Minuto Bahia 24h\",\"description\":\"O seu portal de not\\u00edcias\",\"url\":\"https:\\\/\\\/minutobahia24h.com.br\\\/\",\"logo\":{\"@type\":\"ImageObject\",\"url\":\"https:\\\/\\\/i0.wp.com\\\/minutobahia24h.com.br\\\/wp-content\\\/uploads\\\/2023\\\/09\\\/cropped-minutoba.png?fit=457%2C119&ssl=1\",\"@id\":\"https:\\\/\\\/minutobahia24h.com.br\\\/?p=38502\\\/#organizationLogo\",\"width\":457,\"height\":119},\"image\":{\"@id\":\"https:\\\/\\\/minutobahia24h.com.br\\\/?p=38502\\\/#organizationLogo\"}},{\"@type\":\"Person\",\"@id\":\"https:\\\/\\\/minutobahia24h.com.br\\\/?author=2#author\",\"url\":\"https:\\\/\\\/minutobahia24h.com.br\\\/?author=2\",\"name\":\"andre\",\"image\":{\"@type\":\"ImageObject\",\"@id\":\"https:\\\/\\\/minutobahia24h.com.br\\\/?p=38502#authorImage\",\"url\":\"https:\\\/\\\/secure.gravatar.com\\\/avatar\\\/0ec5eafed5f3925c321625d79a680d589901b94bca787ae396a35f6c4a960922?s=96&d=mm&r=g\",\"width\":96,\"height\":96,\"caption\":\"andre\"}},{\"@type\":\"WebPage\",\"@id\":\"https:\\\/\\\/minutobahia24h.com.br\\\/?p=38502#webpage\",\"url\":\"https:\\\/\\\/minutobahia24h.com.br\\\/?p=38502\",\"name\":\"Trump diz que vai interromper a entrada de imigrantes de \\u2018pa\\u00edses de terceiro mundo\\u2019 nos EUA - Minuto Bahia 24h\",\"description\":\"O presidente dos Estados Unidos, Donald Trump, afirmou, nesta sexta-feira (28), que vai \\\"pausar permanentemente\\\" a imigra\\u00e7\\u00e3o de pessoas vindas de pa\\u00edses que ele classifica como \\\"terceiro mundo\\\". O republicano n\\u00e3o especificou as na\\u00e7\\u00f5es afetadas. \\\"Vou pausar permanentemente a imigra\\u00e7\\u00e3o de todos os pa\\u00edses do terceiro mundo para permitir que o sistema dos EUA se\",\"inLanguage\":\"pt-BR\",\"isPartOf\":{\"@id\":\"https:\\\/\\\/minutobahia24h.com.br\\\/#website\"},\"breadcrumb\":{\"@id\":\"https:\\\/\\\/minutobahia24h.com.br\\\/?p=38502#breadcrumblist\"},\"author\":{\"@id\":\"https:\\\/\\\/minutobahia24h.com.br\\\/?author=2#author\"},\"creator\":{\"@id\":\"https:\\\/\\\/minutobahia24h.com.br\\\/?author=2#author\"},\"image\":{\"@type\":\"ImageObject\",\"url\":\"https:\\\/\\\/i0.wp.com\\\/minutobahia24h.com.br\\\/wp-content\\\/uploads\\\/2025\\\/11\\\/Sem-titulo-339.jpg?fit=984%2C656&ssl=1\",\"@id\":\"https:\\\/\\\/minutobahia24h.com.br\\\/?p=38502\\\/#mainImage\",\"width\":984,\"height\":656},\"primaryImageOfPage\":{\"@id\":\"https:\\\/\\\/minutobahia24h.com.br\\\/?p=38502#mainImage\"},\"datePublished\":\"2025-11-28T07:59:51-03:00\",\"dateModified\":\"2025-11-28T07:59:53-03:00\"},{\"@type\":\"WebSite\",\"@id\":\"https:\\\/\\\/minutobahia24h.com.br\\\/#website\",\"url\":\"https:\\\/\\\/minutobahia24h.com.br\\\/\",\"name\":\"Minuto Bahia 24h\",\"description\":\"O seu portal de not\\u00edcias\",\"inLanguage\":\"pt-BR\",\"publisher\":{\"@id\":\"https:\\\/\\\/minutobahia24h.com.br\\\/#organization\"}}]}\n\t\t<\/script>\n\t\t<!-- All in One SEO -->\n\n","aioseo_head_json":{"title":"Trump diz que vai interromper a entrada de imigrantes de \u2018pa\u00edses de terceiro mundo\u2019 nos EUA - Minuto Bahia 24h","description":"O presidente dos Estados Unidos, Donald Trump, afirmou, nesta sexta-feira (28), que vai \"pausar permanentemente\" a imigra\u00e7\u00e3o de pessoas vindas de pa\u00edses que ele classifica como \"terceiro mundo\". O republicano n\u00e3o especificou as na\u00e7\u00f5es afetadas. \"Vou pausar permanentemente a imigra\u00e7\u00e3o de todos os pa\u00edses do terceiro mundo para permitir que o sistema dos EUA se","canonical_url":"https:\/\/minutobahia24h.com.br\/?p=38502","robots":"max-image-preview:large","keywords":"","webmasterTools":{"miscellaneous":""},"schema":{"@context":"https:\/\/schema.org","@graph":[{"@type":"BlogPosting","@id":"https:\/\/minutobahia24h.com.br\/?p=38502#blogposting","name":"Trump diz que vai interromper a entrada de imigrantes de \u2018pa\u00edses de terceiro mundo\u2019 nos EUA - Minuto Bahia 24h","headline":"Trump diz que vai interromper a entrada de imigrantes de &#8216;pa\u00edses de terceiro mundo&#8217; nos EUA","author":{"@id":"https:\/\/minutobahia24h.com.br\/?author=2#author"},"publisher":{"@id":"https:\/\/minutobahia24h.com.br\/#organization"},"image":{"@type":"ImageObject","url":"https:\/\/i0.wp.com\/minutobahia24h.com.br\/wp-content\/uploads\/2025\/11\/Sem-titulo-339.jpg?fit=984%2C656&ssl=1","width":984,"height":656},"datePublished":"2025-11-28T07:59:51-03:00","dateModified":"2025-11-28T07:59:53-03:00","inLanguage":"pt-BR","mainEntityOfPage":{"@id":"https:\/\/minutobahia24h.com.br\/?p=38502#webpage"},"isPartOf":{"@id":"https:\/\/minutobahia24h.com.br\/?p=38502#webpage"},"articleSection":"Mundo"},{"@type":"BreadcrumbList","@id":"https:\/\/minutobahia24h.com.br\/?p=38502#breadcrumblist","itemListElement":[{"@type":"ListItem","@id":"https:\/\/minutobahia24h.com.br#listItem","position":1,"name":"In\u00edcio","item":"https:\/\/minutobahia24h.com.br","nextItem":{"@type":"ListItem","@id":"https:\/\/minutobahia24h.com.br\/?cat=15#listItem","name":"Mundo"}},{"@type":"ListItem","@id":"https:\/\/minutobahia24h.com.br\/?cat=15#listItem","position":2,"name":"Mundo","item":"https:\/\/minutobahia24h.com.br\/?cat=15","nextItem":{"@type":"ListItem","@id":"https:\/\/minutobahia24h.com.br\/?p=38502#listItem","name":"Trump diz que vai interromper a entrada de imigrantes de &#8216;pa\u00edses de terceiro mundo&#8217; nos EUA"},"previousItem":{"@type":"ListItem","@id":"https:\/\/minutobahia24h.com.br#listItem","name":"In\u00edcio"}},{"@type":"ListItem","@id":"https:\/\/minutobahia24h.com.br\/?p=38502#listItem","position":3,"name":"Trump diz que vai interromper a entrada de imigrantes de &#8216;pa\u00edses de terceiro mundo&#8217; nos EUA","previousItem":{"@type":"ListItem","@id":"https:\/\/minutobahia24h.com.br\/?cat=15#listItem","name":"Mundo"}}]},{"@type":"Organization","@id":"https:\/\/minutobahia24h.com.br\/#organization","name":"Minuto Bahia 24h","description":"O seu portal de not\u00edcias","url":"https:\/\/minutobahia24h.com.br\/","logo":{"@type":"ImageObject","url":"https:\/\/i0.wp.com\/minutobahia24h.com.br\/wp-content\/uploads\/2023\/09\/cropped-minutoba.png?fit=457%2C119&ssl=1","@id":"https:\/\/minutobahia24h.com.br\/?p=38502\/#organizationLogo","width":457,"height":119},"image":{"@id":"https:\/\/minutobahia24h.com.br\/?p=38502\/#organizationLogo"}},{"@type":"Person","@id":"https:\/\/minutobahia24h.com.br\/?author=2#author","url":"https:\/\/minutobahia24h.com.br\/?author=2","name":"andre","image":{"@type":"ImageObject","@id":"https:\/\/minutobahia24h.com.br\/?p=38502#authorImage","url":"https:\/\/secure.gravatar.com\/avatar\/0ec5eafed5f3925c321625d79a680d589901b94bca787ae396a35f6c4a960922?s=96&d=mm&r=g","width":96,"height":96,"caption":"andre"}},{"@type":"WebPage","@id":"https:\/\/minutobahia24h.com.br\/?p=38502#webpage","url":"https:\/\/minutobahia24h.com.br\/?p=38502","name":"Trump diz que vai interromper a entrada de imigrantes de \u2018pa\u00edses de terceiro mundo\u2019 nos EUA - Minuto Bahia 24h","description":"O presidente dos Estados Unidos, Donald Trump, afirmou, nesta sexta-feira (28), que vai \"pausar permanentemente\" a imigra\u00e7\u00e3o de pessoas vindas de pa\u00edses que ele classifica como \"terceiro mundo\". O republicano n\u00e3o especificou as na\u00e7\u00f5es afetadas. \"Vou pausar permanentemente a imigra\u00e7\u00e3o de todos os pa\u00edses do terceiro mundo para permitir que o sistema dos EUA se","inLanguage":"pt-BR","isPartOf":{"@id":"https:\/\/minutobahia24h.com.br\/#website"},"breadcrumb":{"@id":"https:\/\/minutobahia24h.com.br\/?p=38502#breadcrumblist"},"author":{"@id":"https:\/\/minutobahia24h.com.br\/?author=2#author"},"creator":{"@id":"https:\/\/minutobahia24h.com.br\/?author=2#author"},"image":{"@type":"ImageObject","url":"https:\/\/i0.wp.com\/minutobahia24h.com.br\/wp-content\/uploads\/2025\/11\/Sem-titulo-339.jpg?fit=984%2C656&ssl=1","@id":"https:\/\/minutobahia24h.com.br\/?p=38502\/#mainImage","width":984,"height":656},"primaryImageOfPage":{"@id":"https:\/\/minutobahia24h.com.br\/?p=38502#mainImage"},"datePublished":"2025-11-28T07:59:51-03:00","dateModified":"2025-11-28T07:59:53-03:00"},{"@type":"WebSite","@id":"https:\/\/minutobahia24h.com.br\/#website","url":"https:\/\/minutobahia24h.com.br\/","name":"Minuto Bahia 24h","description":"O seu portal de not\u00edcias","inLanguage":"pt-BR","publisher":{"@id":"https:\/\/minutobahia24h.com.br\/#organization"}}]},"og:locale":"pt_BR","og:site_name":"Minuto Bahia 24h - O seu portal de not\u00edcias","og:type":"article","og:title":"Trump diz que vai interromper a entrada de imigrantes de \u2018pa\u00edses de terceiro mundo\u2019 nos EUA - Minuto Bahia 24h","og:description":"O presidente dos Estados Unidos, Donald Trump, afirmou, nesta sexta-feira (28), que vai &quot;pausar permanentemente&quot; a imigra\u00e7\u00e3o de pessoas vindas de pa\u00edses que ele classifica como &quot;terceiro mundo&quot;. O republicano n\u00e3o especificou as na\u00e7\u00f5es afetadas. &quot;Vou pausar permanentemente a imigra\u00e7\u00e3o de todos os pa\u00edses do terceiro mundo para permitir que o sistema dos EUA se","og:url":"https:\/\/minutobahia24h.com.br\/?p=38502","og:image":"https:\/\/minutobahia24h.com.br\/wp-content\/uploads\/2025\/11\/Sem-titulo-339.jpg","og:image:secure_url":"https:\/\/minutobahia24h.com.br\/wp-content\/uploads\/2025\/11\/Sem-titulo-339.jpg","og:image:width":984,"og:image:height":656,"article:published_time":"2025-11-28T10:59:51+00:00","article:modified_time":"2025-11-28T10:59:53+00:00","twitter:card":"summary_large_image","twitter:title":"Trump diz que vai interromper a entrada de imigrantes de \u2018pa\u00edses de terceiro mundo\u2019 nos EUA - Minuto Bahia 24h","twitter:description":"O presidente dos Estados Unidos, Donald Trump, afirmou, nesta sexta-feira (28), que vai &quot;pausar permanentemente&quot; a imigra\u00e7\u00e3o de pessoas vindas de pa\u00edses que ele classifica como &quot;terceiro mundo&quot;. O republicano n\u00e3o especificou as na\u00e7\u00f5es afetadas. &quot;Vou pausar permanentemente a imigra\u00e7\u00e3o de todos os pa\u00edses do terceiro mundo para permitir que o sistema dos EUA se","twitter:image":"https:\/\/minutobahia24h.com.br\/wp-content\/uploads\/2025\/11\/Sem-titulo-339.jpg"},"aioseo_meta_data":{"post_id":"38502","title":null,"description":null,"keywords":null,"keyphrases":{"focus":{"keyphrase":"","score":0,"analysis":{"keyphraseInTitle":{"score":0,"maxScore":9,"error":1}}},"additional":[]},"primary_term":null,"canonical_url":null,"og_title":null,"og_description":null,"og_object_type":"default","og_image_type":"default","og_image_url":null,"og_image_width":null,"og_image_height":null,"og_image_custom_url":null,"og_image_custom_fields":null,"og_video":"","og_custom_url":null,"og_article_section":null,"og_article_tags":null,"twitter_use_og":true,"twitter_card":"default","twitter_image_type":"default","twitter_image_url":null,"twitter_image_custom_url":null,"twitter_image_custom_fields":null,"twitter_title":null,"twitter_description":null,"schema":{"blockGraphs":[],"customGraphs":[],"default":{"data":{"Article":[],"Course":[],"Dataset":[],"FAQPage":[],"Movie":[],"Person":[],"Product":[],"ProductReview":[],"Car":[],"Recipe":[],"Service":[],"SoftwareApplication":[],"WebPage":[]},"graphName":"BlogPosting","isEnabled":true},"graphs":[]},"schema_type":"default","schema_type_options":null,"pillar_content":false,"robots_default":true,"robots_noindex":false,"robots_noarchive":false,"robots_nosnippet":false,"robots_nofollow":false,"robots_noimageindex":false,"robots_noodp":false,"robots_notranslate":false,"robots_max_snippet":"-1","robots_max_videopreview":"-1","robots_max_imagepreview":"large","priority":null,"frequency":"default","local_seo":null,"breadcrumb_settings":null,"limit_modified_date":false,"ai":{"faqs":[],"keyPoints":[],"titles":[],"descriptions":[],"socialPosts":{"email":[],"linkedin":[],"twitter":[],"facebook":[],"instagram":[]}},"created":"2025-11-28 10:59:53","updated":"2025-11-28 11:03:27","seo_analyzer_scan_date":null,"focus_keyword":null,"additional_keywords":null,"truseo_locale":null},"aioseo_breadcrumb":"<div class=\"aioseo-breadcrumbs\"><span class=\"aioseo-breadcrumb\">\n\t\t\t<a href=\"https:\/\/minutobahia24h.com.br\" title=\"In\u00edcio\">In\u00edcio<\/a>\n\t\t<\/span><span class=\"aioseo-breadcrumb-separator\">&raquo;<\/span><span class=\"aioseo-breadcrumb\">\n\t\t\t<a href=\"https:\/\/minutobahia24h.com.br\/?cat=15\" title=\"Mundo\">Mundo<\/a>\n\t\t<\/span><span class=\"aioseo-breadcrumb-separator\">&raquo;<\/span><span class=\"aioseo-breadcrumb\">\n\t\t\tTrump diz que vai interromper a entrada de imigrantes de \u2018pa\u00edses de terceiro mundo\u2019 nos EUA\n\t\t<\/span><\/div>","aioseo_breadcrumb_json":[{"label":"In\u00edcio","link":"https:\/\/minutobahia24h.com.br"},{"label":"Mundo","link":"https:\/\/minutobahia24h.com.br\/?cat=15"},{"label":"Trump diz que vai interromper a entrada de imigrantes de &#8216;pa\u00edses de terceiro mundo&#8217; nos EUA","link":"https:\/\/minutobahia24h.com.br\/?p=38502"}],"jetpack_sharing_enabled":true,"jetpack_featured_media_url":"https:\/\/i0.wp.com\/minutobahia24h.com.br\/wp-content\/uploads\/2025\/11\/Sem-titulo-339.jpg?fit=984%2C656&ssl=1","_links":{"self":[{"href":"https:\/\/minutobahia24h.com.br\/index.php?rest_route=\/wp\/v2\/posts\/38502","targetHints":{"allow":["GET"]}}],"collection":[{"href":"https:\/\/minutobahia24h.com.br\/index.php?rest_route=\/wp\/v2\/posts"}],"about":[{"href":"https:\/\/minutobahia24h.com.br\/index.php?rest_route=\/wp\/v2\/types\/post"}],"author":[{"embeddable":true,"href":"https:\/\/minutobahia24h.com.br\/index.php?rest_route=\/wp\/v2\/users\/2"}],"replies":[{"embeddable":true,"href":"https:\/\/minutobahia24h.com.br\/index.php?rest_route=%2Fwp%2Fv2%2Fcomments&post=38502"}],"version-history":[{"count":1,"href":"https:\/\/minutobahia24h.com.br\/index.php?rest_route=\/wp\/v2\/posts\/38502\/revisions"}],"predecessor-version":[{"id":38504,"href":"https:\/\/minutobahia24h.com.br\/index.php?rest_route=\/wp\/v2\/posts\/38502\/revisions\/38504"}],"wp:featuredmedia":[{"embeddable":true,"href":"https:\/\/minutobahia24h.com.br\/index.php?rest_route=\/wp\/v2\/media\/38503"}],"wp:attachment":[{"href":"https:\/\/minutobahia24h.com.br\/index.php?rest_route=%2Fwp%2Fv2%2Fmedia&parent=38502"}],"wp:term":[{"taxonomy":"category","embeddable":true,"href":"https:\/\/minutobahia24h.com.br\/index.php?rest_route=%2Fwp%2Fv2%2Fcategories&post=38502"},{"taxonomy":"post_tag","embeddable":true,"href":"https:\/\/minutobahia24h.com.br\/index.php?rest_route=%2Fwp%2Fv2%2Ftags&post=38502"}],"curies":[{"name":"wp","href":"https:\/\/api.w.org\/{rel}","templated":true}]}}