{"id":38499,"date":"2025-11-28T07:57:30","date_gmt":"2025-11-28T10:57:30","guid":{"rendered":"https:\/\/minutobahia24h.com.br\/?p=38499"},"modified":"2025-11-28T07:57:31","modified_gmt":"2025-11-28T10:57:31","slug":"vetos-de-lula-derrubados-pelo-congresso-geram-efeitos-na-area-ambiental-e-nas-contas-publicas-entenda","status":"publish","type":"post","link":"https:\/\/minutobahia24h.com.br\/?p=38499","title":{"rendered":"Vetos de Lula derrubados pelo Congresso geram efeitos na \u00e1rea ambiental e nas contas p\u00fablicas; entenda"},"content":{"rendered":"<div class=\"wp-block-image\">\n<figure class=\"aligncenter size-full\"><img data-recalc-dims=\"1\" fetchpriority=\"high\" decoding=\"async\" width=\"800\" height=\"492\" src=\"https:\/\/i0.wp.com\/minutobahia24h.com.br\/wp-content\/uploads\/2025\/11\/Sem-titulo-338.jpg?resize=800%2C492&#038;ssl=1\" alt=\"\" class=\"wp-image-38500\" srcset=\"https:\/\/i0.wp.com\/minutobahia24h.com.br\/wp-content\/uploads\/2025\/11\/Sem-titulo-338.jpg?w=984&amp;ssl=1 984w, https:\/\/i0.wp.com\/minutobahia24h.com.br\/wp-content\/uploads\/2025\/11\/Sem-titulo-338.jpg?resize=300%2C184&amp;ssl=1 300w, https:\/\/i0.wp.com\/minutobahia24h.com.br\/wp-content\/uploads\/2025\/11\/Sem-titulo-338.jpg?resize=768%2C472&amp;ssl=1 768w, https:\/\/i0.wp.com\/minutobahia24h.com.br\/wp-content\/uploads\/2025\/11\/Sem-titulo-338.jpg?resize=750%2C461&amp;ssl=1 750w\" sizes=\"(max-width: 800px) 100vw, 800px\" \/><figcaption class=\"wp-element-caption\">Vota\u00e7\u00e3o de vetos presidenciais e PLN. Presidente do Senado Federal, Davi Alcolumbre (UNI\u00c3O &#8211; AP) \u2014 Foto: kayo Magalh\u00e3es\/C\u00e2mara dos Deputados<br><\/figcaption><\/figure>\n<\/div>\n\n\n<p class=\"wp-block-paragraph\">O Congresso Nacional imp\u00f4s nesta quinta-feira (27) duas derrotas ao governo federal ao derrubar vetos do presidente Luiz In\u00e1cio Lula da Silva (PT) em duas frentes: o\u00a0<a class=\"\" href=\"https:\/\/g1.globo.com\/rj\/rio-de-janeiro\/noticia\/2025\/11\/27\/acordo-para-derrubar-vetos-ao-propag.ghtml\">programa de refinanciamento das d\u00edvidas dos estados<\/a>\u00a0(Propag) e o\u00a0<a class=\"\" href=\"https:\/\/g1.globo.com\/meio-ambiente\/noticia\/2025\/11\/27\/vetos-licenciamento-ambiental-pontos.ghtml\">novo marco de licenciamento ambiental<\/a>. A decis\u00e3o aprofunda a crise entre o Pal\u00e1cio do Planalto e o Legislativo, deflagrada nos \u00faltimos dias com insatisfa\u00e7\u00f5es rec\u00edprocas do governo com o Congresso.<\/p>\n\n\n\n<h2 class=\"wp-block-heading\">D\u00edvidas dos estados e risco fiscal<\/h2>\n\n\n\n<p class=\"wp-block-paragraph\">Deputados e senadores rejeitaram os vetos ao Propag e restabeleceram trechos que permitem aos estados:<\/p>\n\n\n\n<ul class=\"wp-block-list\">\n<li>usar\u00a0<strong>recursos\u00a0<\/strong>aplicados em obras federais, e<\/li>\n\n\n\n<li><a class=\"\" href=\"https:\/\/g1.globo.com\/politica\/noticia\/2025\/11\/27\/congresso-autoriza-estados-a-usar-compensacao-da-reforma-tributaria-para-abater-dividas-com-a-uniao.ghtml\"><strong>verbas\u00a0<\/strong>do Fundo de Desenvolvimento Regional (FNDR)<\/a>\u00a0para abatimento de juros e d\u00edvidas com a Uni\u00e3o.<\/li>\n<\/ul>\n\n\n\n<p class=\"wp-block-paragraph\"><em>\ud83d\udcb0 O&nbsp;<\/em><strong><em>FNDR&nbsp;<\/em><\/strong><em>foi criado pela reforma tribut\u00e1ria para reduzir desigualdades regionais e sociais, com a distribui\u00e7\u00e3o de recursos da Uni\u00e3o aos estados e ao Distrito Federal. Os repasses v\u00e3o come\u00e7ar a ser feitos em 2029, de forma escalonada e alcan\u00e7ar\u00e3o R$ 60 bilh\u00f5es anuais a partir de 2043.<\/em><\/p>\n\n\n\n<p class=\"wp-block-paragraph\"><em>\ud83d\udcb0 J\u00e1 o&nbsp;<\/em><strong><em>Propag&nbsp;<\/em><\/strong><em>oferece uma alternativa aos estados para retomar os pagamentos das&nbsp;<\/em><strong><em>d\u00edvidas com a Uni\u00e3o<\/em><\/strong><em>&nbsp;com juros reais (acima da infla\u00e7\u00e3o) variando entre 0% e 2%.<\/em><\/p>\n\n\n\n<p class=\"wp-block-paragraph\">Segundo o l\u00edder do governo no Congresso, senador Randolfe Rodrigues (PT-AP), o Planalto teve de costurar acordo com partidos da oposi\u00e7\u00e3o.&nbsp;As mudan\u00e7as beneficiam principalmente os estados mais endividados:<\/p>\n\n\n\n<ul class=\"wp-block-list\">\n<li>S\u00e3o Paulo \u2014 R$ 291,7 bilh\u00f5es;<\/li>\n\n\n\n<li>Rio de Janeiro \u2014 R$ 178,5 bilh\u00f5es;<\/li>\n\n\n\n<li>Minas Gerais \u2014 R$ 164,1 bilh\u00f5es;<\/li>\n\n\n\n<li>Rio Grande do Sul \u2014 R$ 101,6 bilh\u00f5es;<\/li>\n\n\n\n<li>Goi\u00e1s \u2014 R$ 19 bilh\u00f5es.<\/li>\n<\/ul>\n\n\n\n<p class=\"wp-block-paragraph\">Ainda de acordo com Randolfe, houve acordo para a derrubada de vetos a artigos considerados fundamentais&nbsp;<a class=\"\" href=\"https:\/\/g1.globo.com\/rj\/rio-de-janeiro\/noticia\/2025\/11\/27\/acordo-para-derrubar-vetos-ao-propag.ghtml\">para que o estado do Rio possa aderir ao regime que refinancia a d\u00edvida com a Uni\u00e3o.<\/a><\/p>\n\n\n\n<p class=\"wp-block-paragraph\">Segundo proje\u00e7\u00f5es da Comiss\u00e3o de Or\u00e7amento da Assembleia Legislativa do Rio (Alerj), a ades\u00e3o ao Propag reduziria o d\u00e9ficit previsto para 2026 nas contas estaduais de&nbsp;<strong>R$ 18,9 bilh\u00f5es para R$ 10,9 bilh\u00f5es<\/strong>.<\/p>\n\n\n\n<h2 class=\"wp-block-heading\">Licenciamento ambiental<\/h2>\n\n\n\n<p class=\"wp-block-paragraph\">Na mesma sess\u00e3o, parlamentares derrubaram 63 vetos de Lula ao novo marco de licenciamento ambiental.<\/p>\n\n\n\n<p class=\"wp-block-paragraph\">O governo conseguiu retirar apenas um ponto da vota\u00e7\u00e3o \u2014 o artigo que cria uma licen\u00e7a ambiental especial para projetos estrat\u00e9gicos, que ser\u00e1 analisado na semana que vem em outro projeto.<\/p>\n\n\n\n<p class=\"wp-block-paragraph\">A maioria dos vetos, por\u00e9m, foi rejeitada.<\/p>\n\n\n\n<p class=\"wp-block-paragraph\">Parlamentares favor\u00e1veis \u00e0 derrubada afirmaram que as mudan\u00e7as v\u00e3o destravar obras e estimular o desenvolvimento econ\u00f4mico. \u201c\u00c9 uma lei equilibrada, que concilia preserva\u00e7\u00e3o com desenvolvimento\u201d, disse o senador Marcos Rog\u00e9rio (PL-RO).<\/p>\n\n\n\n<p class=\"wp-block-paragraph\">Governo e ambientalistas, por outro lado, criticaram a derrubada dos vetos e alertaram para risco ambiental elevado. A avalia\u00e7\u00e3o do grupo \u00e9 de que a medida representa um retrocesso na prote\u00e7\u00e3o do meio ambiente.<\/p>\n\n\n\n<p class=\"wp-block-paragraph\">O Congresso restabeleceu dispositivos que:<\/p>\n\n\n\n<ul class=\"wp-block-list\">\n<li>\u25b6\ufe0f criam a licen\u00e7a por ades\u00e3o e compromisso (LAC) \u2014 uma forma de autolicenciamento em que o empreendedor apenas declara as condi\u00e7\u00f5es da obra e pode iniciar atividades sem an\u00e1lise pr\u00e9via de \u00f3rg\u00e3os ambientais;<\/li>\n\n\n\n<li>\u25b6\ufe0f transferem de forma ampla para estados e munic\u00edpios o poder de definir crit\u00e9rios do licenciamento, reduzindo o papel do Conama;<\/li>\n\n\n\n<li>\u25b6\ufe0f dispensam licenciamento para obras de manuten\u00e7\u00e3o e duplica\u00e7\u00e3o de rodovias e para atividades rurais em im\u00f3veis sem o CAR homologado;<\/li>\n\n\n\n<li>\u25b6\ufe0f eliminam a exig\u00eancia de consulta pr\u00e9via a povos ind\u00edgenas e tradicionais;<\/li>\n\n\n\n<li>\u25b6\ufe0f retiram a necessidade de autoriza\u00e7\u00e3o espec\u00edfica do Ibama para remo\u00e7\u00e3o de vegeta\u00e7\u00e3o nativa da Mata Atl\u00e2ntica.<\/li>\n<\/ul>\n\n\n\n<p class=\"wp-block-paragraph\">A vota\u00e7\u00e3o que derrubou os vetos registrou 295 votos na C\u00e2mara e 52 no Senado.<\/p>\n\n\n\n<h2 class=\"wp-block-heading\">Governo avalia ir ao STF<\/h2>\n\n\n\n<p class=\"wp-block-paragraph\">A ministra do Meio Ambiente, Marina Silva, afirmou que o governo estuda judicializar trechos da lei no Supremo Tribunal Federal: &#8220;Vamos ter uma terra sem lei. As leis da natureza n\u00e3o mudam porque mudou de estado ou de munic\u00edpio. Haver\u00e1 uma guerra de judicializa\u00e7\u00f5es.&#8221;<\/p>\n\n\n\n<p class=\"wp-block-paragraph\">Segundo Marina, h\u00e1 ind\u00edcios de inconstitucionalidade que justificam levar o caso ao STF.<\/p>\n\n\n\n<p class=\"wp-block-paragraph\">Pesquisadores e organiza\u00e7\u00f5es ambientais classificaram a decis\u00e3o como um retrocesso.<\/p>\n\n\n\n<p class=\"wp-block-paragraph\">\u201cO que aconteceu hoje \u00e9 um verdadeiro enterro do licenciamento ambiental como \u00e9 praticado no pa\u00eds\u201d, afirmou Suely Ara\u00fajo, coordenadora do Observat\u00f3rio do Clima.<\/p>\n\n\n\n<p class=\"wp-block-paragraph\">O presidente do Ibama, Rodrigo Agostinho, disse que quase 80% do licenciamento ambiental do pa\u00eds ficar\u00e1 sujeito a autoriza\u00e7\u00f5es autom\u00e1ticas sem an\u00e1lise t\u00e9cnica:<\/p>\n\n\n\n<p class=\"wp-block-paragraph\">\u201c\u00c9 como se a pessoa fosse \u00e0 farm\u00e1cia comprar um rem\u00e9dio e ela mesma se prescrevesse\u201d, comparou.<\/p>\n","protected":false},"excerpt":{"rendered":"<p>O Congresso Nacional imp\u00f4s nesta quinta-feira (27) duas derrotas ao governo federal ao derrubar vetos do presidente Luiz In\u00e1cio Lula da Silva (PT) em duas frentes: o\u00a0programa de refinanciamento das d\u00edvidas dos estados\u00a0(Propag) e o\u00a0novo marco de licenciamento ambiental. A decis\u00e3o aprofunda a crise entre o Pal\u00e1cio do Planalto e o Legislativo, deflagrada nos \u00faltimos [&hellip;]<\/p>\n","protected":false},"author":2,"featured_media":38500,"comment_status":"open","ping_status":"open","sticky":false,"template":"","format":"standard","meta":{"_jetpack_newsletter_access":"","_jetpack_dont_email_post_to_subs":false,"_jetpack_newsletter_tier_id":0,"_jetpack_memberships_contains_paywalled_content":false,"_jetpack_feature_clip_id":0,"_jetpack_memberships_contains_paid_content":false,"footnotes":"","jetpack_post_was_ever_published":false},"categories":[39],"tags":[],"class_list":["post-38499","post","type-post","status-publish","format-standard","has-post-thumbnail","hentry","category-politica"],"aioseo_notices":[],"aioseo_head":"\n\t\t<!-- All in One SEO 5.0.1.1 - aioseo.com -->\n\t<meta name=\"description\" content=\"O Congresso Nacional imp\u00f4s nesta quinta-feira (27) duas derrotas ao governo federal ao derrubar vetos do presidente Luiz In\u00e1cio Lula da Silva (PT) em duas frentes: o programa de refinanciamento das d\u00edvidas dos estados (Propag) e o novo marco de licenciamento ambiental. A decis\u00e3o aprofunda a crise entre o Pal\u00e1cio do Planalto e o Legislativo, deflagrada nos \u00faltimos\" \/>\n\t<meta name=\"robots\" content=\"max-image-preview:large\" \/>\n\t<meta name=\"author\" content=\"andre\"\/>\n\t<link rel=\"canonical\" href=\"https:\/\/minutobahia24h.com.br\/?p=38499\" \/>\n\t<meta name=\"generator\" content=\"All in One SEO (AIOSEO) 5.0.1.1\" \/>\n\t\t<meta property=\"og:locale\" content=\"pt_BR\" \/>\n\t\t<meta property=\"og:site_name\" content=\"Minuto Bahia 24h - O seu portal de not\u00edcias\" \/>\n\t\t<meta property=\"og:type\" content=\"article\" \/>\n\t\t<meta property=\"og:title\" content=\"Vetos de Lula derrubados pelo Congresso geram efeitos na \u00e1rea ambiental e nas contas p\u00fablicas; entenda - Minuto Bahia 24h\" \/>\n\t\t<meta property=\"og:description\" content=\"O Congresso Nacional imp\u00f4s nesta quinta-feira (27) duas derrotas ao governo federal ao derrubar vetos do presidente Luiz In\u00e1cio Lula da Silva (PT) em duas frentes: o programa de refinanciamento das d\u00edvidas dos estados (Propag) e o novo marco de licenciamento ambiental. A decis\u00e3o aprofunda a crise entre o Pal\u00e1cio do Planalto e o Legislativo, deflagrada nos \u00faltimos\" \/>\n\t\t<meta property=\"og:url\" content=\"https:\/\/minutobahia24h.com.br\/?p=38499\" \/>\n\t\t<meta property=\"og:image\" content=\"https:\/\/minutobahia24h.com.br\/wp-content\/uploads\/2025\/11\/Sem-titulo-338.jpg\" \/>\n\t\t<meta property=\"og:image:secure_url\" content=\"https:\/\/minutobahia24h.com.br\/wp-content\/uploads\/2025\/11\/Sem-titulo-338.jpg\" \/>\n\t\t<meta property=\"og:image:width\" content=\"984\" \/>\n\t\t<meta property=\"og:image:height\" content=\"605\" \/>\n\t\t<meta property=\"article:published_time\" content=\"2025-11-28T10:57:30+00:00\" \/>\n\t\t<meta property=\"article:modified_time\" content=\"2025-11-28T10:57:31+00:00\" \/>\n\t\t<meta name=\"twitter:card\" content=\"summary_large_image\" \/>\n\t\t<meta name=\"twitter:title\" content=\"Vetos de Lula derrubados pelo Congresso geram efeitos na \u00e1rea ambiental e nas contas p\u00fablicas; entenda - Minuto Bahia 24h\" \/>\n\t\t<meta name=\"twitter:description\" content=\"O Congresso Nacional imp\u00f4s nesta quinta-feira (27) duas derrotas ao governo federal ao derrubar vetos do presidente Luiz In\u00e1cio Lula da Silva (PT) em duas frentes: o programa de refinanciamento das d\u00edvidas dos estados (Propag) e o novo marco de licenciamento ambiental. A decis\u00e3o aprofunda a crise entre o Pal\u00e1cio do Planalto e o Legislativo, deflagrada nos \u00faltimos\" \/>\n\t\t<meta name=\"twitter:image\" content=\"https:\/\/minutobahia24h.com.br\/wp-content\/uploads\/2025\/11\/Sem-titulo-338.jpg\" \/>\n\t\t<script type=\"application\/ld+json\" class=\"aioseo-schema\">\n\t\t\t{\"@context\":\"https:\\\/\\\/schema.org\",\"@graph\":[{\"@type\":\"BlogPosting\",\"@id\":\"https:\\\/\\\/minutobahia24h.com.br\\\/?p=38499#blogposting\",\"name\":\"Vetos de Lula derrubados pelo Congresso geram efeitos na \\u00e1rea ambiental e nas contas p\\u00fablicas; entenda - Minuto Bahia 24h\",\"headline\":\"Vetos de Lula derrubados pelo Congresso geram efeitos na \\u00e1rea ambiental e nas contas p\\u00fablicas; entenda\",\"author\":{\"@id\":\"https:\\\/\\\/minutobahia24h.com.br\\\/?author=2#author\"},\"publisher\":{\"@id\":\"https:\\\/\\\/minutobahia24h.com.br\\\/#organization\"},\"image\":{\"@type\":\"ImageObject\",\"url\":\"https:\\\/\\\/i0.wp.com\\\/minutobahia24h.com.br\\\/wp-content\\\/uploads\\\/2025\\\/11\\\/Sem-titulo-338.jpg?fit=984%2C605&ssl=1\",\"width\":984,\"height\":605},\"datePublished\":\"2025-11-28T07:57:30-03:00\",\"dateModified\":\"2025-11-28T07:57:31-03:00\",\"inLanguage\":\"pt-BR\",\"mainEntityOfPage\":{\"@id\":\"https:\\\/\\\/minutobahia24h.com.br\\\/?p=38499#webpage\"},\"isPartOf\":{\"@id\":\"https:\\\/\\\/minutobahia24h.com.br\\\/?p=38499#webpage\"},\"articleSection\":\"Pol\\u00edtica\"},{\"@type\":\"BreadcrumbList\",\"@id\":\"https:\\\/\\\/minutobahia24h.com.br\\\/?p=38499#breadcrumblist\",\"itemListElement\":[{\"@type\":\"ListItem\",\"@id\":\"https:\\\/\\\/minutobahia24h.com.br#listItem\",\"position\":1,\"name\":\"In\\u00edcio\",\"item\":\"https:\\\/\\\/minutobahia24h.com.br\",\"nextItem\":{\"@type\":\"ListItem\",\"@id\":\"https:\\\/\\\/minutobahia24h.com.br\\\/?cat=39#listItem\",\"name\":\"Pol\\u00edtica\"}},{\"@type\":\"ListItem\",\"@id\":\"https:\\\/\\\/minutobahia24h.com.br\\\/?cat=39#listItem\",\"position\":2,\"name\":\"Pol\\u00edtica\",\"item\":\"https:\\\/\\\/minutobahia24h.com.br\\\/?cat=39\",\"nextItem\":{\"@type\":\"ListItem\",\"@id\":\"https:\\\/\\\/minutobahia24h.com.br\\\/?p=38499#listItem\",\"name\":\"Vetos de Lula derrubados pelo Congresso geram efeitos na \\u00e1rea ambiental e nas contas p\\u00fablicas; entenda\"},\"previousItem\":{\"@type\":\"ListItem\",\"@id\":\"https:\\\/\\\/minutobahia24h.com.br#listItem\",\"name\":\"In\\u00edcio\"}},{\"@type\":\"ListItem\",\"@id\":\"https:\\\/\\\/minutobahia24h.com.br\\\/?p=38499#listItem\",\"position\":3,\"name\":\"Vetos de Lula derrubados pelo Congresso geram efeitos na \\u00e1rea ambiental e nas contas p\\u00fablicas; entenda\",\"previousItem\":{\"@type\":\"ListItem\",\"@id\":\"https:\\\/\\\/minutobahia24h.com.br\\\/?cat=39#listItem\",\"name\":\"Pol\\u00edtica\"}}]},{\"@type\":\"Organization\",\"@id\":\"https:\\\/\\\/minutobahia24h.com.br\\\/#organization\",\"name\":\"Minuto Bahia 24h\",\"description\":\"O seu portal de not\\u00edcias\",\"url\":\"https:\\\/\\\/minutobahia24h.com.br\\\/\",\"logo\":{\"@type\":\"ImageObject\",\"url\":\"https:\\\/\\\/i0.wp.com\\\/minutobahia24h.com.br\\\/wp-content\\\/uploads\\\/2023\\\/09\\\/cropped-minutoba.png?fit=457%2C119&ssl=1\",\"@id\":\"https:\\\/\\\/minutobahia24h.com.br\\\/?p=38499\\\/#organizationLogo\",\"width\":457,\"height\":119},\"image\":{\"@id\":\"https:\\\/\\\/minutobahia24h.com.br\\\/?p=38499\\\/#organizationLogo\"}},{\"@type\":\"Person\",\"@id\":\"https:\\\/\\\/minutobahia24h.com.br\\\/?author=2#author\",\"url\":\"https:\\\/\\\/minutobahia24h.com.br\\\/?author=2\",\"name\":\"andre\",\"image\":{\"@type\":\"ImageObject\",\"@id\":\"https:\\\/\\\/minutobahia24h.com.br\\\/?p=38499#authorImage\",\"url\":\"https:\\\/\\\/secure.gravatar.com\\\/avatar\\\/0ec5eafed5f3925c321625d79a680d589901b94bca787ae396a35f6c4a960922?s=96&d=mm&r=g\",\"width\":96,\"height\":96,\"caption\":\"andre\"}},{\"@type\":\"WebPage\",\"@id\":\"https:\\\/\\\/minutobahia24h.com.br\\\/?p=38499#webpage\",\"url\":\"https:\\\/\\\/minutobahia24h.com.br\\\/?p=38499\",\"name\":\"Vetos de Lula derrubados pelo Congresso geram efeitos na \\u00e1rea ambiental e nas contas p\\u00fablicas; entenda - Minuto Bahia 24h\",\"description\":\"O Congresso Nacional imp\\u00f4s nesta quinta-feira (27) duas derrotas ao governo federal ao derrubar vetos do presidente Luiz In\\u00e1cio Lula da Silva (PT) em duas frentes: o programa de refinanciamento das d\\u00edvidas dos estados (Propag) e o novo marco de licenciamento ambiental. A decis\\u00e3o aprofunda a crise entre o Pal\\u00e1cio do Planalto e o Legislativo, deflagrada nos \\u00faltimos\",\"inLanguage\":\"pt-BR\",\"isPartOf\":{\"@id\":\"https:\\\/\\\/minutobahia24h.com.br\\\/#website\"},\"breadcrumb\":{\"@id\":\"https:\\\/\\\/minutobahia24h.com.br\\\/?p=38499#breadcrumblist\"},\"author\":{\"@id\":\"https:\\\/\\\/minutobahia24h.com.br\\\/?author=2#author\"},\"creator\":{\"@id\":\"https:\\\/\\\/minutobahia24h.com.br\\\/?author=2#author\"},\"image\":{\"@type\":\"ImageObject\",\"url\":\"https:\\\/\\\/i0.wp.com\\\/minutobahia24h.com.br\\\/wp-content\\\/uploads\\\/2025\\\/11\\\/Sem-titulo-338.jpg?fit=984%2C605&ssl=1\",\"@id\":\"https:\\\/\\\/minutobahia24h.com.br\\\/?p=38499\\\/#mainImage\",\"width\":984,\"height\":605},\"primaryImageOfPage\":{\"@id\":\"https:\\\/\\\/minutobahia24h.com.br\\\/?p=38499#mainImage\"},\"datePublished\":\"2025-11-28T07:57:30-03:00\",\"dateModified\":\"2025-11-28T07:57:31-03:00\"},{\"@type\":\"WebSite\",\"@id\":\"https:\\\/\\\/minutobahia24h.com.br\\\/#website\",\"url\":\"https:\\\/\\\/minutobahia24h.com.br\\\/\",\"name\":\"Minuto Bahia 24h\",\"description\":\"O seu portal de not\\u00edcias\",\"inLanguage\":\"pt-BR\",\"publisher\":{\"@id\":\"https:\\\/\\\/minutobahia24h.com.br\\\/#organization\"}}]}\n\t\t<\/script>\n\t\t<!-- All in One SEO -->\n\n","aioseo_head_json":{"title":"Vetos de Lula derrubados pelo Congresso geram efeitos na \u00e1rea ambiental e nas contas p\u00fablicas; entenda - Minuto Bahia 24h","description":"O Congresso Nacional imp\u00f4s nesta quinta-feira (27) duas derrotas ao governo federal ao derrubar vetos do presidente Luiz In\u00e1cio Lula da Silva (PT) em duas frentes: o programa de refinanciamento das d\u00edvidas dos estados (Propag) e o novo marco de licenciamento ambiental. A decis\u00e3o aprofunda a crise entre o Pal\u00e1cio do Planalto e o Legislativo, deflagrada nos \u00faltimos","canonical_url":"https:\/\/minutobahia24h.com.br\/?p=38499","robots":"max-image-preview:large","keywords":"","webmasterTools":{"miscellaneous":""},"schema":{"@context":"https:\/\/schema.org","@graph":[{"@type":"BlogPosting","@id":"https:\/\/minutobahia24h.com.br\/?p=38499#blogposting","name":"Vetos de Lula derrubados pelo Congresso geram efeitos na \u00e1rea ambiental e nas contas p\u00fablicas; entenda - Minuto Bahia 24h","headline":"Vetos de Lula derrubados pelo Congresso geram efeitos na \u00e1rea ambiental e nas contas p\u00fablicas; entenda","author":{"@id":"https:\/\/minutobahia24h.com.br\/?author=2#author"},"publisher":{"@id":"https:\/\/minutobahia24h.com.br\/#organization"},"image":{"@type":"ImageObject","url":"https:\/\/i0.wp.com\/minutobahia24h.com.br\/wp-content\/uploads\/2025\/11\/Sem-titulo-338.jpg?fit=984%2C605&ssl=1","width":984,"height":605},"datePublished":"2025-11-28T07:57:30-03:00","dateModified":"2025-11-28T07:57:31-03:00","inLanguage":"pt-BR","mainEntityOfPage":{"@id":"https:\/\/minutobahia24h.com.br\/?p=38499#webpage"},"isPartOf":{"@id":"https:\/\/minutobahia24h.com.br\/?p=38499#webpage"},"articleSection":"Pol\u00edtica"},{"@type":"BreadcrumbList","@id":"https:\/\/minutobahia24h.com.br\/?p=38499#breadcrumblist","itemListElement":[{"@type":"ListItem","@id":"https:\/\/minutobahia24h.com.br#listItem","position":1,"name":"In\u00edcio","item":"https:\/\/minutobahia24h.com.br","nextItem":{"@type":"ListItem","@id":"https:\/\/minutobahia24h.com.br\/?cat=39#listItem","name":"Pol\u00edtica"}},{"@type":"ListItem","@id":"https:\/\/minutobahia24h.com.br\/?cat=39#listItem","position":2,"name":"Pol\u00edtica","item":"https:\/\/minutobahia24h.com.br\/?cat=39","nextItem":{"@type":"ListItem","@id":"https:\/\/minutobahia24h.com.br\/?p=38499#listItem","name":"Vetos de Lula derrubados pelo Congresso geram efeitos na \u00e1rea ambiental e nas contas p\u00fablicas; entenda"},"previousItem":{"@type":"ListItem","@id":"https:\/\/minutobahia24h.com.br#listItem","name":"In\u00edcio"}},{"@type":"ListItem","@id":"https:\/\/minutobahia24h.com.br\/?p=38499#listItem","position":3,"name":"Vetos de Lula derrubados pelo Congresso geram efeitos na \u00e1rea ambiental e nas contas p\u00fablicas; entenda","previousItem":{"@type":"ListItem","@id":"https:\/\/minutobahia24h.com.br\/?cat=39#listItem","name":"Pol\u00edtica"}}]},{"@type":"Organization","@id":"https:\/\/minutobahia24h.com.br\/#organization","name":"Minuto Bahia 24h","description":"O seu portal de not\u00edcias","url":"https:\/\/minutobahia24h.com.br\/","logo":{"@type":"ImageObject","url":"https:\/\/i0.wp.com\/minutobahia24h.com.br\/wp-content\/uploads\/2023\/09\/cropped-minutoba.png?fit=457%2C119&ssl=1","@id":"https:\/\/minutobahia24h.com.br\/?p=38499\/#organizationLogo","width":457,"height":119},"image":{"@id":"https:\/\/minutobahia24h.com.br\/?p=38499\/#organizationLogo"}},{"@type":"Person","@id":"https:\/\/minutobahia24h.com.br\/?author=2#author","url":"https:\/\/minutobahia24h.com.br\/?author=2","name":"andre","image":{"@type":"ImageObject","@id":"https:\/\/minutobahia24h.com.br\/?p=38499#authorImage","url":"https:\/\/secure.gravatar.com\/avatar\/0ec5eafed5f3925c321625d79a680d589901b94bca787ae396a35f6c4a960922?s=96&d=mm&r=g","width":96,"height":96,"caption":"andre"}},{"@type":"WebPage","@id":"https:\/\/minutobahia24h.com.br\/?p=38499#webpage","url":"https:\/\/minutobahia24h.com.br\/?p=38499","name":"Vetos de Lula derrubados pelo Congresso geram efeitos na \u00e1rea ambiental e nas contas p\u00fablicas; entenda - Minuto Bahia 24h","description":"O Congresso Nacional imp\u00f4s nesta quinta-feira (27) duas derrotas ao governo federal ao derrubar vetos do presidente Luiz In\u00e1cio Lula da Silva (PT) em duas frentes: o programa de refinanciamento das d\u00edvidas dos estados (Propag) e o novo marco de licenciamento ambiental. A decis\u00e3o aprofunda a crise entre o Pal\u00e1cio do Planalto e o Legislativo, deflagrada nos \u00faltimos","inLanguage":"pt-BR","isPartOf":{"@id":"https:\/\/minutobahia24h.com.br\/#website"},"breadcrumb":{"@id":"https:\/\/minutobahia24h.com.br\/?p=38499#breadcrumblist"},"author":{"@id":"https:\/\/minutobahia24h.com.br\/?author=2#author"},"creator":{"@id":"https:\/\/minutobahia24h.com.br\/?author=2#author"},"image":{"@type":"ImageObject","url":"https:\/\/i0.wp.com\/minutobahia24h.com.br\/wp-content\/uploads\/2025\/11\/Sem-titulo-338.jpg?fit=984%2C605&ssl=1","@id":"https:\/\/minutobahia24h.com.br\/?p=38499\/#mainImage","width":984,"height":605},"primaryImageOfPage":{"@id":"https:\/\/minutobahia24h.com.br\/?p=38499#mainImage"},"datePublished":"2025-11-28T07:57:30-03:00","dateModified":"2025-11-28T07:57:31-03:00"},{"@type":"WebSite","@id":"https:\/\/minutobahia24h.com.br\/#website","url":"https:\/\/minutobahia24h.com.br\/","name":"Minuto Bahia 24h","description":"O seu portal de not\u00edcias","inLanguage":"pt-BR","publisher":{"@id":"https:\/\/minutobahia24h.com.br\/#organization"}}]},"og:locale":"pt_BR","og:site_name":"Minuto Bahia 24h - O seu portal de not\u00edcias","og:type":"article","og:title":"Vetos de Lula derrubados pelo Congresso geram efeitos na \u00e1rea ambiental e nas contas p\u00fablicas; entenda - Minuto Bahia 24h","og:description":"O Congresso Nacional imp\u00f4s nesta quinta-feira (27) duas derrotas ao governo federal ao derrubar vetos do presidente Luiz In\u00e1cio Lula da Silva (PT) em duas frentes: o programa de refinanciamento das d\u00edvidas dos estados (Propag) e o novo marco de licenciamento ambiental. A decis\u00e3o aprofunda a crise entre o Pal\u00e1cio do Planalto e o Legislativo, deflagrada nos \u00faltimos","og:url":"https:\/\/minutobahia24h.com.br\/?p=38499","og:image":"https:\/\/minutobahia24h.com.br\/wp-content\/uploads\/2025\/11\/Sem-titulo-338.jpg","og:image:secure_url":"https:\/\/minutobahia24h.com.br\/wp-content\/uploads\/2025\/11\/Sem-titulo-338.jpg","og:image:width":984,"og:image:height":605,"article:published_time":"2025-11-28T10:57:30+00:00","article:modified_time":"2025-11-28T10:57:31+00:00","twitter:card":"summary_large_image","twitter:title":"Vetos de Lula derrubados pelo Congresso geram efeitos na \u00e1rea ambiental e nas contas p\u00fablicas; entenda - Minuto Bahia 24h","twitter:description":"O Congresso Nacional imp\u00f4s nesta quinta-feira (27) duas derrotas ao governo federal ao derrubar vetos do presidente Luiz In\u00e1cio Lula da Silva (PT) em duas frentes: o programa de refinanciamento das d\u00edvidas dos estados (Propag) e o novo marco de licenciamento ambiental. A decis\u00e3o aprofunda a crise entre o Pal\u00e1cio do Planalto e o Legislativo, deflagrada nos \u00faltimos","twitter:image":"https:\/\/minutobahia24h.com.br\/wp-content\/uploads\/2025\/11\/Sem-titulo-338.jpg"},"aioseo_meta_data":{"post_id":"38499","title":null,"description":null,"keywords":null,"keyphrases":{"focus":{"keyphrase":"","score":0,"analysis":{"keyphraseInTitle":{"score":0,"maxScore":9,"error":1}}},"additional":[]},"primary_term":null,"canonical_url":null,"og_title":null,"og_description":null,"og_object_type":"default","og_image_type":"default","og_image_url":null,"og_image_width":null,"og_image_height":null,"og_image_custom_url":null,"og_image_custom_fields":null,"og_video":"","og_custom_url":null,"og_article_section":null,"og_article_tags":null,"twitter_use_og":true,"twitter_card":"default","twitter_image_type":"default","twitter_image_url":null,"twitter_image_custom_url":null,"twitter_image_custom_fields":null,"twitter_title":null,"twitter_description":null,"schema":{"blockGraphs":[],"customGraphs":[],"default":{"data":{"Article":[],"Course":[],"Dataset":[],"FAQPage":[],"Movie":[],"Person":[],"Product":[],"ProductReview":[],"Car":[],"Recipe":[],"Service":[],"SoftwareApplication":[],"WebPage":[]},"graphName":"BlogPosting","isEnabled":true},"graphs":[]},"schema_type":"default","schema_type_options":null,"pillar_content":false,"robots_default":true,"robots_noindex":false,"robots_noarchive":false,"robots_nosnippet":false,"robots_nofollow":false,"robots_noimageindex":false,"robots_noodp":false,"robots_notranslate":false,"robots_max_snippet":"-1","robots_max_videopreview":"-1","robots_max_imagepreview":"large","priority":null,"frequency":"default","local_seo":null,"breadcrumb_settings":null,"limit_modified_date":false,"ai":{"faqs":[],"keyPoints":[],"titles":[],"descriptions":[],"socialPosts":{"email":[],"linkedin":[],"twitter":[],"facebook":[],"instagram":[]}},"created":"2025-11-28 10:57:31","updated":"2025-11-28 11:03:27","seo_analyzer_scan_date":null,"focus_keyword":null,"additional_keywords":null,"truseo_locale":null},"aioseo_breadcrumb":"<div class=\"aioseo-breadcrumbs\"><span class=\"aioseo-breadcrumb\">\n\t\t\t<a href=\"https:\/\/minutobahia24h.com.br\" title=\"In\u00edcio\">In\u00edcio<\/a>\n\t\t<\/span><span class=\"aioseo-breadcrumb-separator\">&raquo;<\/span><span class=\"aioseo-breadcrumb\">\n\t\t\t<a href=\"https:\/\/minutobahia24h.com.br\/?cat=39\" title=\"Pol\u00edtica\">Pol\u00edtica<\/a>\n\t\t<\/span><span class=\"aioseo-breadcrumb-separator\">&raquo;<\/span><span class=\"aioseo-breadcrumb\">\n\t\t\tVetos de Lula derrubados pelo Congresso geram efeitos na \u00e1rea ambiental e nas contas p\u00fablicas; entenda\n\t\t<\/span><\/div>","aioseo_breadcrumb_json":[{"label":"In\u00edcio","link":"https:\/\/minutobahia24h.com.br"},{"label":"Pol\u00edtica","link":"https:\/\/minutobahia24h.com.br\/?cat=39"},{"label":"Vetos de Lula derrubados pelo Congresso geram efeitos na \u00e1rea ambiental e nas contas p\u00fablicas; entenda","link":"https:\/\/minutobahia24h.com.br\/?p=38499"}],"jetpack_sharing_enabled":true,"jetpack_featured_media_url":"https:\/\/i0.wp.com\/minutobahia24h.com.br\/wp-content\/uploads\/2025\/11\/Sem-titulo-338.jpg?fit=984%2C605&ssl=1","_links":{"self":[{"href":"https:\/\/minutobahia24h.com.br\/index.php?rest_route=\/wp\/v2\/posts\/38499","targetHints":{"allow":["GET"]}}],"collection":[{"href":"https:\/\/minutobahia24h.com.br\/index.php?rest_route=\/wp\/v2\/posts"}],"about":[{"href":"https:\/\/minutobahia24h.com.br\/index.php?rest_route=\/wp\/v2\/types\/post"}],"author":[{"embeddable":true,"href":"https:\/\/minutobahia24h.com.br\/index.php?rest_route=\/wp\/v2\/users\/2"}],"replies":[{"embeddable":true,"href":"https:\/\/minutobahia24h.com.br\/index.php?rest_route=%2Fwp%2Fv2%2Fcomments&post=38499"}],"version-history":[{"count":1,"href":"https:\/\/minutobahia24h.com.br\/index.php?rest_route=\/wp\/v2\/posts\/38499\/revisions"}],"predecessor-version":[{"id":38501,"href":"https:\/\/minutobahia24h.com.br\/index.php?rest_route=\/wp\/v2\/posts\/38499\/revisions\/38501"}],"wp:featuredmedia":[{"embeddable":true,"href":"https:\/\/minutobahia24h.com.br\/index.php?rest_route=\/wp\/v2\/media\/38500"}],"wp:attachment":[{"href":"https:\/\/minutobahia24h.com.br\/index.php?rest_route=%2Fwp%2Fv2%2Fmedia&parent=38499"}],"wp:term":[{"taxonomy":"category","embeddable":true,"href":"https:\/\/minutobahia24h.com.br\/index.php?rest_route=%2Fwp%2Fv2%2Fcategories&post=38499"},{"taxonomy":"post_tag","embeddable":true,"href":"https:\/\/minutobahia24h.com.br\/index.php?rest_route=%2Fwp%2Fv2%2Ftags&post=38499"}],"curies":[{"name":"wp","href":"https:\/\/api.w.org\/{rel}","templated":true}]}}