{"id":38487,"date":"2025-11-28T09:12:00","date_gmt":"2025-11-28T12:12:00","guid":{"rendered":"https:\/\/minutobahia24h.com.br\/?p=38487"},"modified":"2025-11-28T07:13:30","modified_gmt":"2025-11-28T10:13:30","slug":"prf-ba-realiza-edicao-2025-do-patrulha-da-saude-em-feira-de-santana-e-sr-do-bonfim","status":"publish","type":"post","link":"https:\/\/minutobahia24h.com.br\/?p=38487","title":{"rendered":"PRF-BA realiza edi\u00e7\u00e3o 2025 do \u2018Patrulha da Sa\u00fade\u2019 em Feira de Santana e Sr. do Bonfim"},"content":{"rendered":"<div class=\"wp-block-image\">\n<figure class=\"aligncenter size-full\"><img data-recalc-dims=\"1\" fetchpriority=\"high\" decoding=\"async\" width=\"697\" height=\"525\" src=\"https:\/\/i0.wp.com\/minutobahia24h.com.br\/wp-content\/uploads\/2025\/11\/Sem-titulo-334.jpg?resize=697%2C525&#038;ssl=1\" alt=\"\" class=\"wp-image-38488\" srcset=\"https:\/\/i0.wp.com\/minutobahia24h.com.br\/wp-content\/uploads\/2025\/11\/Sem-titulo-334.jpg?w=697&amp;ssl=1 697w, https:\/\/i0.wp.com\/minutobahia24h.com.br\/wp-content\/uploads\/2025\/11\/Sem-titulo-334.jpg?resize=300%2C226&amp;ssl=1 300w\" sizes=\"(max-width: 697px) 100vw, 697px\" \/><figcaption class=\"wp-element-caption\">Foto: PRF\/divulga\u00e7\u00e3o<\/figcaption><\/figure>\n<\/div>\n\n\n<p class=\"wp-block-paragraph\">A Pol\u00edcia Rodovi\u00e1ria Federal (PRF) na Bahia promoveu, nas delegacias de Feira de Santana e Senhor do Bonfim, mais uma etapa da edi\u00e7\u00e3o 2025 do Patrulha da Sa\u00fade \u2013 programa coordenado pelo N\u00facleo de Sa\u00fade Integral do Servidor (NUSINT). A iniciativa refor\u00e7a o compromisso da institui\u00e7\u00e3o com a promo\u00e7\u00e3o da sa\u00fade, preven\u00e7\u00e3o de doen\u00e7as e melhoria da qualidade de vida dos servidores que atuam no Estado.<\/p>\n\n\n\n<p class=\"wp-block-paragraph\">Durante as atividades, os participantes receberam orienta\u00e7\u00f5es sobre alimenta\u00e7\u00e3o equilibrada, pr\u00e1tica regular de exerc\u00edcios f\u00edsicos, cuidados com o sono, manejo do estresse e conviv\u00eancia social saud\u00e1vel. Tamb\u00e9m foram realizadas avalia\u00e7\u00f5es cl\u00ednicas e medi\u00e7\u00f5es antropom\u00e9tricas, como aferi\u00e7\u00e3o de press\u00e3o arterial, peso, circunfer\u00eancia abdominal, \u00edndice de massa corporal e outros indicadores de risco.<\/p>\n\n\n\n<p class=\"wp-block-paragraph\">Como parte do acompanhamento, foram solicitados exames laboratoriais para an\u00e1lise de par\u00e2metros bioqu\u00edmicos, incluindo glicose, colesterol e triglicer\u00eddeos, etapas fundamentais para identificar precocemente poss\u00edveis altera\u00e7\u00f5es de sa\u00fade. A programa\u00e7\u00e3o contou ainda com a exibi\u00e7\u00e3o de v\u00eddeos educativos, al\u00e9m de conversas sobre a import\u00e2ncia da manuten\u00e7\u00e3o cont\u00ednua do cuidado f\u00edsico e emocional no ambiente de trabalho.<\/p>\n\n\n\n<p class=\"wp-block-paragraph\">O Patrulha da Sa\u00fade est\u00e1 sendo realizado em todas as dez delegacias da PRF-BA, al\u00e9m da sede administrativa em Salvador, com calend\u00e1rio distribu\u00eddo ao longo de 2025 para assegurar a participa\u00e7\u00e3o de todo o efetivo.<\/p>\n\n\n\n<p class=\"wp-block-paragraph\">por Carlos Britto<\/p>\n","protected":false},"excerpt":{"rendered":"<p>A Pol\u00edcia Rodovi\u00e1ria Federal (PRF) na Bahia promoveu, nas delegacias de Feira de Santana e Senhor do Bonfim, mais uma etapa da edi\u00e7\u00e3o 2025 do Patrulha da Sa\u00fade \u2013 programa coordenado pelo N\u00facleo de Sa\u00fade Integral do Servidor (NUSINT). A iniciativa refor\u00e7a o compromisso da institui\u00e7\u00e3o com a promo\u00e7\u00e3o da sa\u00fade, preven\u00e7\u00e3o de doen\u00e7as e [&hellip;]<\/p>\n","protected":false},"author":2,"featured_media":38488,"comment_status":"open","ping_status":"open","sticky":false,"template":"","format":"standard","meta":{"_jetpack_newsletter_access":"","_jetpack_dont_email_post_to_subs":false,"_jetpack_newsletter_tier_id":0,"_jetpack_memberships_contains_paywalled_content":false,"_jetpack_feature_clip_id":0,"_jetpack_memberships_contains_paid_content":false,"footnotes":"","jetpack_post_was_ever_published":false},"categories":[3],"tags":[],"class_list":["post-38487","post","type-post","status-publish","format-standard","has-post-thumbnail","hentry","category-regional"],"aioseo_notices":[],"aioseo_head":"\n\t\t<!-- All in One SEO 5.0.1.1 - aioseo.com -->\n\t<meta name=\"description\" content=\"A Pol\u00edcia Rodovi\u00e1ria Federal (PRF) na Bahia promoveu, nas delegacias de Feira de Santana e Senhor do Bonfim, mais uma etapa da edi\u00e7\u00e3o 2025 do Patrulha da Sa\u00fade \u2013 programa coordenado pelo N\u00facleo de Sa\u00fade Integral do Servidor (NUSINT). A iniciativa refor\u00e7a o compromisso da institui\u00e7\u00e3o com a promo\u00e7\u00e3o da sa\u00fade, preven\u00e7\u00e3o de doen\u00e7as e\" \/>\n\t<meta name=\"robots\" content=\"max-image-preview:large\" \/>\n\t<meta name=\"author\" content=\"andre\"\/>\n\t<link rel=\"canonical\" href=\"https:\/\/minutobahia24h.com.br\/?p=38487\" \/>\n\t<meta name=\"generator\" content=\"All in One SEO (AIOSEO) 5.0.1.1\" \/>\n\t\t<meta property=\"og:locale\" content=\"pt_BR\" \/>\n\t\t<meta property=\"og:site_name\" content=\"Minuto Bahia 24h - O seu portal de not\u00edcias\" \/>\n\t\t<meta property=\"og:type\" content=\"article\" \/>\n\t\t<meta property=\"og:title\" content=\"PRF-BA realiza edi\u00e7\u00e3o 2025 do \u2018Patrulha da Sa\u00fade\u2019 em Feira de Santana e Sr. do Bonfim - Minuto Bahia 24h\" \/>\n\t\t<meta property=\"og:description\" content=\"A Pol\u00edcia Rodovi\u00e1ria Federal (PRF) na Bahia promoveu, nas delegacias de Feira de Santana e Senhor do Bonfim, mais uma etapa da edi\u00e7\u00e3o 2025 do Patrulha da Sa\u00fade \u2013 programa coordenado pelo N\u00facleo de Sa\u00fade Integral do Servidor (NUSINT). A iniciativa refor\u00e7a o compromisso da institui\u00e7\u00e3o com a promo\u00e7\u00e3o da sa\u00fade, preven\u00e7\u00e3o de doen\u00e7as e\" \/>\n\t\t<meta property=\"og:url\" content=\"https:\/\/minutobahia24h.com.br\/?p=38487\" \/>\n\t\t<meta property=\"og:image\" content=\"https:\/\/minutobahia24h.com.br\/wp-content\/uploads\/2025\/11\/Sem-titulo-334.jpg\" \/>\n\t\t<meta property=\"og:image:secure_url\" content=\"https:\/\/minutobahia24h.com.br\/wp-content\/uploads\/2025\/11\/Sem-titulo-334.jpg\" \/>\n\t\t<meta property=\"og:image:width\" content=\"697\" \/>\n\t\t<meta property=\"og:image:height\" content=\"525\" \/>\n\t\t<meta property=\"article:published_time\" content=\"2025-11-28T12:12:00+00:00\" \/>\n\t\t<meta property=\"article:modified_time\" content=\"2025-11-28T10:13:30+00:00\" \/>\n\t\t<meta name=\"twitter:card\" content=\"summary_large_image\" \/>\n\t\t<meta name=\"twitter:title\" content=\"PRF-BA realiza edi\u00e7\u00e3o 2025 do \u2018Patrulha da Sa\u00fade\u2019 em Feira de Santana e Sr. do Bonfim - Minuto Bahia 24h\" \/>\n\t\t<meta name=\"twitter:description\" content=\"A Pol\u00edcia Rodovi\u00e1ria Federal (PRF) na Bahia promoveu, nas delegacias de Feira de Santana e Senhor do Bonfim, mais uma etapa da edi\u00e7\u00e3o 2025 do Patrulha da Sa\u00fade \u2013 programa coordenado pelo N\u00facleo de Sa\u00fade Integral do Servidor (NUSINT). A iniciativa refor\u00e7a o compromisso da institui\u00e7\u00e3o com a promo\u00e7\u00e3o da sa\u00fade, preven\u00e7\u00e3o de doen\u00e7as e\" \/>\n\t\t<meta name=\"twitter:image\" content=\"https:\/\/minutobahia24h.com.br\/wp-content\/uploads\/2025\/11\/Sem-titulo-334.jpg\" \/>\n\t\t<script type=\"application\/ld+json\" class=\"aioseo-schema\">\n\t\t\t{\"@context\":\"https:\\\/\\\/schema.org\",\"@graph\":[{\"@type\":\"BlogPosting\",\"@id\":\"https:\\\/\\\/minutobahia24h.com.br\\\/?p=38487#blogposting\",\"name\":\"PRF-BA realiza edi\\u00e7\\u00e3o 2025 do \\u2018Patrulha da Sa\\u00fade\\u2019 em Feira de Santana e Sr. do Bonfim - Minuto Bahia 24h\",\"headline\":\"PRF-BA realiza edi\\u00e7\\u00e3o 2025 do \\u2018Patrulha da Sa\\u00fade\\u2019 em Feira de Santana e Sr. do Bonfim\",\"author\":{\"@id\":\"https:\\\/\\\/minutobahia24h.com.br\\\/?author=2#author\"},\"publisher\":{\"@id\":\"https:\\\/\\\/minutobahia24h.com.br\\\/#organization\"},\"image\":{\"@type\":\"ImageObject\",\"url\":\"https:\\\/\\\/i0.wp.com\\\/minutobahia24h.com.br\\\/wp-content\\\/uploads\\\/2025\\\/11\\\/Sem-titulo-334.jpg?fit=697%2C525&ssl=1\",\"width\":697,\"height\":525},\"datePublished\":\"2025-11-28T09:12:00-03:00\",\"dateModified\":\"2025-11-28T07:13:30-03:00\",\"inLanguage\":\"pt-BR\",\"mainEntityOfPage\":{\"@id\":\"https:\\\/\\\/minutobahia24h.com.br\\\/?p=38487#webpage\"},\"isPartOf\":{\"@id\":\"https:\\\/\\\/minutobahia24h.com.br\\\/?p=38487#webpage\"},\"articleSection\":\"Regional\"},{\"@type\":\"BreadcrumbList\",\"@id\":\"https:\\\/\\\/minutobahia24h.com.br\\\/?p=38487#breadcrumblist\",\"itemListElement\":[{\"@type\":\"ListItem\",\"@id\":\"https:\\\/\\\/minutobahia24h.com.br#listItem\",\"position\":1,\"name\":\"In\\u00edcio\",\"item\":\"https:\\\/\\\/minutobahia24h.com.br\",\"nextItem\":{\"@type\":\"ListItem\",\"@id\":\"https:\\\/\\\/minutobahia24h.com.br\\\/?cat=3#listItem\",\"name\":\"Regional\"}},{\"@type\":\"ListItem\",\"@id\":\"https:\\\/\\\/minutobahia24h.com.br\\\/?cat=3#listItem\",\"position\":2,\"name\":\"Regional\",\"item\":\"https:\\\/\\\/minutobahia24h.com.br\\\/?cat=3\",\"nextItem\":{\"@type\":\"ListItem\",\"@id\":\"https:\\\/\\\/minutobahia24h.com.br\\\/?p=38487#listItem\",\"name\":\"PRF-BA realiza edi\\u00e7\\u00e3o 2025 do \\u2018Patrulha da Sa\\u00fade\\u2019 em Feira de Santana e Sr. do Bonfim\"},\"previousItem\":{\"@type\":\"ListItem\",\"@id\":\"https:\\\/\\\/minutobahia24h.com.br#listItem\",\"name\":\"In\\u00edcio\"}},{\"@type\":\"ListItem\",\"@id\":\"https:\\\/\\\/minutobahia24h.com.br\\\/?p=38487#listItem\",\"position\":3,\"name\":\"PRF-BA realiza edi\\u00e7\\u00e3o 2025 do \\u2018Patrulha da Sa\\u00fade\\u2019 em Feira de Santana e Sr. do Bonfim\",\"previousItem\":{\"@type\":\"ListItem\",\"@id\":\"https:\\\/\\\/minutobahia24h.com.br\\\/?cat=3#listItem\",\"name\":\"Regional\"}}]},{\"@type\":\"Organization\",\"@id\":\"https:\\\/\\\/minutobahia24h.com.br\\\/#organization\",\"name\":\"Minuto Bahia 24h\",\"description\":\"O seu portal de not\\u00edcias\",\"url\":\"https:\\\/\\\/minutobahia24h.com.br\\\/\",\"logo\":{\"@type\":\"ImageObject\",\"url\":\"https:\\\/\\\/i0.wp.com\\\/minutobahia24h.com.br\\\/wp-content\\\/uploads\\\/2023\\\/09\\\/cropped-minutoba.png?fit=457%2C119&ssl=1\",\"@id\":\"https:\\\/\\\/minutobahia24h.com.br\\\/?p=38487\\\/#organizationLogo\",\"width\":457,\"height\":119},\"image\":{\"@id\":\"https:\\\/\\\/minutobahia24h.com.br\\\/?p=38487\\\/#organizationLogo\"}},{\"@type\":\"Person\",\"@id\":\"https:\\\/\\\/minutobahia24h.com.br\\\/?author=2#author\",\"url\":\"https:\\\/\\\/minutobahia24h.com.br\\\/?author=2\",\"name\":\"andre\",\"image\":{\"@type\":\"ImageObject\",\"@id\":\"https:\\\/\\\/minutobahia24h.com.br\\\/?p=38487#authorImage\",\"url\":\"https:\\\/\\\/secure.gravatar.com\\\/avatar\\\/0ec5eafed5f3925c321625d79a680d589901b94bca787ae396a35f6c4a960922?s=96&d=mm&r=g\",\"width\":96,\"height\":96,\"caption\":\"andre\"}},{\"@type\":\"WebPage\",\"@id\":\"https:\\\/\\\/minutobahia24h.com.br\\\/?p=38487#webpage\",\"url\":\"https:\\\/\\\/minutobahia24h.com.br\\\/?p=38487\",\"name\":\"PRF-BA realiza edi\\u00e7\\u00e3o 2025 do \\u2018Patrulha da Sa\\u00fade\\u2019 em Feira de Santana e Sr. do Bonfim - Minuto Bahia 24h\",\"description\":\"A Pol\\u00edcia Rodovi\\u00e1ria Federal (PRF) na Bahia promoveu, nas delegacias de Feira de Santana e Senhor do Bonfim, mais uma etapa da edi\\u00e7\\u00e3o 2025 do Patrulha da Sa\\u00fade \\u2013 programa coordenado pelo N\\u00facleo de Sa\\u00fade Integral do Servidor (NUSINT). A iniciativa refor\\u00e7a o compromisso da institui\\u00e7\\u00e3o com a promo\\u00e7\\u00e3o da sa\\u00fade, preven\\u00e7\\u00e3o de doen\\u00e7as e\",\"inLanguage\":\"pt-BR\",\"isPartOf\":{\"@id\":\"https:\\\/\\\/minutobahia24h.com.br\\\/#website\"},\"breadcrumb\":{\"@id\":\"https:\\\/\\\/minutobahia24h.com.br\\\/?p=38487#breadcrumblist\"},\"author\":{\"@id\":\"https:\\\/\\\/minutobahia24h.com.br\\\/?author=2#author\"},\"creator\":{\"@id\":\"https:\\\/\\\/minutobahia24h.com.br\\\/?author=2#author\"},\"image\":{\"@type\":\"ImageObject\",\"url\":\"https:\\\/\\\/i0.wp.com\\\/minutobahia24h.com.br\\\/wp-content\\\/uploads\\\/2025\\\/11\\\/Sem-titulo-334.jpg?fit=697%2C525&ssl=1\",\"@id\":\"https:\\\/\\\/minutobahia24h.com.br\\\/?p=38487\\\/#mainImage\",\"width\":697,\"height\":525},\"primaryImageOfPage\":{\"@id\":\"https:\\\/\\\/minutobahia24h.com.br\\\/?p=38487#mainImage\"},\"datePublished\":\"2025-11-28T09:12:00-03:00\",\"dateModified\":\"2025-11-28T07:13:30-03:00\"},{\"@type\":\"WebSite\",\"@id\":\"https:\\\/\\\/minutobahia24h.com.br\\\/#website\",\"url\":\"https:\\\/\\\/minutobahia24h.com.br\\\/\",\"name\":\"Minuto Bahia 24h\",\"description\":\"O seu portal de not\\u00edcias\",\"inLanguage\":\"pt-BR\",\"publisher\":{\"@id\":\"https:\\\/\\\/minutobahia24h.com.br\\\/#organization\"}}]}\n\t\t<\/script>\n\t\t<!-- All in One SEO -->\n\n","aioseo_head_json":{"title":"PRF-BA realiza edi\u00e7\u00e3o 2025 do \u2018Patrulha da Sa\u00fade\u2019 em Feira de Santana e Sr. do Bonfim - Minuto Bahia 24h","description":"A Pol\u00edcia Rodovi\u00e1ria Federal (PRF) na Bahia promoveu, nas delegacias de Feira de Santana e Senhor do Bonfim, mais uma etapa da edi\u00e7\u00e3o 2025 do Patrulha da Sa\u00fade \u2013 programa coordenado pelo N\u00facleo de Sa\u00fade Integral do Servidor (NUSINT). A iniciativa refor\u00e7a o compromisso da institui\u00e7\u00e3o com a promo\u00e7\u00e3o da sa\u00fade, preven\u00e7\u00e3o de doen\u00e7as e","canonical_url":"https:\/\/minutobahia24h.com.br\/?p=38487","robots":"max-image-preview:large","keywords":"","webmasterTools":{"miscellaneous":""},"schema":{"@context":"https:\/\/schema.org","@graph":[{"@type":"BlogPosting","@id":"https:\/\/minutobahia24h.com.br\/?p=38487#blogposting","name":"PRF-BA realiza edi\u00e7\u00e3o 2025 do \u2018Patrulha da Sa\u00fade\u2019 em Feira de Santana e Sr. do Bonfim - Minuto Bahia 24h","headline":"PRF-BA realiza edi\u00e7\u00e3o 2025 do \u2018Patrulha da Sa\u00fade\u2019 em Feira de Santana e Sr. do Bonfim","author":{"@id":"https:\/\/minutobahia24h.com.br\/?author=2#author"},"publisher":{"@id":"https:\/\/minutobahia24h.com.br\/#organization"},"image":{"@type":"ImageObject","url":"https:\/\/i0.wp.com\/minutobahia24h.com.br\/wp-content\/uploads\/2025\/11\/Sem-titulo-334.jpg?fit=697%2C525&ssl=1","width":697,"height":525},"datePublished":"2025-11-28T09:12:00-03:00","dateModified":"2025-11-28T07:13:30-03:00","inLanguage":"pt-BR","mainEntityOfPage":{"@id":"https:\/\/minutobahia24h.com.br\/?p=38487#webpage"},"isPartOf":{"@id":"https:\/\/minutobahia24h.com.br\/?p=38487#webpage"},"articleSection":"Regional"},{"@type":"BreadcrumbList","@id":"https:\/\/minutobahia24h.com.br\/?p=38487#breadcrumblist","itemListElement":[{"@type":"ListItem","@id":"https:\/\/minutobahia24h.com.br#listItem","position":1,"name":"In\u00edcio","item":"https:\/\/minutobahia24h.com.br","nextItem":{"@type":"ListItem","@id":"https:\/\/minutobahia24h.com.br\/?cat=3#listItem","name":"Regional"}},{"@type":"ListItem","@id":"https:\/\/minutobahia24h.com.br\/?cat=3#listItem","position":2,"name":"Regional","item":"https:\/\/minutobahia24h.com.br\/?cat=3","nextItem":{"@type":"ListItem","@id":"https:\/\/minutobahia24h.com.br\/?p=38487#listItem","name":"PRF-BA realiza edi\u00e7\u00e3o 2025 do \u2018Patrulha da Sa\u00fade\u2019 em Feira de Santana e Sr. do Bonfim"},"previousItem":{"@type":"ListItem","@id":"https:\/\/minutobahia24h.com.br#listItem","name":"In\u00edcio"}},{"@type":"ListItem","@id":"https:\/\/minutobahia24h.com.br\/?p=38487#listItem","position":3,"name":"PRF-BA realiza edi\u00e7\u00e3o 2025 do \u2018Patrulha da Sa\u00fade\u2019 em Feira de Santana e Sr. do Bonfim","previousItem":{"@type":"ListItem","@id":"https:\/\/minutobahia24h.com.br\/?cat=3#listItem","name":"Regional"}}]},{"@type":"Organization","@id":"https:\/\/minutobahia24h.com.br\/#organization","name":"Minuto Bahia 24h","description":"O seu portal de not\u00edcias","url":"https:\/\/minutobahia24h.com.br\/","logo":{"@type":"ImageObject","url":"https:\/\/i0.wp.com\/minutobahia24h.com.br\/wp-content\/uploads\/2023\/09\/cropped-minutoba.png?fit=457%2C119&ssl=1","@id":"https:\/\/minutobahia24h.com.br\/?p=38487\/#organizationLogo","width":457,"height":119},"image":{"@id":"https:\/\/minutobahia24h.com.br\/?p=38487\/#organizationLogo"}},{"@type":"Person","@id":"https:\/\/minutobahia24h.com.br\/?author=2#author","url":"https:\/\/minutobahia24h.com.br\/?author=2","name":"andre","image":{"@type":"ImageObject","@id":"https:\/\/minutobahia24h.com.br\/?p=38487#authorImage","url":"https:\/\/secure.gravatar.com\/avatar\/0ec5eafed5f3925c321625d79a680d589901b94bca787ae396a35f6c4a960922?s=96&d=mm&r=g","width":96,"height":96,"caption":"andre"}},{"@type":"WebPage","@id":"https:\/\/minutobahia24h.com.br\/?p=38487#webpage","url":"https:\/\/minutobahia24h.com.br\/?p=38487","name":"PRF-BA realiza edi\u00e7\u00e3o 2025 do \u2018Patrulha da Sa\u00fade\u2019 em Feira de Santana e Sr. do Bonfim - Minuto Bahia 24h","description":"A Pol\u00edcia Rodovi\u00e1ria Federal (PRF) na Bahia promoveu, nas delegacias de Feira de Santana e Senhor do Bonfim, mais uma etapa da edi\u00e7\u00e3o 2025 do Patrulha da Sa\u00fade \u2013 programa coordenado pelo N\u00facleo de Sa\u00fade Integral do Servidor (NUSINT). A iniciativa refor\u00e7a o compromisso da institui\u00e7\u00e3o com a promo\u00e7\u00e3o da sa\u00fade, preven\u00e7\u00e3o de doen\u00e7as e","inLanguage":"pt-BR","isPartOf":{"@id":"https:\/\/minutobahia24h.com.br\/#website"},"breadcrumb":{"@id":"https:\/\/minutobahia24h.com.br\/?p=38487#breadcrumblist"},"author":{"@id":"https:\/\/minutobahia24h.com.br\/?author=2#author"},"creator":{"@id":"https:\/\/minutobahia24h.com.br\/?author=2#author"},"image":{"@type":"ImageObject","url":"https:\/\/i0.wp.com\/minutobahia24h.com.br\/wp-content\/uploads\/2025\/11\/Sem-titulo-334.jpg?fit=697%2C525&ssl=1","@id":"https:\/\/minutobahia24h.com.br\/?p=38487\/#mainImage","width":697,"height":525},"primaryImageOfPage":{"@id":"https:\/\/minutobahia24h.com.br\/?p=38487#mainImage"},"datePublished":"2025-11-28T09:12:00-03:00","dateModified":"2025-11-28T07:13:30-03:00"},{"@type":"WebSite","@id":"https:\/\/minutobahia24h.com.br\/#website","url":"https:\/\/minutobahia24h.com.br\/","name":"Minuto Bahia 24h","description":"O seu portal de not\u00edcias","inLanguage":"pt-BR","publisher":{"@id":"https:\/\/minutobahia24h.com.br\/#organization"}}]},"og:locale":"pt_BR","og:site_name":"Minuto Bahia 24h - O seu portal de not\u00edcias","og:type":"article","og:title":"PRF-BA realiza edi\u00e7\u00e3o 2025 do \u2018Patrulha da Sa\u00fade\u2019 em Feira de Santana e Sr. do Bonfim - Minuto Bahia 24h","og:description":"A Pol\u00edcia Rodovi\u00e1ria Federal (PRF) na Bahia promoveu, nas delegacias de Feira de Santana e Senhor do Bonfim, mais uma etapa da edi\u00e7\u00e3o 2025 do Patrulha da Sa\u00fade \u2013 programa coordenado pelo N\u00facleo de Sa\u00fade Integral do Servidor (NUSINT). A iniciativa refor\u00e7a o compromisso da institui\u00e7\u00e3o com a promo\u00e7\u00e3o da sa\u00fade, preven\u00e7\u00e3o de doen\u00e7as e","og:url":"https:\/\/minutobahia24h.com.br\/?p=38487","og:image":"https:\/\/minutobahia24h.com.br\/wp-content\/uploads\/2025\/11\/Sem-titulo-334.jpg","og:image:secure_url":"https:\/\/minutobahia24h.com.br\/wp-content\/uploads\/2025\/11\/Sem-titulo-334.jpg","og:image:width":697,"og:image:height":525,"article:published_time":"2025-11-28T12:12:00+00:00","article:modified_time":"2025-11-28T10:13:30+00:00","twitter:card":"summary_large_image","twitter:title":"PRF-BA realiza edi\u00e7\u00e3o 2025 do \u2018Patrulha da Sa\u00fade\u2019 em Feira de Santana e Sr. do Bonfim - Minuto Bahia 24h","twitter:description":"A Pol\u00edcia Rodovi\u00e1ria Federal (PRF) na Bahia promoveu, nas delegacias de Feira de Santana e Senhor do Bonfim, mais uma etapa da edi\u00e7\u00e3o 2025 do Patrulha da Sa\u00fade \u2013 programa coordenado pelo N\u00facleo de Sa\u00fade Integral do Servidor (NUSINT). A iniciativa refor\u00e7a o compromisso da institui\u00e7\u00e3o com a promo\u00e7\u00e3o da sa\u00fade, preven\u00e7\u00e3o de doen\u00e7as e","twitter:image":"https:\/\/minutobahia24h.com.br\/wp-content\/uploads\/2025\/11\/Sem-titulo-334.jpg"},"aioseo_meta_data":{"post_id":"38487","title":null,"description":null,"keywords":null,"keyphrases":{"focus":{"keyphrase":"","score":0,"analysis":{"keyphraseInTitle":{"score":0,"maxScore":9,"error":1}}},"additional":[]},"primary_term":null,"canonical_url":null,"og_title":null,"og_description":null,"og_object_type":"default","og_image_type":"default","og_image_url":null,"og_image_width":null,"og_image_height":null,"og_image_custom_url":null,"og_image_custom_fields":null,"og_video":"","og_custom_url":null,"og_article_section":null,"og_article_tags":null,"twitter_use_og":true,"twitter_card":"default","twitter_image_type":"default","twitter_image_url":null,"twitter_image_custom_url":null,"twitter_image_custom_fields":null,"twitter_title":null,"twitter_description":null,"schema":{"blockGraphs":[],"customGraphs":[],"default":{"data":{"Article":[],"Course":[],"Dataset":[],"FAQPage":[],"Movie":[],"Person":[],"Product":[],"ProductReview":[],"Car":[],"Recipe":[],"Service":[],"SoftwareApplication":[],"WebPage":[]},"graphName":"BlogPosting","isEnabled":true},"graphs":[]},"schema_type":"default","schema_type_options":null,"pillar_content":false,"robots_default":true,"robots_noindex":false,"robots_noarchive":false,"robots_nosnippet":false,"robots_nofollow":false,"robots_noimageindex":false,"robots_noodp":false,"robots_notranslate":false,"robots_max_snippet":"-1","robots_max_videopreview":"-1","robots_max_imagepreview":"large","priority":null,"frequency":"default","local_seo":null,"breadcrumb_settings":null,"limit_modified_date":false,"ai":{"faqs":[],"keyPoints":[],"titles":[],"descriptions":[],"socialPosts":{"email":[],"linkedin":[],"twitter":[],"facebook":[],"instagram":[]}},"created":"2025-11-28 10:13:30","updated":"2025-11-28 12:22:28","seo_analyzer_scan_date":null,"focus_keyword":null,"additional_keywords":null,"truseo_locale":null},"aioseo_breadcrumb":"<div class=\"aioseo-breadcrumbs\"><span class=\"aioseo-breadcrumb\">\n\t\t\t<a href=\"https:\/\/minutobahia24h.com.br\" title=\"In\u00edcio\">In\u00edcio<\/a>\n\t\t<\/span><span class=\"aioseo-breadcrumb-separator\">&raquo;<\/span><span class=\"aioseo-breadcrumb\">\n\t\t\t<a href=\"https:\/\/minutobahia24h.com.br\/?cat=3\" title=\"Regional\">Regional<\/a>\n\t\t<\/span><span class=\"aioseo-breadcrumb-separator\">&raquo;<\/span><span class=\"aioseo-breadcrumb\">\n\t\t\tPRF-BA realiza edi\u00e7\u00e3o 2025 do \u2018Patrulha da Sa\u00fade\u2019 em Feira de Santana e Sr. do Bonfim\n\t\t<\/span><\/div>","aioseo_breadcrumb_json":[{"label":"In\u00edcio","link":"https:\/\/minutobahia24h.com.br"},{"label":"Regional","link":"https:\/\/minutobahia24h.com.br\/?cat=3"},{"label":"PRF-BA realiza edi\u00e7\u00e3o 2025 do \u2018Patrulha da Sa\u00fade\u2019 em Feira de Santana e Sr. do Bonfim","link":"https:\/\/minutobahia24h.com.br\/?p=38487"}],"jetpack_sharing_enabled":true,"jetpack_featured_media_url":"https:\/\/i0.wp.com\/minutobahia24h.com.br\/wp-content\/uploads\/2025\/11\/Sem-titulo-334.jpg?fit=697%2C525&ssl=1","_links":{"self":[{"href":"https:\/\/minutobahia24h.com.br\/index.php?rest_route=\/wp\/v2\/posts\/38487","targetHints":{"allow":["GET"]}}],"collection":[{"href":"https:\/\/minutobahia24h.com.br\/index.php?rest_route=\/wp\/v2\/posts"}],"about":[{"href":"https:\/\/minutobahia24h.com.br\/index.php?rest_route=\/wp\/v2\/types\/post"}],"author":[{"embeddable":true,"href":"https:\/\/minutobahia24h.com.br\/index.php?rest_route=\/wp\/v2\/users\/2"}],"replies":[{"embeddable":true,"href":"https:\/\/minutobahia24h.com.br\/index.php?rest_route=%2Fwp%2Fv2%2Fcomments&post=38487"}],"version-history":[{"count":1,"href":"https:\/\/minutobahia24h.com.br\/index.php?rest_route=\/wp\/v2\/posts\/38487\/revisions"}],"predecessor-version":[{"id":38489,"href":"https:\/\/minutobahia24h.com.br\/index.php?rest_route=\/wp\/v2\/posts\/38487\/revisions\/38489"}],"wp:featuredmedia":[{"embeddable":true,"href":"https:\/\/minutobahia24h.com.br\/index.php?rest_route=\/wp\/v2\/media\/38488"}],"wp:attachment":[{"href":"https:\/\/minutobahia24h.com.br\/index.php?rest_route=%2Fwp%2Fv2%2Fmedia&parent=38487"}],"wp:term":[{"taxonomy":"category","embeddable":true,"href":"https:\/\/minutobahia24h.com.br\/index.php?rest_route=%2Fwp%2Fv2%2Fcategories&post=38487"},{"taxonomy":"post_tag","embeddable":true,"href":"https:\/\/minutobahia24h.com.br\/index.php?rest_route=%2Fwp%2Fv2%2Ftags&post=38487"}],"curies":[{"name":"wp","href":"https:\/\/api.w.org\/{rel}","templated":true}]}}