{"id":3836,"date":"2023-11-13T06:48:20","date_gmt":"2023-11-13T09:48:20","guid":{"rendered":"https:\/\/minutobahia24h.com.br\/?p=3836"},"modified":"2023-11-13T06:48:22","modified_gmt":"2023-11-13T09:48:22","slug":"pf-identifica-suspeitos-de-vazar-provas-do-primeiro-dia-do-enem","status":"publish","type":"post","link":"https:\/\/minutobahia24h.com.br\/?p=3836","title":{"rendered":"PF identifica suspeitos de vazar provas do primeiro dia do Enem"},"content":{"rendered":"<div class=\"wp-block-image\">\n<figure class=\"aligncenter size-full\"><img data-recalc-dims=\"1\" fetchpriority=\"high\" decoding=\"async\" width=\"600\" height=\"420\" src=\"https:\/\/i0.wp.com\/minutobahia24h.com.br\/wp-content\/uploads\/2023\/11\/Sem-titulo-136.jpg?resize=600%2C420&#038;ssl=1\" alt=\"\" class=\"wp-image-3838\" srcset=\"https:\/\/i0.wp.com\/minutobahia24h.com.br\/wp-content\/uploads\/2023\/11\/Sem-titulo-136.jpg?w=600&amp;ssl=1 600w, https:\/\/i0.wp.com\/minutobahia24h.com.br\/wp-content\/uploads\/2023\/11\/Sem-titulo-136.jpg?resize=300%2C210&amp;ssl=1 300w\" sizes=\"(max-width: 600px) 100vw, 600px\" \/><figcaption class=\"wp-element-caption\">Foto: F\u00e1bio Rodrigues Pozzebom\/Ag\u00eancia Brasil<br><\/figcaption><\/figure>\n<\/div>\n\n\n<p>A equipe destacada para fazer a seguran\u00e7a durante a aplica\u00e7\u00e3o de provas do Exame Nacional do Ensino M\u00e9dio (Enem) j\u00e1 identificou oito pessoas que vazaram o caderno de quest\u00f5es da primeira prova, realizada no \u00faltimo dia 5. A informa\u00e7\u00e3o foi divulgada neste domingo (12), pelo Instituto Nacional de Estudos e Pesquisas Educacionais An\u00edsio Teixeira (Inep), respons\u00e1vel pela elabora\u00e7\u00e3o do exame.<img data-recalc-dims=\"1\" decoding=\"async\" data-src=\"https:\/\/i0.wp.com\/agenciabrasil.ebc.com.br\/ebc.png?w=800&#038;ssl=1\" src=\"data:image\/gif;base64,R0lGODlhAQABAAAAACH5BAEKAAEALAAAAAABAAEAAAICTAEAOw==\" class=\"lazyload\"><noscript><img data-recalc-dims=\"1\" decoding=\"async\" src=\"https:\/\/i0.wp.com\/agenciabrasil.ebc.com.br\/ebc.png?w=800&#038;ssl=1\"><\/noscript><img data-recalc-dims=\"1\" decoding=\"async\" data-src=\"https:\/\/i0.wp.com\/agenciabrasil.ebc.com.br\/ebc.gif?w=800&#038;ssl=1\" src=\"data:image\/gif;base64,R0lGODlhAQABAAAAACH5BAEKAAEALAAAAAABAAEAAAICTAEAOw==\" class=\"lazyload\"><noscript><img data-recalc-dims=\"1\" decoding=\"async\" src=\"https:\/\/i0.wp.com\/agenciabrasil.ebc.com.br\/ebc.gif?w=800&#038;ssl=1\"><\/noscript><\/p>\n\n\n\n<p>De acordo com o Inep, fotografias que mostram as perguntas que constavam da prova foram detectadas por meio de monitoramento do Minist\u00e9rio da Educa\u00e7\u00e3o (MEC) e do instituto, que acionaram a Pol\u00edcia Federal para apurar o caso. A corpora\u00e7\u00e3o concluiu que n\u00e3o h\u00e1 informa\u00e7\u00e3o sobre postagem de conte\u00fado da prova antes do in\u00edcio do teste.<\/p>\n\n\n\n<p>A PF j\u00e1 colheu depoimentos das pessoas que cometeram as irregularidades nos munic\u00edpios de Caruaru (PE), Natal, Corn\u00e9lio Proc\u00f3pio (PR) e Bras\u00edlia. Al\u00e9m disso, as investiga\u00e7\u00f5es prosseguem no Rio Grande do Sul e no Cear\u00e1.<\/p>\n\n\n\n<p>\u201cA opera\u00e7\u00e3o tamb\u00e9m apreendeu materiais com suspeita de uso para aplica\u00e7\u00e3o de fraude ao exame em Macei\u00f3 (AL) e Vit\u00f3ria da Conquista (BA). As empresas respons\u00e1veis pelo gerenciamento das m\u00eddias sociais foram oficializadas para preservar as imagens das provas e auxiliar com o rastreamento das postagens\u201d, acrescentou o Inep, em nota.<\/p>\n\n\n\n<p><strong>Seguran\u00e7a<\/strong><\/p>\n\n\n\n<p>O esquema de seguran\u00e7a em torno do Enem abrange desde o armazenamento das provas at\u00e9 a distribui\u00e7\u00e3o dos malotes que, eventualmente, tamb\u00e9m s\u00e3o acompanhados por autoridades do MEC. A Secretaria Nacional de Seguran\u00e7a P\u00fablica (Senasp), vinculada ao Minist\u00e9rio da Justi\u00e7a e Seguran\u00e7a P\u00fablica, fica respons\u00e1vel por fazer a articula\u00e7\u00e3o das institui\u00e7\u00f5es participantes de opera\u00e7\u00f5es nacionais ou regionais.<\/p>\n\n\n\n<p>Nos estados, o monitoramento da Opera\u00e7\u00e3o Enem 2023 \u00e9 feito pelas for\u00e7as de seguran\u00e7a, por suas respectivas secretarias de seguran\u00e7a p\u00fablica ou estruturas similares. Cada \u00f3rg\u00e3o atua dentro da sua atribui\u00e7\u00e3o legal.<\/p>\n\n\n\n<p>Vinculada ao Minist\u00e9rio da Justi\u00e7a e Seguran\u00e7a P\u00fablica (MJSP), a Secretaria Nacional de Seguran\u00e7a P\u00fablica (Senasp) tem a atribui\u00e7\u00e3o de promover a integra\u00e7\u00e3o das institui\u00e7\u00f5es participantes de opera\u00e7\u00f5es nacionais ou regionais. Nos estados, o monitoramento da Opera\u00e7\u00e3o Enem 2023 \u00e9 feito pelas for\u00e7as de seguran\u00e7a, por suas respectivas secretarias de seguran\u00e7a p\u00fablica ou estruturas similares. Cada \u00f3rg\u00e3o atua dentro da sua atribui\u00e7\u00e3o legal.<\/p>\n\n\n\n<p>No in\u00edcio da tarde de hoje, o ministro da Educa\u00e7\u00e3o, Camilo Santana, compareceu, por volta de meio-dia, \u00e0 sede do Inep, para acompanhar o andamento da aplica\u00e7\u00e3o das provas e a atua\u00e7\u00e3o de t\u00e9cnicos do instituto, onde encontrou o presidente da autarquia, Manuel Pal\u00e1cios.<\/p>\n\n\n\n<p>\u201cTodos os malotes j\u00e1 est\u00e3o nos locais de prova e daqui a pouco, \u00e0s 12h, os port\u00f5es estar\u00e3o abertos. Desejo uma \u00f3tima prova a todas e todos!\u201d, escreveu o ministro, em sua conta na rede social X.<\/p>\n\n\n\n<p>Bahia.ba<\/p>\n","protected":false},"excerpt":{"rendered":"<p>A equipe destacada para fazer a seguran\u00e7a durante a aplica\u00e7\u00e3o de provas do Exame Nacional do Ensino M\u00e9dio (Enem) j\u00e1 identificou oito pessoas que vazaram o caderno de quest\u00f5es da primeira prova, realizada no \u00faltimo dia 5. A informa\u00e7\u00e3o foi divulgada neste domingo (12), pelo Instituto Nacional de Estudos e Pesquisas Educacionais An\u00edsio Teixeira (Inep), [&hellip;]<\/p>\n","protected":false},"author":2,"featured_media":3838,"comment_status":"open","ping_status":"open","sticky":false,"template":"","format":"standard","meta":{"_jetpack_memberships_contains_paid_content":false,"footnotes":""},"categories":[34],"tags":[],"class_list":["post-3836","post","type-post","status-publish","format-standard","has-post-thumbnail","hentry","category-educacao"],"aioseo_notices":[],"jetpack_featured_media_url":"https:\/\/i0.wp.com\/minutobahia24h.com.br\/wp-content\/uploads\/2023\/11\/Sem-titulo-136.jpg?fit=600%2C420&ssl=1","jetpack_sharing_enabled":true,"_links":{"self":[{"href":"https:\/\/minutobahia24h.com.br\/index.php?rest_route=\/wp\/v2\/posts\/3836","targetHints":{"allow":["GET"]}}],"collection":[{"href":"https:\/\/minutobahia24h.com.br\/index.php?rest_route=\/wp\/v2\/posts"}],"about":[{"href":"https:\/\/minutobahia24h.com.br\/index.php?rest_route=\/wp\/v2\/types\/post"}],"author":[{"embeddable":true,"href":"https:\/\/minutobahia24h.com.br\/index.php?rest_route=\/wp\/v2\/users\/2"}],"replies":[{"embeddable":true,"href":"https:\/\/minutobahia24h.com.br\/index.php?rest_route=%2Fwp%2Fv2%2Fcomments&post=3836"}],"version-history":[{"count":1,"href":"https:\/\/minutobahia24h.com.br\/index.php?rest_route=\/wp\/v2\/posts\/3836\/revisions"}],"predecessor-version":[{"id":3839,"href":"https:\/\/minutobahia24h.com.br\/index.php?rest_route=\/wp\/v2\/posts\/3836\/revisions\/3839"}],"wp:featuredmedia":[{"embeddable":true,"href":"https:\/\/minutobahia24h.com.br\/index.php?rest_route=\/wp\/v2\/media\/3838"}],"wp:attachment":[{"href":"https:\/\/minutobahia24h.com.br\/index.php?rest_route=%2Fwp%2Fv2%2Fmedia&parent=3836"}],"wp:term":[{"taxonomy":"category","embeddable":true,"href":"https:\/\/minutobahia24h.com.br\/index.php?rest_route=%2Fwp%2Fv2%2Fcategories&post=3836"},{"taxonomy":"post_tag","embeddable":true,"href":"https:\/\/minutobahia24h.com.br\/index.php?rest_route=%2Fwp%2Fv2%2Ftags&post=3836"}],"curies":[{"name":"wp","href":"https:\/\/api.w.org\/{rel}","templated":true}]}}