{"id":38141,"date":"2025-11-21T06:03:24","date_gmt":"2025-11-21T09:03:24","guid":{"rendered":"https:\/\/minutobahia24h.com.br\/?p=38141"},"modified":"2025-11-21T06:03:26","modified_gmt":"2025-11-21T09:03:26","slug":"licitacao-e-suspensa-apos-empresa-esconder-capacidade-financeira","status":"publish","type":"post","link":"https:\/\/minutobahia24h.com.br\/?p=38141","title":{"rendered":"Licita\u00e7\u00e3o \u00e9 suspensa ap\u00f3s empresa esconder capacidade financeira"},"content":{"rendered":"<div class=\"wp-block-image\">\n<figure class=\"aligncenter size-full\"><img data-recalc-dims=\"1\" fetchpriority=\"high\" decoding=\"async\" width=\"753\" height=\"500\" src=\"https:\/\/i0.wp.com\/minutobahia24h.com.br\/wp-content\/uploads\/2025\/11\/Sem-titulo-238.jpg?resize=753%2C500&#038;ssl=1\" alt=\"\" class=\"wp-image-38142\" srcset=\"https:\/\/i0.wp.com\/minutobahia24h.com.br\/wp-content\/uploads\/2025\/11\/Sem-titulo-238.jpg?w=753&amp;ssl=1 753w, https:\/\/i0.wp.com\/minutobahia24h.com.br\/wp-content\/uploads\/2025\/11\/Sem-titulo-238.jpg?resize=300%2C199&amp;ssl=1 300w, https:\/\/i0.wp.com\/minutobahia24h.com.br\/wp-content\/uploads\/2025\/11\/Sem-titulo-238.jpg?resize=750%2C498&amp;ssl=1 750w\" sizes=\"(max-width: 753px) 100vw, 753px\" \/><figcaption class=\"wp-element-caption\">Fabricio Abrantes (Avante), prefeito de Brumado &#8211;\u00a0Foto: Reprodu\u00e7\u00e3o | Instagram<br><br><\/figcaption><\/figure>\n<\/div>\n\n\n<p>Uma licita\u00e7\u00e3o da prefeitura de&nbsp;<a href=\"https:\/\/atarde.com.br\/tags\/brumado\" target=\"_blank\" rel=\"noreferrer noopener\">Brumado<\/a>, sudoeste da Bahia, gest\u00e3o do prefeito Fabricio Abrantes (Avante),&nbsp;com o objetivo da contrata\u00e7\u00e3o de loca\u00e7\u00e3o de ve\u00edculos para a Secretaria Municipal de Sa\u00fade, foi suspenso pelo Tribunal de Contas dos Munic\u00edpios da Bahia (TCM-BA).<\/p>\n\n\n\n<p>A decis\u00e3o veio ap\u00f3s den\u00fancia da empresa &#8216;Acesse Transportes Loca\u00e7\u00f5es e Servi\u00e7os Ltda&#8217;, a qual apontou uma s\u00e9rie de irregularidades no edital, incluindo prazo insuficiente para apresenta\u00e7\u00e3o das propostas e exig\u00eancias consideradas ilegais na fase de habilita\u00e7\u00e3o. O valor global estimado da licita\u00e7\u00e3o, conforme previsto no edital, \u00e9 sigiloso.<\/p>\n\n\n\n<p>A den\u00fancia tamb\u00e9m incluiu um questionamento sobre a capacidade econ\u00f4mico-financeira da empresa &#8216;Brucar Loca\u00e7\u00f5es e Transportes Ltda&#8217;., vencedora do certame, a qual teria apresentado balan\u00e7os patrimoniais e demonstra\u00e7\u00f5es cont\u00e1beis referentes a 2023 e 2024 com valores zerados nas principais r\u00fabricas, o que impediria a verifica\u00e7\u00e3o da real capacidade financeira.&nbsp;Mesmo assim, a administra\u00e7\u00e3o municipal, sob comando do prefeito Fabr\u00edcio Abrates (Avante), teria desconsiderado as inconsist\u00eancias ao analisar o recurso administrativo interposto.<\/p>\n\n\n\n<p>Com a decis\u00e3o, o preg\u00e3o fica suspenso, o que inclui a homologa\u00e7\u00e3o, adjudica\u00e7\u00e3o e eventual assinatura de contrato, at\u00e9 que o gestor municipal, bem como a empresa apresentem esclarecimentos no prazo de 20 dias.<\/p>\n\n\n\n<h2 class=\"wp-block-heading\">Duplicidade<\/h2>\n\n\n\n<p>M\u00eas passado,&nbsp;<a href=\"https:\/\/atarde.com.br\/municipios\/pagamento-em-duplicidade-e-investigado-em-licitacao-de-brumado-1364130\" target=\"_blank\" rel=\"noreferrer noopener\">uma den\u00fancia apontou supostas irregularidades na contrata\u00e7\u00e3o de transporte escolar&nbsp;<\/a>pela Prefeitura de Brumado.&nbsp;Embora o Tribunal de Contas dos Munic\u00edpios da Bahia (TCM-BA) decidir negar o pedido de uma medida cautelar apresentada, o \u00f3rg\u00e3o determinou a continuidade da investiga\u00e7\u00e3o, por\u00e9m sem a anula\u00e7\u00e3o imediata dos atos questionados.<\/p>\n\n\n\n<p>O parlamentar diz que o termo seria indevido, j\u00e1 que um contrato emergencial, assinado em janeiro pelo valor de R$ 1.277.942,40, j\u00e1 inclu\u00eda os mesmos servi\u00e7os. O parlamentar apontou ainda, que o munic\u00edpio n\u00e3o abriu licita\u00e7\u00e3o ap\u00f3s o encerramento do contrato emergencial e que elevaria em 33,38% os gastos com transporte escolar em rela\u00e7\u00e3o a 2024, mesmo sem a amplia\u00e7\u00e3o das rotas ou n\u00famero de alunos atendidos.<\/p>\n\n\n\n<p>O TCM reconheceu a exist\u00eancia de ind\u00edcios que justificam as apura\u00e7\u00f5es, por\u00e9m destacou que o pedido do parlamentar possui car\u00e1ter satisfativo, uma vez que pretende anular o termo e determinar devolu\u00e7\u00e3o de valores, medidas as quais s\u00f3 podem ser analisadas ap\u00f3s a fase de defesa e coleta de provas.<\/p>\n\n\n\n<p>O \u00f3rg\u00e3o observou que a maior parte do valor questionado, R$ 1.525.008,19, j\u00e1 foi paga \u00e0 empresa, o que inviabiliza a suspens\u00e3o imediata dos pagamentos. Sendo assim, o TCM-BA indeferiu a medida cautelar, determinando que o prefeito Fabr\u00edcio Oliveira e a secret\u00e1ria Ana Cristina Silva sejam notificados para apresentar justificativas em at\u00e9 20 dias.<\/p>\n\n\n\n<h2 class=\"wp-block-heading\">Ambul\u00e2ncias<\/h2>\n\n\n\n<p>O TCM tamb\u00e9m deferiu medida cautelar para suspender o preg\u00e3o eletr\u00f4nico, o qual previa a contrata\u00e7\u00e3o de empresa para loca\u00e7\u00e3o de&nbsp;<a href=\"https:\/\/atarde.com.br\/tags\/ambulancias\" target=\"_blank\" rel=\"noreferrer noopener\">ambul\u00e2ncias&nbsp;<\/a>com condutor e t\u00e9cnico de enfermagem, destinadas ao transporte de pacientes do Hospital Municipal Professor Magalh\u00e3es Neto para a unidades de refer\u00eancia, via Sistema SUREM e Tratamento Fora do Domic\u00edlio (TFD).<\/p>\n\n\n\n<p>A decis\u00e3o foi movida ap\u00f3s ind\u00edcios de irregularidades no edital, denunciadas pela empresa &#8216;Meira Servi\u00e7os Ltda&#8217;.<\/p>\n\n\n\n<p>De acordo com a den\u00fancia, a gest\u00e3o municipal respondeu fora do prazo legal a uma impugna\u00e7\u00e3o ao edital e n\u00e3o teria apresentado justificativa motivada para rejeitar os questionamentos.<\/p>\n\n\n\n<p>A empresa questiona que o fato viola a Lei e princ\u00edpios constitucionais aplic\u00e1veis \u00e0s licita\u00e7\u00f5es p\u00fablicas, comprometendo a lisura do processo. O \u00f3rg\u00e3o determinou a imediata suspens\u00e3o do certame at\u00e9 o julgamento final da den\u00fancia.<\/p>\n\n\n\n<p>A reportagem procurou a Prefeitura de Brumado e ainda aguarda resposta aos questionamentos.<\/p>\n\n\n\n<p>Atarde<\/p>\n","protected":false},"excerpt":{"rendered":"<p>Uma licita\u00e7\u00e3o da prefeitura de&nbsp;Brumado, sudoeste da Bahia, gest\u00e3o do prefeito Fabricio Abrantes (Avante),&nbsp;com o objetivo da contrata\u00e7\u00e3o de loca\u00e7\u00e3o de ve\u00edculos para a Secretaria Municipal de Sa\u00fade, foi suspenso pelo Tribunal de Contas dos Munic\u00edpios da Bahia (TCM-BA). A decis\u00e3o veio ap\u00f3s den\u00fancia da empresa &#8216;Acesse Transportes Loca\u00e7\u00f5es e Servi\u00e7os Ltda&#8217;, a qual apontou [&hellip;]<\/p>\n","protected":false},"author":2,"featured_media":38142,"comment_status":"open","ping_status":"open","sticky":false,"template":"","format":"standard","meta":{"_jetpack_memberships_contains_paid_content":false,"footnotes":""},"categories":[3],"tags":[],"class_list":["post-38141","post","type-post","status-publish","format-standard","has-post-thumbnail","hentry","category-regional"],"aioseo_notices":[],"jetpack_featured_media_url":"https:\/\/i0.wp.com\/minutobahia24h.com.br\/wp-content\/uploads\/2025\/11\/Sem-titulo-238.jpg?fit=753%2C500&ssl=1","jetpack_sharing_enabled":true,"_links":{"self":[{"href":"https:\/\/minutobahia24h.com.br\/index.php?rest_route=\/wp\/v2\/posts\/38141","targetHints":{"allow":["GET"]}}],"collection":[{"href":"https:\/\/minutobahia24h.com.br\/index.php?rest_route=\/wp\/v2\/posts"}],"about":[{"href":"https:\/\/minutobahia24h.com.br\/index.php?rest_route=\/wp\/v2\/types\/post"}],"author":[{"embeddable":true,"href":"https:\/\/minutobahia24h.com.br\/index.php?rest_route=\/wp\/v2\/users\/2"}],"replies":[{"embeddable":true,"href":"https:\/\/minutobahia24h.com.br\/index.php?rest_route=%2Fwp%2Fv2%2Fcomments&post=38141"}],"version-history":[{"count":1,"href":"https:\/\/minutobahia24h.com.br\/index.php?rest_route=\/wp\/v2\/posts\/38141\/revisions"}],"predecessor-version":[{"id":38143,"href":"https:\/\/minutobahia24h.com.br\/index.php?rest_route=\/wp\/v2\/posts\/38141\/revisions\/38143"}],"wp:featuredmedia":[{"embeddable":true,"href":"https:\/\/minutobahia24h.com.br\/index.php?rest_route=\/wp\/v2\/media\/38142"}],"wp:attachment":[{"href":"https:\/\/minutobahia24h.com.br\/index.php?rest_route=%2Fwp%2Fv2%2Fmedia&parent=38141"}],"wp:term":[{"taxonomy":"category","embeddable":true,"href":"https:\/\/minutobahia24h.com.br\/index.php?rest_route=%2Fwp%2Fv2%2Fcategories&post=38141"},{"taxonomy":"post_tag","embeddable":true,"href":"https:\/\/minutobahia24h.com.br\/index.php?rest_route=%2Fwp%2Fv2%2Ftags&post=38141"}],"curies":[{"name":"wp","href":"https:\/\/api.w.org\/{rel}","templated":true}]}}