{"id":37969,"date":"2025-11-18T07:43:29","date_gmt":"2025-11-18T10:43:29","guid":{"rendered":"https:\/\/minutobahia24h.com.br\/?p=37969"},"modified":"2025-11-18T07:43:31","modified_gmt":"2025-11-18T10:43:31","slug":"tropas-insuficientes-floresta-densa-e-terreno-acidentado-por-que-invadir-a-venezuela-por-terra-pode-ser-inviavel-para-os-eua-agora","status":"publish","type":"post","link":"https:\/\/minutobahia24h.com.br\/?p=37969","title":{"rendered":"Tropas insuficientes, floresta densa e terreno acidentado: por que invadir a Venezuela por terra pode ser invi\u00e1vel para os EUA agora"},"content":{"rendered":"<div class=\"wp-block-image\">\n<figure class=\"aligncenter size-full\"><img data-recalc-dims=\"1\" fetchpriority=\"high\" decoding=\"async\" width=\"800\" height=\"600\" src=\"https:\/\/i0.wp.com\/minutobahia24h.com.br\/wp-content\/uploads\/2025\/11\/Sem-titulo-191.jpg?resize=800%2C600&#038;ssl=1\" alt=\"\" class=\"wp-image-37970\" srcset=\"https:\/\/i0.wp.com\/minutobahia24h.com.br\/wp-content\/uploads\/2025\/11\/Sem-titulo-191.jpg?w=984&amp;ssl=1 984w, https:\/\/i0.wp.com\/minutobahia24h.com.br\/wp-content\/uploads\/2025\/11\/Sem-titulo-191.jpg?resize=300%2C225&amp;ssl=1 300w, https:\/\/i0.wp.com\/minutobahia24h.com.br\/wp-content\/uploads\/2025\/11\/Sem-titulo-191.jpg?resize=768%2C576&amp;ssl=1 768w, https:\/\/i0.wp.com\/minutobahia24h.com.br\/wp-content\/uploads\/2025\/11\/Sem-titulo-191.jpg?resize=750%2C563&amp;ssl=1 750w\" sizes=\"(max-width: 800px) 100vw, 800px\" \/><figcaption class=\"wp-element-caption\">Imagem mostra o presidente dos EUA, Donald Trump (E), em Washington, DC, em 9 de julho de 2025, e o presidente venezuelano, Nicol\u00e1s Maduro (D), em Caracas, em 31 de julho de 2024. \u2014 Foto: AFP\/Jim Watson<br><\/figcaption><\/figure>\n<\/div>\n\n\n<p>O presidente dos\u00a0<a class=\"\" href=\"https:\/\/g1.globo.com\/tudo-sobre\/estados-unidos\/\">Estados Unidos<\/a>,\u00a0<a class=\"\" href=\"https:\/\/g1.globo.com\/tudo-sobre\/donald-trump\/\">Donald Trump<\/a>, afirmou nesta segunda-feira (17) que n\u00e3o descarta enviar tropas para a\u00a0<a class=\"\" href=\"https:\/\/g1.globo.com\/tudo-sobre\/venezuela\/\">Venezuela<\/a>. Especialistas do setor militar, por\u00e9m, consideram invi\u00e1vel uma invas\u00e3o terrestre ao pa\u00eds neste momento, principalmente por fatores geogr\u00e1ficos e log\u00edsticos.<\/p>\n\n\n\n<p><strong>\u25b6\ufe0f Contexto:<\/strong>&nbsp;Desde agosto, os Estados Unidos t\u00eam mobilizado um forte aparato militar no Caribe, em uma opera\u00e7\u00e3o que a Casa Branca diz ser voltada ao combate ao tr\u00e1fico internacional de drogas.<\/p>\n\n\n\n<ul class=\"wp-block-list\">\n<li>A movimenta\u00e7\u00e3o come\u00e7ou pouco depois de os EUA dobrarem para\u00a0<strong>US$ 50 milh\u00f5es\u00a0<\/strong>a recompensa por informa\u00e7\u00f5es que levem \u00e0 pris\u00e3o ou condena\u00e7\u00e3o do presidente venezuelano,\u00a0<a class=\"\" href=\"https:\/\/g1.globo.com\/tudo-sobre\/nicolas-maduro\/\">Nicol\u00e1s Maduro<\/a>.<\/li>\n\n\n\n<li>Ele \u00e9 acusado pelo governo americano de chefiar o\u00a0<strong>Cartel de los Soles<\/strong>, grupo recentemente classificado como organiza\u00e7\u00e3o terrorista internacional.<\/li>\n\n\n\n<li>Nesse contexto, Maduro poderia ser considerado um\u00a0<strong>alvo leg\u00edtimo<\/strong>\u00a0em eventuais ataques contra cart\u00e9is.<\/li>\n\n\n\n<li>Autoridades da Casa Branca disseram \u00e0 imprensa americana acreditar que o objetivo final da opera\u00e7\u00e3o seria\u00a0<strong>retirar Maduro do poder<\/strong>.<\/li>\n<\/ul>\n\n\n\n<p>\ud83d\udea2 Atualmente, v\u00e1rios navios de guerra dos EUA, aeronaves e o maior porta-avi\u00f5es do mundo est\u00e3o posicionados no Caribe. Nos \u00faltimos dois meses, esse aparato militar&nbsp;<strong>bombardeou mais de 20 embarca\u00e7\u00f5es suspeitas&nbsp;<\/strong>de transportar drogas, deixando mais de 70 mortos.<\/p>\n\n\n\n<p>Desde outubro, Trump vem afirmando que considera&nbsp;<a class=\"\" href=\"https:\/\/g1.globo.com\/mundo\/noticia\/2025\/10\/23\/sem-citar-diretamente-a-venezuela-trump-diz-fara-acao-terrestre-contra-carteis-em-breve.ghtml\">realizar ataques terrestres<\/a>&nbsp;contra estruturas ligadas ao narcotr\u00e1fic<a class=\"\" href=\"https:\/\/g1.globo.com\/mundo\/noticia\/2025\/10\/23\/sem-citar-diretamente-a-venezuela-trump-diz-fara-acao-terrestre-contra-carteis-em-breve.ghtml\">o<\/a>, sem citar pa\u00edses. Nesta segunda, por\u00e9m, ele deixou claro que a&nbsp;<a class=\"\" href=\"https:\/\/g1.globo.com\/mundo\/noticia\/2025\/11\/17\/trump-diz-que-nao-descarta-mandar-tropas-dos-eua-para-a-venezuela-nada-esta-descartado.ghtml\">Venezuela pode estar entre os alvos<\/a>, ao ser questionado sobre uma poss\u00edvel invas\u00e3o por terra.<\/p>\n\n\n\n<blockquote class=\"wp-block-quote is-layout-flow wp-block-quote-is-layout-flow\">\n<p>\u201cNada est\u00e1 descartado\u201d, disse. \u201cTemos que dar um jeito na quest\u00e3o da Venezuela. Eles despejaram centenas de milhares de pessoas em nosso pa\u00eds, das pris\u00f5es.\u201d<\/p>\n<\/blockquote>\n\n\n\n<p>\ud83d\udd0e Por outro lado, para&nbsp;<strong>Maur\u00edcio Santoro<\/strong>, doutor em Ci\u00eancia Pol\u00edtica pelo Iuperj e colaborador do Centro de Estudos Pol\u00edtico-Estrat\u00e9gicos da Marinha do Brasil, uma invas\u00e3o terrestre \u00e0 Venezuela&nbsp;<strong>seria invi\u00e1vel<\/strong>&nbsp;neste momento.<\/p>\n\n\n\n<ul class=\"wp-block-list\">\n<li>Segundo ele, ainda<strong>\u00a0n\u00e3o h\u00e1 tropas suficientes\u00a0<\/strong>no Caribe para sustentar uma opera\u00e7\u00e3o dessa escala.<\/li>\n\n\n\n<li>Santoro explica que a Venezuela tem um\u00a0<strong>territ\u00f3rio extenso e de dif\u00edcil acesso<\/strong>, o que exigiria um grande esfor\u00e7o militar.<\/li>\n<\/ul>\n\n\n\n<p>\ud83d\udde3\ufe0f Enquanto isso, Maduro afirmou estar pronto para uma conversa&nbsp;<a class=\"\" href=\"https:\/\/g1.globo.com\/mundo\/noticia\/2025\/11\/17\/maduro-conversa-trump.ghtml\">\u201ccara a cara\u201d com Trump<\/a>. O presidente dos Estados Unidos sinalizou que pode abrir di\u00e1logo com a Venezuela.<\/p>\n\n\n\n<p><strong>Nesta reportagem voc\u00ea vai entender:<\/strong><\/p>\n\n\n\n<ol class=\"wp-block-list\">\n<li><a class=\"\" href=\"https:\/\/g1.globo.com\/mundo\/noticia\/2025\/11\/18\/tropas-insuficientes-floresta-densa-e-terreno-acidentado-por-que-invadir-a-venezuela-por-terra-pode-ser-inviavel-para-os-eua-agora.ghtml#1\">As dificuldades de uma invas\u00e3o na Venezuela<\/a><\/li>\n\n\n\n<li><a class=\"\" href=\"https:\/\/g1.globo.com\/mundo\/noticia\/2025\/11\/18\/tropas-insuficientes-floresta-densa-e-terreno-acidentado-por-que-invadir-a-venezuela-por-terra-pode-ser-inviavel-para-os-eua-agora.ghtml#2\">O refor\u00e7o do maior porta-avi\u00f5es do mundo<\/a><\/li>\n\n\n\n<li><a class=\"\" href=\"https:\/\/g1.globo.com\/mundo\/noticia\/2025\/11\/18\/tropas-insuficientes-floresta-densa-e-terreno-acidentado-por-que-invadir-a-venezuela-por-terra-pode-ser-inviavel-para-os-eua-agora.ghtml#3\">A possibilidade de uma sa\u00edda diplom\u00e1tica<\/a><\/li>\n<\/ol>\n\n\n\n<figure class=\"wp-block-image\"><img data-recalc-dims=\"1\" decoding=\"async\" src=\"https:\/\/i0.wp.com\/s2-g1.glbimg.com\/WcP8Qxuh-Hkvqyl31yZp9ejd9Og%3D\/0x0%3A1200x3159\/984x0\/smart\/filters%3Astrip_icc%28%29\/i.s3.glbimg.com\/v1\/AUTH_59edd422c0c84a879bd37670ae4f538a\/internal_photos\/bs\/2025\/B\/n\/BbzaGpQ6mvzvXPEkslLQ\/251117-info-os-desafios-para-invadir-a-venezuela.jpg?w=800&#038;ssl=1\" alt=\"Tropas insuficientes, floresta densa e terreno acidentado: por que invadir a Venezuela por terra pode ser invi\u00e1vel para os EUA agora \u2014 Foto: Arte\/g1\"\/><\/figure>\n\n\n\n<p>Tropas insuficientes, floresta densa e terreno acidentado: por que invadir a Venezuela por terra pode ser invi\u00e1vel para os EUA agora \u2014 Foto: Arte\/g1<\/p>\n\n\n\n<h2 class=\"wp-block-heading\">Terreno dif\u00edcil<\/h2>\n\n\n\n<figure class=\"wp-block-image\"><img data-recalc-dims=\"1\" decoding=\"async\" src=\"https:\/\/i0.wp.com\/s2-g1.glbimg.com\/s8pEmAXHrGoO6Fz0boj7MgT4LY8%3D\/0x0%3A3000x2000\/984x0\/smart\/filters%3Astrip_icc%28%29\/i.s3.glbimg.com\/v1\/AUTH_59edd422c0c84a879bd37670ae4f538a\/internal_photos\/bs\/2025\/6\/B\/RWfDsAQpieZhGdUL5bnw\/2025-08-28t234334z-1860371954-rc2jgga0twws-rtrmadp-3-usa-military-caribbean-venezuela.jpg?w=800&#038;ssl=1\" alt=\"Presidente da Venezuela, Nicol\u00e1s Maduro, aparece de farda militar ao caminhar com integrantes do governo e tropas em Caracas em 28 de agosto de 2025. \u2014 Foto: Presid\u00eancia da Venezuela via REUTERS\"\/><\/figure>\n\n\n\n<p>Presidente da Venezuela, Nicol\u00e1s Maduro, aparece de farda militar ao caminhar com integrantes do governo e tropas em Caracas em 28 de agosto de 2025. \u2014 Foto: Presid\u00eancia da Venezuela via REUTERS<\/p>\n\n\n\n<p>As caracter\u00edsticas do territ\u00f3rio venezuelano representam um desafio para opera\u00e7\u00f5es militares de grande escala. O tamanho do pa\u00eds, o relevo acidentado e a presen\u00e7a de florestas densas s\u00e3o fatores decisivos no planejamento de uma eventual invas\u00e3o.<\/p>\n\n\n\n<ul class=\"wp-block-list\">\n<li>A Venezuela tem\u00a0<strong>916.445 km\u00b2<\/strong>, uma \u00e1rea ligeiramente superior \u00e0 do estado de Mato Grosso, o terceiro maior do Brasil.<\/li>\n\n\n\n<li>O territ\u00f3rio \u00e9 marcado por duas cordilheiras: os\u00a0<strong>Andes<\/strong>\u00a0e a de\u00a0<strong>M\u00e9rida<\/strong>. Elas formam uma barreira natural no noroeste do pa\u00eds. A capital, Caracas, est\u00e1 a mais de 900 metros de altitude.<\/li>\n\n\n\n<li>Al\u00e9m disso, parte do territ\u00f3rio \u00e9 coberta pela<strong>\u00a0Floresta Amaz\u00f4nica<\/strong>\u00a0e pelos\u00a0<strong>Llanos<\/strong>\u00a0\u2014 extensas plan\u00edcies que alagam durante o per\u00edodo de chuvas.<\/li>\n<\/ul>\n\n\n\n<p>\ud83d\udd0e Maur\u00edcio Santoro explica que, em uma eventual invas\u00e3o americana \u00e0 Venezuela, tropas leais ao regime de Nicol\u00e1s Maduro&nbsp;poderiam recuar para \u00e1reas isoladas e resistir \u00e0 ofensiva.<\/p>\n\n\n\n<p>Al\u00e9m disso, seria necess\u00e1rio garantir o&nbsp;<strong>controle da ordem p\u00fablica<\/strong>, inclusive em grandes cidades como Caracas, que tem mais de 2 milh\u00f5es de habitantes. Tudo isso exigiria um grande n\u00famero de soldados.<\/p>\n\n\n\n<p>\u274c Para Santoro, o n\u00famero atual de militares que os Estados Unidos mant\u00eam no Caribe&nbsp;<strong>\u00e9 insuficiente<\/strong>&nbsp;para uma invas\u00e3o em larga escala.<\/p>\n\n\n\n<ul class=\"wp-block-list\">\n<li>Dados do Centro de Estudos Estrat\u00e9gicos e Internacionais (CSIS) apontam que h\u00e1 cerca de\u00a0<strong>13 mil militares\u00a0<\/strong>norte-americanos atualmente no Caribe.<\/li>\n\n\n\n<li>O mesmo estudo estima que seriam necess\u00e1rios ao menos\u00a0<strong>50 mil soldados<\/strong>\u00a0para uma invas\u00e3o, ou at\u00e9\u00a0<strong>150 mil\u00a0<\/strong>para uma a\u00e7\u00e3o mais ampla e duradoura.<\/li>\n<\/ul>\n\n\n\n<p>\u201cQuando os americanos invadiram o Iraque, usaram cerca de 100 mil soldados. Esse n\u00famero foi considerado baixo na \u00e9poca, mas acreditava-se que, com as mudan\u00e7as tecnol\u00f3gicas, seria poss\u00edvel ocupar um pa\u00eds daquele tamanho. A realidade se mostrou bem mais complicada\u201d, afirma Santoro.<\/p>\n\n\n\n<blockquote class=\"wp-block-quote is-layout-flow wp-block-quote-is-layout-flow\">\n<p>\u201cPara compara\u00e7\u00e3o, quando os americanos invadiram o Panam\u00e1, em 1989, foram algo em torno de 25 mil soldados. E o Panam\u00e1 tem menos de 10% do tamanho da Venezuela.\u201d<\/p>\n<\/blockquote>\n\n\n\n<p>Segundo o professor, em um cen\u00e1rio mais prov\u00e1vel, os Estados Unidos poderiam ocupar ilhas pr\u00f3ximas ao litoral venezuelano ou tentar tomar portos estrat\u00e9gicos, com o objetivo de restringir o acesso do pa\u00eds ao mar.<\/p>\n\n\n\n<p><a class=\"\" href=\"https:\/\/g1.globo.com\/mundo\/noticia\/2025\/11\/18\/tropas-insuficientes-floresta-densa-e-terreno-acidentado-por-que-invadir-a-venezuela-por-terra-pode-ser-inviavel-para-os-eua-agora.ghtml#0\"><em>Voltar ao in\u00edcio.<\/em><\/a><\/p>\n\n\n\n<h2 class=\"wp-block-heading\">Refor\u00e7o<\/h2>\n\n\n\n<figure class=\"wp-block-image\"><img data-recalc-dims=\"1\" decoding=\"async\" src=\"https:\/\/i0.wp.com\/s2-g1.glbimg.com\/sdd7ADP1WCaW_eQL-WraUVxPajk%3D\/0x0%3A1000x714\/984x0\/smart\/filters%3Astrip_icc%28%29\/i.s3.glbimg.com\/v1\/AUTH_59edd422c0c84a879bd37670ae4f538a\/internal_photos\/bs\/2025\/B\/R\/JSj0FhRxannDcEWs2Gcw\/1000w-q95-8-.webp?w=800&#038;ssl=1\" alt=\"Porta-avi\u00f5es USS Gerald Ford, navio principal do grupo de ataque USS Gerald Ford da Marinha dos Estados Unidos. \u2014 Foto: Alyssa Joy\/Marinha dos Estados Unidos\"\/><\/figure>\n\n\n\n<p>Porta-avi\u00f5es USS Gerald Ford, navio principal do grupo de ataque USS Gerald Ford da Marinha dos Estados Unidos. \u2014 Foto: Alyssa Joy\/Marinha dos Estados Unidos<\/p>\n\n\n\n<p>Se uma invas\u00e3o terrestre completa parece improv\u00e1vel neste momento, os Estados Unidos j\u00e1 estariam prontos para outros tipos de opera\u00e7\u00e3o contra a Venezuela, como ataques a\u00e9reos.<\/p>\n\n\n\n<ul class=\"wp-block-list\">\n<li>Atualmente, os EUA realizam<strong>\u00a0bombardeios contra embarca\u00e7\u00f5es<\/strong>\u00a0suspeitas de transportar drogas no Caribe e no Oceano Pac\u00edfico.<\/li>\n\n\n\n<li>Segundo o CSIS, atualmente, cerca de\u00a0<strong>170 m\u00edsseis Tomahawk<\/strong>\u00a0\u2014 de longo alcance \u2014 est\u00e3o posicionados no Caribe. Esse n\u00famero \u00e9 semelhante ao usado na interven\u00e7\u00e3o na L\u00edbia, em 2011.<\/li>\n\n\n\n<li>Al\u00e9m disso,\u00a0<strong>milhares de m\u00edsseis de outros modelos<\/strong>, incluindo de curto e m\u00e9dio alcance, tamb\u00e9m est\u00e3o concentrados na regi\u00e3o.<\/li>\n<\/ul>\n\n\n\n<p>Esse arsenal foi refor\u00e7ado com a&nbsp;<a class=\"\" href=\"https:\/\/g1.globo.com\/mundo\/noticia\/2025\/11\/16\/porta-avioes-eua-caribe-trump-venezuela.ghtml\">chegada do porta-avi\u00f5es USS Gerald Ford ao Mar do Caribe<\/a>. Considerado o maior porta-avi\u00f5es do mundo, ele est\u00e1 acompanhado de um grupo de ataque formado por tr\u00eas destr\u00f3ieres, esquadr\u00f5es de ca\u00e7as F-18 e helic\u00f3pteros.<\/p>\n\n\n\n<ul class=\"wp-block-list\">\n<li>O porta-avi\u00f5es tem capacidade para abrigar at\u00e9\u00a0<strong>90 aeronaves<\/strong>, entre ca\u00e7as e helic\u00f3pteros.<\/li>\n\n\n\n<li>A embarca\u00e7\u00e3o tamb\u00e9m conta com uma pista de pouso e decolagem que tem \u00e1rea\u00a0<strong>tr\u00eas vezes maior que o gramado do Maracan\u00e3<\/strong>.<\/li>\n<\/ul>\n\n\n\n<p>Santoro explica que o atual poderio militar americano no Caribe n\u00e3o tem paralelo desde a d\u00e9cada de 1960. Segundo ele, s\u00f3 o USS Gerald Ford, sozinho, tem mais avia\u00e7\u00e3o de ca\u00e7a do que toda a For\u00e7a A\u00e9rea Brasileira.<\/p>\n\n\n\n<blockquote class=\"wp-block-quote is-layout-flow wp-block-quote-is-layout-flow\">\n<p>\u201c\u00c9 muita coisa que os americanos mobilizaram para l\u00e1. \u00c9 muito caro manter esse aparato em funcionamento. Acho dif\u00edcil acreditar que ele esteja ali por acaso. \u00c9 uma quest\u00e3o de tempo, e n\u00e3o deve demorar muito at\u00e9 vermos esses ataques acontecerem.\u201d<\/p>\n<\/blockquote>\n\n\n\n<figure class=\"wp-block-image\"><img data-recalc-dims=\"1\" decoding=\"async\" src=\"https:\/\/i0.wp.com\/s2-g1.glbimg.com\/JBA7sl4BPfK01TZJlYRayUdPJqk%3D\/0x0%3A1200x2588\/984x0\/smart\/filters%3Astrip_icc%28%29\/i.s3.glbimg.com\/v1\/AUTH_59edd422c0c84a879bd37670ae4f538a\/internal_photos\/bs\/2025\/O\/w\/aPPcVAT2eOqjQPbqOCjQ\/251024-info-uss-gerald-ford.jpg?w=800&#038;ssl=1\" alt=\"Conhe\u00e7a o USS Gerald Ford, maior porta-avi\u00f5es do mundo e o mais avan\u00e7ado da Marinha dos Estados Unidos. \u2014 Foto: Gui Sousa\/Arte g1\"\/><\/figure>\n\n\n\n<p>Conhe\u00e7a o USS Gerald Ford, maior porta-avi\u00f5es do mundo e o mais avan\u00e7ado da Marinha dos Estados Unidos. \u2014 Foto: Gui Sousa\/Arte g1<\/p>\n\n\n\n<p><a class=\"\" href=\"https:\/\/g1.globo.com\/mundo\/noticia\/2025\/11\/18\/tropas-insuficientes-floresta-densa-e-terreno-acidentado-por-que-invadir-a-venezuela-por-terra-pode-ser-inviavel-para-os-eua-agora.ghtml#0\"><em>Voltar ao in\u00edcio.<\/em><\/a><\/p>\n\n\n\n<h2 class=\"wp-block-heading\">Sa\u00edda diplom\u00e1tica?<\/h2>\n\n\n\n<p>No domingo (16), Trump afirmou que poderia conversar Nicol\u00e1s Maduro, mas n\u00e3o deu detalhes sobre como esse di\u00e1logo ocorreria nem o que poderia ser negociado. Segundo ele, a Venezuela demonstrou interesse em falar com os Estados Unidos.<\/p>\n\n\n\n<blockquote class=\"wp-block-quote is-layout-flow wp-block-quote-is-layout-flow\">\n<p>\u201cPoder\u00edamos ter algumas discuss\u00f5es com Maduro e ver o que acontece. Eles gostariam de conversar. O que isso significa? Voc\u00ea me diz, eu n\u00e3o sei&#8230; Eu conversaria com qualquer um.\u201d<\/p>\n<\/blockquote>\n\n\n\n<p>No dia seguinte, ao afirmar que n\u00e3o descartava enviar tropas \u00e0 Venezuela, Trump voltou a dizer que poderia conversar com Maduro e que \u00e9 necess\u00e1rio&nbsp;<a class=\"\" href=\"https:\/\/g1.globo.com\/mundo\/noticia\/2025\/11\/17\/trump-diz-que-nao-descarta-mandar-tropas-dos-eua-para-a-venezuela-nada-esta-descartado.ghtml\">resolver a \u201cquest\u00e3o\u201d do pa\u00eds<\/a>.<\/p>\n\n\n\n<p>Em resposta, Maduro declarou que est\u00e1 pronto para uma&nbsp;<a class=\"\" href=\"https:\/\/g1.globo.com\/mundo\/noticia\/2025\/11\/17\/maduro-conversa-trump.ghtml\">conversa \u201ccara a cara\u201d<\/a>&nbsp;com o presidente americano. As declara\u00e7\u00f5es foram feitas durante o programa de televis\u00e3o semanal que ele apresenta em uma emissora estatal.<\/p>\n\n\n\n<blockquote class=\"wp-block-quote is-layout-flow wp-block-quote-is-layout-flow\">\n<p>\u201cEste pa\u00eds est\u00e1 em paz, este pa\u00eds vai continuar em paz, e, nos Estados Unidos, quem quiser falar com a Venezuela vai conversar &#8216;face to face&#8217;, cara a cara, sem nenhum problema\u201d, afirmou.<\/p>\n<\/blockquote>\n\n\n\n<p>Para Maur\u00edcio Santoro, o desfecho ideal para o governo Trump na quest\u00e3o venezuelana seria uma transi\u00e7\u00e3o de poder negociada \u2014 com a ren\u00fancia de Maduro ou sua derrubada por um golpe militar interno.<\/p>\n\n\n\n<ul class=\"wp-block-list\">\n<li>O professor avalia que um acordo negociado poderia garantir a sa\u00edda segura de Maduro, de sua fam\u00edlia e de membros da c\u00fapula do regime, com ex\u00edlio em pa\u00edses aliados, como R\u00fassia ou Cuba.<\/li>\n\n\n\n<li>Ainda segundo ele, Trump enfrenta press\u00f5es internas de comunidades latino-americanas nos Estados Unidos, que cobram a\u00e7\u00f5es mais firmes contra o regime.<\/li>\n\n\n\n<li>Um recuo agora seria visto como rev\u00e9s pol\u00edtico para a Casa Branca, que criou grandes expectativas entre esses grupos.<\/li>\n<\/ul>\n\n\n\n<p>\u201cPor enquanto, o cen\u00e1rio que se desenha \u00e9 de que a c\u00fapula do regime de Maduro deve permanecer na Venezuela at\u00e9 o fim. Mas, claro, estamos especulando. Talvez, quando as primeiras bombas ca\u00edrem, eles entrem em um avi\u00e3o e fujam\u201d, analisa Santoro.<\/p>\n","protected":false},"excerpt":{"rendered":"<p>O presidente dos\u00a0Estados Unidos,\u00a0Donald Trump, afirmou nesta segunda-feira (17) que n\u00e3o descarta enviar tropas para a\u00a0Venezuela. Especialistas do setor militar, por\u00e9m, consideram invi\u00e1vel uma invas\u00e3o terrestre ao pa\u00eds neste momento, principalmente por fatores geogr\u00e1ficos e log\u00edsticos. \u25b6\ufe0f Contexto:&nbsp;Desde agosto, os Estados Unidos t\u00eam mobilizado um forte aparato militar no Caribe, em uma opera\u00e7\u00e3o que a [&hellip;]<\/p>\n","protected":false},"author":2,"featured_media":37970,"comment_status":"open","ping_status":"open","sticky":false,"template":"","format":"standard","meta":{"_jetpack_memberships_contains_paid_content":false,"footnotes":""},"categories":[15],"tags":[],"class_list":["post-37969","post","type-post","status-publish","format-standard","has-post-thumbnail","hentry","category-mundo"],"aioseo_notices":[],"jetpack_featured_media_url":"https:\/\/i0.wp.com\/minutobahia24h.com.br\/wp-content\/uploads\/2025\/11\/Sem-titulo-191.jpg?fit=984%2C738&ssl=1","jetpack_sharing_enabled":true,"_links":{"self":[{"href":"https:\/\/minutobahia24h.com.br\/index.php?rest_route=\/wp\/v2\/posts\/37969","targetHints":{"allow":["GET"]}}],"collection":[{"href":"https:\/\/minutobahia24h.com.br\/index.php?rest_route=\/wp\/v2\/posts"}],"about":[{"href":"https:\/\/minutobahia24h.com.br\/index.php?rest_route=\/wp\/v2\/types\/post"}],"author":[{"embeddable":true,"href":"https:\/\/minutobahia24h.com.br\/index.php?rest_route=\/wp\/v2\/users\/2"}],"replies":[{"embeddable":true,"href":"https:\/\/minutobahia24h.com.br\/index.php?rest_route=%2Fwp%2Fv2%2Fcomments&post=37969"}],"version-history":[{"count":1,"href":"https:\/\/minutobahia24h.com.br\/index.php?rest_route=\/wp\/v2\/posts\/37969\/revisions"}],"predecessor-version":[{"id":37971,"href":"https:\/\/minutobahia24h.com.br\/index.php?rest_route=\/wp\/v2\/posts\/37969\/revisions\/37971"}],"wp:featuredmedia":[{"embeddable":true,"href":"https:\/\/minutobahia24h.com.br\/index.php?rest_route=\/wp\/v2\/media\/37970"}],"wp:attachment":[{"href":"https:\/\/minutobahia24h.com.br\/index.php?rest_route=%2Fwp%2Fv2%2Fmedia&parent=37969"}],"wp:term":[{"taxonomy":"category","embeddable":true,"href":"https:\/\/minutobahia24h.com.br\/index.php?rest_route=%2Fwp%2Fv2%2Fcategories&post=37969"},{"taxonomy":"post_tag","embeddable":true,"href":"https:\/\/minutobahia24h.com.br\/index.php?rest_route=%2Fwp%2Fv2%2Ftags&post=37969"}],"curies":[{"name":"wp","href":"https:\/\/api.w.org\/{rel}","templated":true}]}}