{"id":37938,"date":"2025-11-18T06:59:08","date_gmt":"2025-11-18T09:59:08","guid":{"rendered":"https:\/\/minutobahia24h.com.br\/?p=37938"},"modified":"2025-11-18T06:59:09","modified_gmt":"2025-11-18T09:59:09","slug":"acusado-de-homicidio-doloso-na-cidade-de-itiuba-foi-preso-pela-policia-civil","status":"publish","type":"post","link":"https:\/\/minutobahia24h.com.br\/?p=37938","title":{"rendered":"Acusado de homic\u00eddio doloso na cidade de Iti\u00faba foi preso pela Pol\u00edcia Civil"},"content":{"rendered":"<div class=\"wp-block-image\">\n<figure class=\"aligncenter size-full is-resized\"><img data-recalc-dims=\"1\" fetchpriority=\"high\" decoding=\"async\" width=\"239\" height=\"211\" src=\"https:\/\/i0.wp.com\/minutobahia24h.com.br\/wp-content\/uploads\/2025\/11\/Sem-titulo-180.jpg?resize=239%2C211&#038;ssl=1\" alt=\"\" class=\"wp-image-37939\" style=\"width:345px;height:auto\"\/><\/figure>\n<\/div>\n\n\n<p>A Pol\u00edcia Civil da Bahia atrav\u00e9s da Delegacia de Iti\u00faba-BA, deu cumprimento nesta data de 17\/11\/2025 ao Mandado de Pris\u00e3o do nacional A.O.S. por envolvimento em crime de homic\u00eddio doloso consumado e tentado na cidade de Iti\u00faba-BA.<\/p>\n\n\n\n<p>Entenda o caso: O fato aconteceu em 07\/06\/2025, por volta das 01h40min, quando as v\u00edtimas WELTON MENDES COSTA e JEFFERSON COSTA BANDEIRA foram assassinados com disparos de arma de fogo, e a v\u00edtima ARIOSVALDO PEREIRA LOPES BISNETO ficou ferido no local, fato ocorrido no bairro do Alto nesta cidade.&nbsp;<\/p>\n\n\n\n<p>Logo ap\u00f3s o crime, a Pol\u00edcia Civil empreendeu dilig\u00eancias por meio da equipe do plant\u00e3o extraordin\u00e1rio da 19\u00aa COORPIN, fornecendo subs\u00eddios para que a Delegacia Territorial de Iti\u00faba promovesse a respectiva representa\u00e7\u00e3o por pris\u00e3o que foi deferida pelo Poder Judici\u00e1rio.<\/p>\n\n\n\n<p>O suspeito permaneceu foragido at\u00e9 esta data, sendo hoje capturado e levado ao c\u00e1rcere.<\/p>\n\n\n\n<p>Ap\u00f3s as provid\u00eancias legais, o preso foi encaminhado ao Conjunto Penal de Juazeiro-BA ficando \u00e0 disposi\u00e7\u00e3o do Ju\u00edzo da Comarca de Iti\u00faba-BA.<\/p>\n\n\n\n<p>*Fonte:&nbsp; DT de Iti\u00faba-BA*<\/p>\n","protected":false},"excerpt":{"rendered":"<p>A Pol\u00edcia Civil da Bahia atrav\u00e9s da Delegacia de Iti\u00faba-BA, deu cumprimento nesta data de 17\/11\/2025 ao Mandado de Pris\u00e3o do nacional A.O.S. por envolvimento em crime de homic\u00eddio doloso consumado e tentado na cidade de Iti\u00faba-BA. Entenda o caso: O fato aconteceu em 07\/06\/2025, por volta das 01h40min, quando as v\u00edtimas WELTON MENDES COSTA [&hellip;]<\/p>\n","protected":false},"author":2,"featured_media":37939,"comment_status":"open","ping_status":"open","sticky":false,"template":"","format":"standard","meta":{"_jetpack_memberships_contains_paid_content":false,"footnotes":""},"categories":[3],"tags":[],"class_list":["post-37938","post","type-post","status-publish","format-standard","has-post-thumbnail","hentry","category-regional"],"aioseo_notices":[],"jetpack_featured_media_url":"https:\/\/i0.wp.com\/minutobahia24h.com.br\/wp-content\/uploads\/2025\/11\/Sem-titulo-180.jpg?fit=239%2C211&ssl=1","jetpack_sharing_enabled":true,"_links":{"self":[{"href":"https:\/\/minutobahia24h.com.br\/index.php?rest_route=\/wp\/v2\/posts\/37938","targetHints":{"allow":["GET"]}}],"collection":[{"href":"https:\/\/minutobahia24h.com.br\/index.php?rest_route=\/wp\/v2\/posts"}],"about":[{"href":"https:\/\/minutobahia24h.com.br\/index.php?rest_route=\/wp\/v2\/types\/post"}],"author":[{"embeddable":true,"href":"https:\/\/minutobahia24h.com.br\/index.php?rest_route=\/wp\/v2\/users\/2"}],"replies":[{"embeddable":true,"href":"https:\/\/minutobahia24h.com.br\/index.php?rest_route=%2Fwp%2Fv2%2Fcomments&post=37938"}],"version-history":[{"count":1,"href":"https:\/\/minutobahia24h.com.br\/index.php?rest_route=\/wp\/v2\/posts\/37938\/revisions"}],"predecessor-version":[{"id":37940,"href":"https:\/\/minutobahia24h.com.br\/index.php?rest_route=\/wp\/v2\/posts\/37938\/revisions\/37940"}],"wp:featuredmedia":[{"embeddable":true,"href":"https:\/\/minutobahia24h.com.br\/index.php?rest_route=\/wp\/v2\/media\/37939"}],"wp:attachment":[{"href":"https:\/\/minutobahia24h.com.br\/index.php?rest_route=%2Fwp%2Fv2%2Fmedia&parent=37938"}],"wp:term":[{"taxonomy":"category","embeddable":true,"href":"https:\/\/minutobahia24h.com.br\/index.php?rest_route=%2Fwp%2Fv2%2Fcategories&post=37938"},{"taxonomy":"post_tag","embeddable":true,"href":"https:\/\/minutobahia24h.com.br\/index.php?rest_route=%2Fwp%2Fv2%2Ftags&post=37938"}],"curies":[{"name":"wp","href":"https:\/\/api.w.org\/{rel}","templated":true}]}}